{"id":675584,"date":"2023-05-10T11:34:12","date_gmt":"2023-05-10T09:34:12","guid":{"rendered":"https:\/\/dailynewshungary.com\/de\/dies-wird-der-schwerpunkt-der-ungarischen-eu-ratsprasidentschaft-2024-sein\/"},"modified":"2023-05-10T11:34:12","modified_gmt":"2023-05-10T09:34:12","slug":"dies-wird-der-schwerpunkt-der-ungarischen-eu-ratsprasidentschaft-2024-sein","status":"publish","type":"post","link":"https:\/\/dailynewshungary.com\/de\/dies-wird-der-schwerpunkt-der-ungarischen-eu-ratsprasidentschaft-2024-sein\/","title":{"rendered":"Dies wird der Schwerpunkt der ungarischen EU-Ratspr\u00e4sidentschaft 2024 sein"},"content":{"rendered":"<p><strong>Die Bew\u00e4ltigung demografischer Herausforderungen werde eine Priorit\u00e4t der ungarischen Ratspr\u00e4sidentschaft der Europ\u00e4ischen Union in der zweiten Jahresh\u00e4lfte 2024 sein, sagte Justizministerin Judit Varga am Dienstag in Stra\u00dfburg.<\/strong><\/p>\n<p>Ungarn ist der Ansicht, dass die L\u00f6sung demografischer Herausforderungen eher in der Familienpolitik als in der Migration liegt <a href=\"https:\/\/www.facebook.com\/VargaJuditMinisterofJustice\/?locale=hu_HU\" target=\"_blank\" rel=\"noopener\">Varga<\/a> ungarischen Reportern nach Gespr\u00e4chen mit der Pr\u00e4sidentin des Europ\u00e4ischen Parlaments Roberta Metsola sagte die Ministerin, sie und Metsola h\u00e4tten die Priorit\u00e4ten der Zukunft Ungarns besprochen <a href=\"https:\/\/dailynewshungary.com\/de\/der-grose-britische-zuguberfall-wie-eine-15-kopfige-bande-1963-26-millionen-pfund-stahl\/\">EU<\/a> Pr\u00e4sidentschaft, unter anderem.<\/p>\n<p>W\u00e4hrend seiner Pr\u00e4sidentschaft <a href=\"https:\/\/dailynewshungary.com\/de\/der-grose-britische-zuguberfall-wie-eine-15-kopfige-bande-1963-26-millionen-pfund-stahl\/\">Ungarn<\/a> werde vorschlagen, dass die EU-Vertr\u00e4ge die Familienpolitik abdecken und dass die EU Mittel f\u00fcr das Thema bereitstellt, sagte VargaDer Block sollte auch die Familienpolitik unterst\u00fctzen, nicht nur die Migrationf\u00fcgte sie hinzu.<\/p>\n<p>Varga hob die Erweiterungspolitik auch als einen Schwerpunkt der ungarischen Pr\u00e4sidentschaft hervor und sagte, dass \u201cSerbien unbedingt in die europ\u00e4ische Gemeinschaft integriert werden muss\u201d<\/p>\n<p>Ungarn werde auch der Koh\u00e4sionspolitik verst\u00e4rkte Aufmerksamkeit widmen, sagte Varga und f\u00fcgte hinzu, dass die Politik durch die Beseitigung von Ungleichgewichten zwischen den Volkswirtschaften der Mitgliedstaaten den gesamten Block erfolgreicher gemacht habe.<\/p>\n<p>Unterdessen sagte Varga, sie habe auch Gespr\u00e4che mit der Generalsekret\u00e4rin des Europarats, Marija Pejcinovic Buric, gef\u00fchrt und die Situation ethnischer Ungarn in der westukrainischen Region Transkarpatien er\u00f6rtert.<\/p>\n<p>Ungarn unterst\u00fctze die Perspektive der Ukraine auf die EU-Integration, halte es jedoch f\u00fcr wichtig, dass ihr nord\u00f6stlicher Nachbar die in den Grundchartas festgelegten europ\u00e4ischen Normen respektiere, beispielsweise die Achtung der Rechte nationaler Minderheiten, sagte Varga.<\/p>\n<p>Die Ministerin f\u00fchrte auch Gespr\u00e4che mit Siofra O&#8217;Leary, der Pr\u00e4sidentin des Europ\u00e4ischen Gerichtshofs f\u00fcr Menschenrechte, Sie stellte fest, dass das Stra\u00dfburger Gericht k\u00fcrzlich anerkannt habe, dass Ungarns System des Rechtsbehelfs, das auf die Dauer von Zivilverfahren abzielt, f\u00fcr die Schaffung eines wirksamen innerstaatlichen Rechtsbehelfs ausreichend sei.<\/p>\n<p>Auf die Frage nach den Bedingungen der Europ\u00e4ischen Kommission f\u00fcr die Freigabe von EU-Mitteln f\u00fcr Ungarn sagte Varga, die \u201cNetzwerke bestimmter ziviler Gruppen\u201d f\u00fchlten sich unwohl angesichts der Tatsache, dass Ungarn \u201cseine Verpflichtungen erf\u00fcllt und seine Hausaufgaben macht\u201d \u201cDie Ma\u00dfnahmen funktionieren und die neu gegr\u00fcndeten Institutionen waren vorbildlich bei der Gew\u00e4hrleistung von Transparenz und der Bek\u00e4mpfung der Korruption\u201d, f\u00fcgte sie hinzu.<\/p>\n","protected":false},"excerpt":{"rendered":"<p>Die Bew\u00e4ltigung demografischer Herausforderungen werde eine Priorit\u00e4t der ungarischen Ratspr\u00e4sidentschaft der Europ\u00e4ischen Union in der zweiten Jahresh\u00e4lfte 2024 sein, sagte Justizministerin Judit Varga am Dienstag in Stra\u00dfburg. Ungarn ist der Ansicht, dass die L\u00f6sung demografischer Herausforderungen eher in der Familienpolitik als in der Migration liegt Varga ungarischen Reportern nach Gespr\u00e4chen mit der Pr\u00e4sidentin des Europ\u00e4ischen [&hellip;]<\/p>\n","protected":false},"author":33,"featured_media":675585,"comment_status":"open","ping_status":"open","sticky":false,"template":"","format":"standard","meta":{"_acf_changed":false,"_display_image":"yes","footnotes":""},"categories":[1081],"tags":[1082,1076],"class_list":["post-675584","post","type-post","status-publish","format-standard","has-post-thumbnail","hentry","category-politik","tag-europaische-union","tag-ungarn"],"blocksy_meta":[],"acf":[],"author_username":"ugyelet","telegram_post":"","public_post_metadata":{"breaking_news":"yes","important":"no","csempe":"no","center_tile":"no","disable_thumbnail":"no","target_lang":"","_featured_image_style":"hidden","telegram_post":"","_xlat_group_id":""},"public_rank_math_data":{"title":"%title% %sep% %sitename%","description":"Die Bew\u00e4ltigung demografischer Herausforderungen wird eine Priorit\u00e4t der ungarischen Ratspr\u00e4sidentschaft der Europ\u00e4ischen Union im zweiten Halbjahr 2024 sein.","focus_keyword":"Pr\u00e4sidentschaft","canonical_url":"","robots":"","primary_category":"1081","breadcrumb_title":"","facebook_title":"","facebook_description":"","facebook_image":"","facebook_image_id":"","twitter_title":"","twitter_description":"","twitter_image":"","twitter_image_id":"","twitter_card_type":"","twitter_use_facebook":"","advanced_robots":"","pillar_content":"","seo_score":"66","contentai_score":"","rich_snippet":""},"_links":{"self":[{"href":"https:\/\/dailynewshungary.com\/de\/wp-json\/wp\/v2\/posts\/675584","targetHints":{"allow":["GET"]}}],"collection":[{"href":"https:\/\/dailynewshungary.com\/de\/wp-json\/wp\/v2\/posts"}],"about":[{"href":"https:\/\/dailynewshungary.com\/de\/wp-json\/wp\/v2\/types\/post"}],"author":[{"embeddable":true,"href":"https:\/\/dailynewshungary.com\/de\/wp-json\/wp\/v2\/users\/33"}],"replies":[{"embeddable":true,"href":"https:\/\/dailynewshungary.com\/de\/wp-json\/wp\/v2\/comments?post=675584"}],"version-history":[{"count":0,"href":"https:\/\/dailynewshungary.com\/de\/wp-json\/wp\/v2\/posts\/675584\/revisions"}],"wp:featuredmedia":[{"embeddable":true,"href":"https:\/\/dailynewshungary.com\/de\/wp-json\/wp\/v2\/media\/675585"}],"wp:attachment":[{"href":"https:\/\/dailynewshungary.com\/de\/wp-json\/wp\/v2\/media?parent=675584"}],"wp:term":[{"taxonomy":"category","embeddable":true,"href":"https:\/\/dailynewshungary.com\/de\/wp-json\/wp\/v2\/categories?post=675584"},{"taxonomy":"post_tag","embeddable":true,"href":"https:\/\/dailynewshungary.com\/de\/wp-json\/wp\/v2\/tags?post=675584"}],"curies":[{"name":"wp","href":"https:\/\/api.w.org\/{rel}","templated":true}]}}