{"id":675880,"date":"2023-05-01T23:04:11","date_gmt":"2023-05-01T21:04:11","guid":{"rendered":"https:\/\/dailynewshungary.com\/de\/mdep-donath-ungarn-am-weitesten-von-europa-entfernt\/"},"modified":"2023-05-01T23:04:11","modified_gmt":"2023-05-01T21:04:11","slug":"mdep-donath-ungarn-am-weitesten-von-europa-entfernt","status":"publish","type":"post","link":"https:\/\/dailynewshungary.com\/de\/mdep-donath-ungarn-am-weitesten-von-europa-entfernt\/","title":{"rendered":"MdEP Don\u00e1th: Ungarn am weitesten von Europa entfernt"},"content":{"rendered":"<p><strong>Opposition Momentum hat in einer Erkl\u00e4rung anl\u00e4sslich des 19. Jahrestages des Beitritts des Landes zur Europ\u00e4ischen Union argumentiert, dass Ungarn nie \u201cbisher von Europa entfernt\u201d gewesen sei.<\/strong><\/p>\n<p>Die <a href=\"https:\/\/dailynewshungary.com\/de\/der-grose-britische-zuguberfall-wie-eine-15-kopfige-bande-1963-26-millionen-pfund-stahl\/\">Momentum Bewegung<\/a> Am Montag wurde vor dem Karmeliterkloster im Burgbezirk, in dem sich das B\u00fcro des Premierministers befindet, eine EU-Flagge auf den Zaun geh\u00e4ngt.<\/p>\n<p>\u201c[W] e muss uns daran erinnern, dass es keinen europ\u00e4ischen Wohlstand ohne europ\u00e4ische Werte und Freiheit gibt\u201d, sagte Europaabgeordnete Anna Don\u00e1th.<\/p>\n<p>Sie bestand darauf, dass der Zaun, der das B\u00fcrogeb\u00e4ude des Premierministers abriegelte, die Kluft zwischen Ungarn und dem Rest Europas symbolisierte. Sie bezog sich auf eine k\u00fcrzliche Studentendemonstration dort, sagte sie <a href=\"https:\/\/dailynewshungary.com\/de\/tranengas-barrieren-durchbrechen-lehrer-und-schulerdemonstranten-streiten-sich-mit-der-polizei-video\/\">Die Polizei hatte darauf zur\u00fcckgegriffen, die Absperrung mit Tr\u00e4nengas zu verteidigen<\/a>.<\/p>\n<p>Don\u00e1th beklagte auch die Abwesenheit von <a href=\"https:\/\/dailynewshungary.com\/de\/der-grose-britische-zuguberfall-wie-eine-15-kopfige-bande-1963-26-millionen-pfund-stahl\/\">EU<\/a> Fahnen an \u00f6ffentlichen Geb\u00e4uden in Ungarn \u201cEs gibt nichts zu feiern\u201d, sagte sie.<\/p>\n<p>Unter Bezugnahme auf einen Gesetzesvorschlag \u00fcber den Status von Lehrern sagte sie, die neuen Regeln w\u00fcrden Lehrern \u201cihre grundlegenden Menschen &#8211; und Besch\u00e4ftigungsrechte\u201d entziehen, und sie nannte den Gesetzentwurf einen Akt der \u201cRache\u201d der Regierung.<\/p>\n","protected":false},"excerpt":{"rendered":"<p>Opposition Momentum hat in einer Erkl\u00e4rung anl\u00e4sslich des 19. Jahrestages des Beitritts des Landes zur Europ\u00e4ischen Union argumentiert, dass Ungarn nie \u201cbisher von Europa entfernt\u201d gewesen sei. Die Momentum Bewegung Am Montag wurde vor dem Karmeliterkloster im Burgbezirk, in dem sich das B\u00fcro des Premierministers befindet, eine EU-Flagge auf den Zaun geh\u00e4ngt. \u201c[W] e muss [&hellip;]<\/p>\n","protected":false},"author":2,"featured_media":675881,"comment_status":"open","ping_status":"open","sticky":false,"template":"","format":"standard","meta":{"_acf_changed":false,"_display_image":"","footnotes":""},"categories":[1081],"tags":[1082,1510,1076],"class_list":["post-675880","post","type-post","status-publish","format-standard","has-post-thumbnail","hentry","category-politik","tag-europaische-union","tag-impulsbewegung","tag-ungarn"],"blocksy_meta":[],"acf":[],"author_username":"alk","telegram_post":"","public_post_metadata":{"breaking_news":"yes","important":"no","csempe":"no","center_tile":"no","disable_thumbnail":"no","target_lang":"","_featured_image_style":"","telegram_post":"","_xlat_group_id":""},"public_rank_math_data":{"title":"%title% %sep% %sitename%","description":"\"[W] e m\u00fcssen uns daran erinnern, dass es keinen europ\u00e4ischen Wohlstand ohne europ\u00e4ische Werte und Freiheit gibt\", sagte die Europaabgeordnete Anna Don\u00e1th.","focus_keyword":"Don\u00e1th","canonical_url":"","robots":"","primary_category":"1081","breadcrumb_title":"","facebook_title":"","facebook_description":"","facebook_image":"","facebook_image_id":"","twitter_title":"","twitter_description":"","twitter_image":"","twitter_image_id":"","twitter_card_type":"","twitter_use_facebook":"","advanced_robots":"","pillar_content":"","seo_score":"61","contentai_score":"","rich_snippet":""},"_links":{"self":[{"href":"https:\/\/dailynewshungary.com\/de\/wp-json\/wp\/v2\/posts\/675880","targetHints":{"allow":["GET"]}}],"collection":[{"href":"https:\/\/dailynewshungary.com\/de\/wp-json\/wp\/v2\/posts"}],"about":[{"href":"https:\/\/dailynewshungary.com\/de\/wp-json\/wp\/v2\/types\/post"}],"author":[{"embeddable":true,"href":"https:\/\/dailynewshungary.com\/de\/wp-json\/wp\/v2\/users\/2"}],"replies":[{"embeddable":true,"href":"https:\/\/dailynewshungary.com\/de\/wp-json\/wp\/v2\/comments?post=675880"}],"version-history":[{"count":0,"href":"https:\/\/dailynewshungary.com\/de\/wp-json\/wp\/v2\/posts\/675880\/revisions"}],"wp:featuredmedia":[{"embeddable":true,"href":"https:\/\/dailynewshungary.com\/de\/wp-json\/wp\/v2\/media\/675881"}],"wp:attachment":[{"href":"https:\/\/dailynewshungary.com\/de\/wp-json\/wp\/v2\/media?parent=675880"}],"wp:term":[{"taxonomy":"category","embeddable":true,"href":"https:\/\/dailynewshungary.com\/de\/wp-json\/wp\/v2\/categories?post=675880"},{"taxonomy":"post_tag","embeddable":true,"href":"https:\/\/dailynewshungary.com\/de\/wp-json\/wp\/v2\/tags?post=675880"}],"curies":[{"name":"wp","href":"https:\/\/api.w.org\/{rel}","templated":true}]}}