{"id":676019,"date":"2023-04-27T23:05:40","date_gmt":"2023-04-27T21:05:40","guid":{"rendered":"https:\/\/dailynewshungary.com\/de\/das-ungarische-parlament-leitet-anderungen-der-gerichtsvollzieherregeln-ein\/"},"modified":"2023-04-27T23:05:40","modified_gmt":"2023-04-27T21:05:40","slug":"das-ungarische-parlament-leitet-anderungen-der-gerichtsvollzieherregeln-ein","status":"publish","type":"post","link":"https:\/\/dailynewshungary.com\/de\/das-ungarische-parlament-leitet-anderungen-der-gerichtsvollzieherregeln-ein\/","title":{"rendered":"Das ungarische Parlament leitet \u00c4nderungen der Gerichtsvollzieherregeln ein"},"content":{"rendered":"<p><strong>Der Legislativausschuss des Parlaments hat \u00c4nderungen des Gesetzes \u00fcber die gerichtliche Vollstreckung vorgeschlagen, die die sofortige Suspendierung von Gerichtsvollziehern im Rahmen strafrechtlicher Ermittlungen erfordern w\u00fcrden.<\/strong><\/p>\n<p>Der von den Abgeordneten der Regierungspartei initiierte Vorschlag des Ausschusses w\u00fcrde einen Gesetzentwurf \u00e4ndern <a href=\"https:\/\/dailynewshungary.com\/de\/der-grose-britische-zuguberfall-wie-eine-15-kopfige-bande-1963-26-millionen-pfund-stahl\/\" target=\"_blank\" rel=\"noopener\">Ungarns<\/a> N\u00e4chste Pr\u00e4sidentschaft des Rates der Europ\u00e4ischen Union im zweiten Halbjahr 2024 und damit verbundene Bestimmungen.<\/p>\n<p>Gem\u00e4\u00df dem \u00c4nderungsvorschlag h\u00e4tte der Leiter der ungarischen Gerichtsvollzieherkammer das Recht, die Ernennung eines Gerichtsvollziehers, stellvertretenden Gerichtsvollziehers oder Kandidaten, gegen den strafrechtliche Ermittlungen laufen, auszusetzen oder aufzuheben.<\/p>\n<p>W\u00e4hrend die Suspendierung von Gerichtsvollziehern, gegen die wegen krimineller Fahrl\u00e4ssigkeit ermittelt wird, nicht zwingend w\u00e4re, w\u00e4ren diejenigen, gegen die wegen vors\u00e4tzlichen Fehlverhaltens ermittelt wird, mit sofortiger Wirkung suspendiert worden.<\/p>\n<p>Gerichtsvollzieher, gegen die ermittelt wird, m\u00fcssten gem\u00e4\u00df dem Vorschlag den Leiter der Aufsichtsbeh\u00f6rde f\u00fcr regulierte Dienste und den Leiter der offiziellen Stelle der Gerichtsvollzieherkammer benachrichtigen.<\/p>\n","protected":false},"excerpt":{"rendered":"<p>Der Legislativausschuss des Parlaments hat \u00c4nderungen des Gesetzes \u00fcber die gerichtliche Vollstreckung vorgeschlagen, die die sofortige Suspendierung von Gerichtsvollziehern im Rahmen strafrechtlicher Ermittlungen erfordern w\u00fcrden. Der von den Abgeordneten der Regierungspartei initiierte Vorschlag des Ausschusses w\u00fcrde einen Gesetzentwurf \u00e4ndern Ungarns N\u00e4chste Pr\u00e4sidentschaft des Rates der Europ\u00e4ischen Union im zweiten Halbjahr 2024 und damit verbundene Bestimmungen. [&hellip;]<\/p>\n","protected":false},"author":33,"featured_media":676020,"comment_status":"open","ping_status":"open","sticky":false,"template":"","format":"standard","meta":{"_acf_changed":false,"_display_image":"yes","footnotes":""},"categories":[1081],"tags":[1103,1076],"class_list":["post-676019","post","type-post","status-publish","format-standard","has-post-thumbnail","hentry","category-politik","tag-ungarisches-parlament","tag-ungarn"],"blocksy_meta":[],"acf":[],"author_username":"ugyelet","telegram_post":"","public_post_metadata":{"breaking_news":"yes","important":"no","csempe":"no","center_tile":"no","disable_thumbnail":"no","target_lang":"","_featured_image_style":"hidden","telegram_post":"","_xlat_group_id":""},"public_rank_math_data":{"title":"%title% %sep% %sitename%","description":"Der Legislativausschuss des Parlaments hat \u00c4nderungen des Gesetzes \u00fcber die gerichtliche Vollstreckung vorgeschlagen, die die sofortige Suspendierung von Gerichtsvollziehern erfordern w\u00fcrden","focus_keyword":"Parlament","canonical_url":"","robots":"","primary_category":"1081","breadcrumb_title":"","facebook_title":"","facebook_description":"","facebook_image":"","facebook_image_id":"","twitter_title":"","twitter_description":"","twitter_image":"","twitter_image_id":"","twitter_card_type":"","twitter_use_facebook":"","advanced_robots":"","pillar_content":"","seo_score":"60","contentai_score":"","rich_snippet":""},"_links":{"self":[{"href":"https:\/\/dailynewshungary.com\/de\/wp-json\/wp\/v2\/posts\/676019","targetHints":{"allow":["GET"]}}],"collection":[{"href":"https:\/\/dailynewshungary.com\/de\/wp-json\/wp\/v2\/posts"}],"about":[{"href":"https:\/\/dailynewshungary.com\/de\/wp-json\/wp\/v2\/types\/post"}],"author":[{"embeddable":true,"href":"https:\/\/dailynewshungary.com\/de\/wp-json\/wp\/v2\/users\/33"}],"replies":[{"embeddable":true,"href":"https:\/\/dailynewshungary.com\/de\/wp-json\/wp\/v2\/comments?post=676019"}],"version-history":[{"count":0,"href":"https:\/\/dailynewshungary.com\/de\/wp-json\/wp\/v2\/posts\/676019\/revisions"}],"wp:featuredmedia":[{"embeddable":true,"href":"https:\/\/dailynewshungary.com\/de\/wp-json\/wp\/v2\/media\/676020"}],"wp:attachment":[{"href":"https:\/\/dailynewshungary.com\/de\/wp-json\/wp\/v2\/media?parent=676019"}],"wp:term":[{"taxonomy":"category","embeddable":true,"href":"https:\/\/dailynewshungary.com\/de\/wp-json\/wp\/v2\/categories?post=676019"},{"taxonomy":"post_tag","embeddable":true,"href":"https:\/\/dailynewshungary.com\/de\/wp-json\/wp\/v2\/tags?post=676019"}],"curies":[{"name":"wp","href":"https:\/\/api.w.org\/{rel}","templated":true}]}}