{"id":676040,"date":"2023-04-27T13:35:12","date_gmt":"2023-04-27T11:35:12","guid":{"rendered":"https:\/\/dailynewshungary.com\/de\/der-sudanesische-burgerkrieg-durfte-die-migration-nach-europa-verstarken\/"},"modified":"2023-04-27T13:35:12","modified_gmt":"2023-04-27T11:35:12","slug":"der-sudanesische-burgerkrieg-durfte-die-migration-nach-europa-verstarken","status":"publish","type":"post","link":"https:\/\/dailynewshungary.com\/de\/der-sudanesische-burgerkrieg-durfte-die-migration-nach-europa-verstarken\/","title":{"rendered":"Der sudanesische B\u00fcrgerkrieg d\u00fcrfte die Migration nach Europa verst\u00e4rken"},"content":{"rendered":"<p><strong>Der B\u00fcrgerkrieg im Sudan d\u00fcrfte die Zahl der Menschen erh\u00f6hen, die illegal in die Europ\u00e4ische Union einreisen wollen, auch wenn Berichten zufolge zahlreiche Menschen Libyen auf dem Weg aus anderen Regionen Afrikas in die EU erreichen, sagte der Sicherheitsberater des Premierministers am Donnerstag dem Nachrichtensender M1.<\/strong><\/p>\n<p>Illegal <a href=\"https:\/\/dailynewshungary.com\/de\/der-grose-britische-zuguberfall-wie-eine-15-kopfige-bande-1963-26-millionen-pfund-stahl\/\" target=\"_blank\" rel=\"noopener\">Migration<\/a> ein ernstes Risiko darstellt, um <a href=\"https:\/\/dailynewshungary.com\/de\/der-grose-britische-zuguberfall-wie-eine-15-kopfige-bande-1963-26-millionen-pfund-stahl\/\" target=\"_blank\" rel=\"noopener\">Europas<\/a> Sicherheits- und Sozialdienste und k\u00f6nnte zu sozialen Spannungen f\u00fchren, sagte Gy\u00f6rgy Bakondi.<\/p>\n<p>In <a href=\"https:\/\/dailynewshungary.com\/de\/der-grose-britische-zuguberfall-wie-eine-15-kopfige-bande-1963-26-millionen-pfund-stahl\/\" target=\"_blank\" rel=\"noopener\">Ungarn<\/a>\u201eAuch die Versuche der illegalen Einreise haben zugenommen, allein in diesem Jahr seien rund 39.000 illegale Migranten und \u00fcber 300 Menschenschmuggler inhaftiert, sagte er.<\/p>\n<p>Menschenschmuggel sei zu einem \u201eriesigen Gesch\u00e4ft\u201cmit weitl\u00e4ufigen Organisationen und ernsthaften Einnahmen geworden, sagte er. \u201eDie Menschenschmuggelnetzwerke haben separate \u201eAbteilungen\u201d f\u00fcr Transport, Dokumentenf\u00e4lschung, Ausr\u00fcstungsmiete und andere Sektoren, betonte er.<\/p>\n<p>\u201cDeshalb betonen wir, dass Menschenschmuggel nur in der internationalen Zusammenarbeit zwischen Polizei und Geheimdiensten bek\u00e4mpft werden kann\u201d, sagte er.<\/p>\n","protected":false},"excerpt":{"rendered":"<p>Der B\u00fcrgerkrieg im Sudan d\u00fcrfte die Zahl der Menschen erh\u00f6hen, die illegal in die Europ\u00e4ische Union einreisen wollen, auch wenn Berichten zufolge zahlreiche Menschen Libyen auf dem Weg aus anderen Regionen Afrikas in die EU erreichen, sagte der Sicherheitsberater des Premierministers am Donnerstag dem Nachrichtensender M1. Illegal Migration ein ernstes Risiko darstellt, um Europas Sicherheits- [&hellip;]<\/p>\n","protected":false},"author":33,"featured_media":676041,"comment_status":"open","ping_status":"open","sticky":false,"template":"","format":"standard","meta":{"_acf_changed":false,"_display_image":"yes","footnotes":""},"categories":[1101],"tags":[1155,1444,1445,1076],"class_list":["post-676040","post","type-post","status-publish","format-standard","has-post-thumbnail","hentry","category-flashnews","tag-afrika","tag-europa","tag-migration","tag-ungarn"],"blocksy_meta":[],"acf":[],"author_username":"ugyelet","telegram_post":"","public_post_metadata":{"breaking_news":"yes","important":"no","csempe":"no","center_tile":"no","disable_thumbnail":"no","target_lang":"","_featured_image_style":"hidden","telegram_post":"","_xlat_group_id":""},"public_rank_math_data":{"title":"%title% %sep% %sitename%","description":"Es wird erwartet, dass der B\u00fcrgerkrieg im Sudan die Zahl der Menschen erh\u00f6hen wird, die versuchen, illegal in die Europ\u00e4ische Union einzureisen","focus_keyword":"Migration","canonical_url":"","robots":"","primary_category":"1101","breadcrumb_title":"","facebook_title":"","facebook_description":"","facebook_image":"","facebook_image_id":"","twitter_title":"","twitter_description":"","twitter_image":"","twitter_image_id":"","twitter_card_type":"","twitter_use_facebook":"","advanced_robots":"","pillar_content":"","seo_score":"56","contentai_score":"","rich_snippet":""},"_links":{"self":[{"href":"https:\/\/dailynewshungary.com\/de\/wp-json\/wp\/v2\/posts\/676040","targetHints":{"allow":["GET"]}}],"collection":[{"href":"https:\/\/dailynewshungary.com\/de\/wp-json\/wp\/v2\/posts"}],"about":[{"href":"https:\/\/dailynewshungary.com\/de\/wp-json\/wp\/v2\/types\/post"}],"author":[{"embeddable":true,"href":"https:\/\/dailynewshungary.com\/de\/wp-json\/wp\/v2\/users\/33"}],"replies":[{"embeddable":true,"href":"https:\/\/dailynewshungary.com\/de\/wp-json\/wp\/v2\/comments?post=676040"}],"version-history":[{"count":0,"href":"https:\/\/dailynewshungary.com\/de\/wp-json\/wp\/v2\/posts\/676040\/revisions"}],"wp:featuredmedia":[{"embeddable":true,"href":"https:\/\/dailynewshungary.com\/de\/wp-json\/wp\/v2\/media\/676041"}],"wp:attachment":[{"href":"https:\/\/dailynewshungary.com\/de\/wp-json\/wp\/v2\/media?parent=676040"}],"wp:term":[{"taxonomy":"category","embeddable":true,"href":"https:\/\/dailynewshungary.com\/de\/wp-json\/wp\/v2\/categories?post=676040"},{"taxonomy":"post_tag","embeddable":true,"href":"https:\/\/dailynewshungary.com\/de\/wp-json\/wp\/v2\/tags?post=676040"}],"curies":[{"name":"wp","href":"https:\/\/api.w.org\/{rel}","templated":true}]}}