{"id":676648,"date":"2023-04-11T06:22:08","date_gmt":"2023-04-11T04:22:08","guid":{"rendered":"https:\/\/dailynewshungary.com\/de\/mdep-gyongyosi-wo-ist-mit-der-ruckkehr-der-staatlich-kontrollierten-preise-der-ausweg-fur-ungarn\/"},"modified":"2023-04-11T06:22:08","modified_gmt":"2023-04-11T04:22:08","slug":"mdep-gyongyosi-wo-ist-mit-der-ruckkehr-der-staatlich-kontrollierten-preise-der-ausweg-fur-ungarn","status":"publish","type":"post","link":"https:\/\/dailynewshungary.com\/de\/mdep-gyongyosi-wo-ist-mit-der-ruckkehr-der-staatlich-kontrollierten-preise-der-ausweg-fur-ungarn\/","title":{"rendered":"MdEP Gy\u00f6ngy\u00f6si: Wo ist mit der R\u00fcckkehr der staatlich kontrollierten Preise der Ausweg f\u00fcr Ungarn?"},"content":{"rendered":"<p style=\"text-align: center;\"><span style=\"color: #808080;\"><em><strong>Gesponserte Inhalte<\/strong><\/em><\/span><\/p>\n<p><strong>Die Gedanken des Europaabgeordneten M\u00e1rton Gy\u00f6ngy\u00f6si (Nicht gebunden) via <a href=\"https:\/\/www.gyongyosimarton.com\/2023\/04\/04\/the-return-of-state-controlled-prices-where-is-the-way-out-for-hungary-the-weekly-130\/\" target=\"_blank\" rel=\"noopener\">Pressemitteilung<\/a>:<\/strong><\/p>\n<div class=\"et_pb_section et_pb_section_1 et_section_regular et_had_animation\">\n<div class=\"et_pb_row et_pb_row_0 et_pb_gutters2 et_pb_row_3-4_1-4\">\n<div class=\"et_pb_column et_pb_column_3_4 et_pb_column_0 et_pb_css_mix_blend_mode_passthrough\">\n<div class=\"et_pb_with_border et_pb_module et_pb_text et_pb_text_0 et_pb_text_align_left et_pb_bg_layout_light\">Vergleicht man 1990, das Jahr des Zusammenbruchs des Sozialismus, mit 2023, scheint sich in Ungarn der Kreis geschlossen zu haben Vielleicht besteht der einzige Unterschied darin, dass sozialistische F\u00fchrer keinen Hehl aus ihrer Ideologie machten: Sie glaubten, der Staat habe unbestreitbare Macht und Autorit\u00e4t, und er sollte in jeden Aspekt des Lebens der Menschen eingreifen, aus ihrer Sicht k\u00f6nnen die B\u00fcrger eines sozialistischen Staates nicht mehr sein als Untertanen, die blind die Linie verfolgen m\u00fcssenNat\u00fcrlich hatte das System null Effizienz, aber sozialistische Ideologen hatten eine L\u00f6sung: Wenn die Menschen unmotiviert sind und die Wirtschaft kaum daran vorbeischaben, politische Macht, Beschr\u00e4nkungen und finanzielle Subventionen anwenden kann, um das System so weit zu verzerren, dass es zu funktionieren scheint.<\/div>\n<\/div>\n<\/div>\n<\/div>\n<div class=\"et_pb_with_border et_pb_section et_pb_section_2 et_section_regular et_had_animation\">\n<div class=\"et_pb_row et_pb_row_1\">\n<div class=\"et_pb_column et_pb_column_4_4 et_pb_column_2 et_pb_css_mix_blend_mode_passthrough et-last-child\">\n<div class=\"et_pb_module et_pb_text et_pb_text_3 et_pb_text_align_justified et_pb_bg_layout_light\">\n<div class=\"et_pb_text_inner\">\n<blockquote>\n<p><b>Wie es in der klassischen Linie hei\u00dft, ist das Problem mit dem Sozialismus, dass einem irgendwann das Geld anderer Leute ausgeht, was danach passiert, hat Mitteleuropa Ende der 1980 er und Anfang der 1990 er Jahre auf die harte Tour gelernt<\/b>.<\/p>\n<\/blockquote>\n<\/div>\n<\/div>\n<div class=\"et_pb_module et_pb_text et_pb_text_4 et_pb_text_align_justified et_pb_bg_layout_light\">\n<div class=\"et_pb_text_inner\">\n<p>Auch das n\u00e4chste Modell war leider nicht viel tragf\u00e4higer: Da sie wenig bis gar keine Erfahrung mit Demokratie und Rechtsstaat hatten, und ihnen die westlichen Gesch\u00e4ftsstandards und das Wissen fehlten, um Marktwirtschaft zu betreiben, landeten die mitteleurop\u00e4ischen L\u00e4nder beim Wild-Ost-Kapitalismus, der sie nicht n\u00e4her an den begehrten westlichen Lebensstandard brachte und ihnen auch nicht wirklich erlaubte, sich der westlichen Wirtschaft zuzuwenden.<\/p>\n<p>Auf dieses Problem reagierte jedoch jedes Land in den 2000 er und 2010 er Jahren unterschiedlichManche mitteleurop\u00e4ischen Staaten \u201cwuchsen auf\u201d: Als sie erkannten, dass sie ohne eine stabile Zivildemokratie und eine Volkswirtschaft mit hohem Mehrwert nicht zum Westen aufschlie\u00dfen k\u00f6nnen, achteten sie darauf, diese politischen und wirtschaftlichen S\u00e4ulen zu st\u00e4rken.<\/p>\n<p>Ungarn hingegen schlug einen anderen Weg einNach dem Chaos der 1990 er Jahre stimmten viele f\u00fcr die R\u00fcckkehr zu den sozialistischen Wegen, anstatt sich f\u00fcr eine demokratische, b\u00fcrgerliche Zukunft zu entscheidenFidesz hat inzwischen eine bizarre Mischung aus Sozialismus und dem grassierenden Raubtierkapitalismus der 1990 er Jahre geschaffenIm heutigen Ungarn missbraucht der Staat seine Macht und greift in das t\u00e4gliche Leben seiner B\u00fcrger ein, die wieder als blo\u00dfe Untertanen gelten, so wie sie es vor 1990 waren Wenn man in der Gesellschaft vorankommen will, ist man gefordert, die politische Linie zu vertreten, so wie man es im sozialistischen System warDie Medien, billige K\u00fcnste und sogar die Bildung sind wieder angeleitete L-Kunst-Angebote.<\/p>\n<\/div>\n<\/div>\n<div class=\"et_pb_module et_pb_text et_pb_text_5 et_pb_text_align_justified et_pb_bg_layout_light\">\n<div class=\"et_pb_text_inner\">\n<blockquote>\n<p><b>Die Arbeiter werden im Dunkeln gehalten: Der Staat versucht sie daran zu hindern, durch zentrale Preiskontrolle und die Vergabe von Finanzzusch\u00fcssen zu erkennen, wie niedrig ihre L\u00f6hne sind Bis dem System nat\u00fcrlich das Geld ausgeht.<\/b><\/p>\n<\/blockquote>\n<\/div>\n<\/div>\n<div class=\"et_pb_module et_pb_text et_pb_text_6 et_pb_text_align_justified et_pb_bg_layout_light\">\n<div class=\"et_pb_text_inner\">\n<p>Egal ob das Fidesz-Regime eines Tages zusammenbricht oder nicht, wenn man diesen Teufelskreis durchbrechen will, muss man etwas grundlegend anderes anbieten Die ungarischen linken und liberalen Kr\u00e4fte scheinen es bis heute nicht erkannt zu haben, vergleicht man ihre politische Agenda mit der von Fidesz, so ist der einzige Unterschied, dass sie die nationalistischen Parolen durch die aufgewachte Ideologie ersetzen, aber ansonsten wollen sie die gleiche Art von Nanny-Staat wie Orb\u00e1n.<\/p>\n<p>Heute ist Jobbik \u2013 Konservative die einzige ungarische Partei, die sagt, dass es unvern\u00fcnftig ist, auf noch zentralere Einmischung zu dr\u00e4ngen, wenn unsere Probleme durch den \u00fcberheblichen Staat verursacht w\u00fcrden. Wir glauben, dass es h\u00f6chste Zeit ist, das ungarische Volk als Erwachsene zu behandeln, die durchaus in der Lage sind, zu entscheiden, was es braucht, und auch danach zu handeln.<\/p>\n<p>Wir stehen f\u00fcr einen kleinen, aber effizienten Staat, dessen Hauptaufgabe darin besteht, die wichtigsten Regeln festzulegen und die wichtigsten Rechte zu garantieren, er muss diese Aufgaben voll erf\u00fcllen, und diejenigen, die gegen diese Regeln versto\u00dfen und das System missbrauchen, gnadenlos niederschlagen, anstatt die M\u00f6glichkeiten zu nutzen, die es bietet.<\/p>\n<\/div>\n<\/div>\n<div class=\"et_pb_module et_pb_text et_pb_text_7 et_pb_text_align_justified et_pb_bg_layout_light\">\n<div class=\"et_pb_text_inner\">\n<blockquote>\n<p><b>Dar\u00fcber hinaus hat der Staat jedoch keine andere Rolle.&nbsp;<\/b><\/p>\n<\/blockquote>\n<\/div>\n<\/div>\n<div class=\"et_pb_module et_pb_text et_pb_text_8 et_pb_text_align_justified et_pb_bg_layout_light\">\n<div class=\"et_pb_text_inner\">\n<p>Alles, was Sie brauchen, sind transparente und einfache Regeln, ein h\u00f6chstm\u00f6gliches Ma\u00df an individueller Freiheit und volle Verantwortung f\u00fcr Ihr HandelnEs ist Zeit, wirklich an die Kreativit\u00e4t und F\u00e4higkeiten des ungarischen Volkes zu glauben!<\/p>\n<\/div>\n<\/div>\n<\/div>\n<\/div>\n<\/div>\n<p><em>Haftungsausschluss: die alleinige Haftung f\u00fcr die abgegebenen Stellungnahmen liegt beim Autor (den Verfassern) Diese Stellungnahmen geben nicht unbedingt die offizielle Position des Europ\u00e4ischen Parlaments wieder.<\/em><\/p>\n<ul>\n<li>Lesen Sie auch \u2013 <a href=\"https:\/\/dailynewshungary.com\/de\/mdep-gyongyosi-der-gesunde-menschenverstand-siegt-verbrennungsmotoren-bleiben-in-der-eu\/\">MdEP Gy\u00f6ngy\u00f6si: Der gesunde Menschenverstand siegt, Verbrennungsmotoren bleiben in der EU<\/a><\/li>\n<\/ul>\n","protected":false},"excerpt":{"rendered":"<p>Gesponserte Inhalte Die Gedanken des Europaabgeordneten M\u00e1rton Gy\u00f6ngy\u00f6si (Nicht gebunden) via Pressemitteilung: Vergleicht man 1990, das Jahr des Zusammenbruchs des Sozialismus, mit 2023, scheint sich in Ungarn der Kreis geschlossen zu haben Vielleicht besteht der einzige Unterschied darin, dass sozialistische F\u00fchrer keinen Hehl aus ihrer Ideologie machten: Sie glaubten, der Staat habe unbestreitbare Macht und [&hellip;]<\/p>\n","protected":false},"author":2,"featured_media":676649,"comment_status":"open","ping_status":"open","sticky":false,"template":"","format":"standard","meta":{"_acf_changed":false,"_display_image":"yes","footnotes":""},"categories":[1281],"tags":[1082,1251,1076],"class_list":["post-676648","post","type-post","status-publish","format-standard","has-post-thumbnail","hentry","category-geschaft","tag-europaische-union","tag-preisobergrenze","tag-ungarn"],"blocksy_meta":[],"acf":[],"author_username":"alk","telegram_post":"","public_post_metadata":{"breaking_news":"yes","important":"no","csempe":"no","center_tile":"no","disable_thumbnail":"no","target_lang":"","_featured_image_style":"hidden","telegram_post":"","_xlat_group_id":""},"public_rank_math_data":{"title":"%title% %sep% %sitename%","description":"","focus_keyword":"Der Staat versucht sie durch eine zentrale Preissteuerung und die Vergabe von Finanzzusch\u00fcssen daran zu hindern, zu erkennen, wie niedrig ihre L\u00f6hne sind.","canonical_url":"","robots":"","primary_category":"1281","breadcrumb_title":"","facebook_title":"","facebook_description":"","facebook_image":"","facebook_image_id":"","twitter_title":"","twitter_description":"","twitter_image":"","twitter_image_id":"","twitter_card_type":"","twitter_use_facebook":"","advanced_robots":"","pillar_content":"","seo_score":"21","contentai_score":"","rich_snippet":""},"_links":{"self":[{"href":"https:\/\/dailynewshungary.com\/de\/wp-json\/wp\/v2\/posts\/676648","targetHints":{"allow":["GET"]}}],"collection":[{"href":"https:\/\/dailynewshungary.com\/de\/wp-json\/wp\/v2\/posts"}],"about":[{"href":"https:\/\/dailynewshungary.com\/de\/wp-json\/wp\/v2\/types\/post"}],"author":[{"embeddable":true,"href":"https:\/\/dailynewshungary.com\/de\/wp-json\/wp\/v2\/users\/2"}],"replies":[{"embeddable":true,"href":"https:\/\/dailynewshungary.com\/de\/wp-json\/wp\/v2\/comments?post=676648"}],"version-history":[{"count":0,"href":"https:\/\/dailynewshungary.com\/de\/wp-json\/wp\/v2\/posts\/676648\/revisions"}],"wp:featuredmedia":[{"embeddable":true,"href":"https:\/\/dailynewshungary.com\/de\/wp-json\/wp\/v2\/media\/676649"}],"wp:attachment":[{"href":"https:\/\/dailynewshungary.com\/de\/wp-json\/wp\/v2\/media?parent=676648"}],"wp:term":[{"taxonomy":"category","embeddable":true,"href":"https:\/\/dailynewshungary.com\/de\/wp-json\/wp\/v2\/categories?post=676648"},{"taxonomy":"post_tag","embeddable":true,"href":"https:\/\/dailynewshungary.com\/de\/wp-json\/wp\/v2\/tags?post=676648"}],"curies":[{"name":"wp","href":"https:\/\/api.w.org\/{rel}","templated":true}]}}