{"id":677018,"date":"2023-03-30T23:05:16","date_gmt":"2023-03-30T21:05:16","guid":{"rendered":"https:\/\/dailynewshungary.com\/de\/ungarisches-ki-okosystem-in-deutschland-vorgestellt\/"},"modified":"2023-03-30T23:05:16","modified_gmt":"2023-03-30T21:05:16","slug":"ungarisches-ki-okosystem-in-deutschland-vorgestellt","status":"publish","type":"post","link":"https:\/\/dailynewshungary.com\/de\/ungarisches-ki-okosystem-in-deutschland-vorgestellt\/","title":{"rendered":"Ungarisches KI-\u00d6kosystem in Deutschland vorgestellt"},"content":{"rendered":"<p><strong>Das \u00d6kosystem der ungarischen k\u00fcnstlichen Intelligenz wurde am Donnerstag in der ungarischen Botschaft in Berlin vorgestellt.<\/strong><\/p>\n<p>\u201cZiel ist es, die Zusammenarbeit zwischen Forschungsinstituten, Universit\u00e4ten und Unternehmen des ungarischen und deutschen \u00d6kosystems aufzubauen\u201d, sagte L\u00e1szl\u00f3 B\u00f3dis, stellvertretender Staatssekret\u00e4r im Kultur &#8211; und Innovationsministerium, telefonisch gegen\u00fcber MTI aus Berlin.<\/p>\n<p>Ungarns Nationales KI-Labor und die KI-Koalition, die \u00fcber 400 ungarische Organisationen vertritt, wurden bei der Veranstaltung vorgestellt, an der der ungarische Botschafter P\u00e9ter Gy\u00f6rk\u00f6s sowie deutsche Wissenschaftler und Vertreter von Universit\u00e4ten und Unternehmen teilnahmen.<\/p>\n<p><strong>Lesen Sie auch:<\/strong><\/p>\n<ul>\n<li>Budapester B\u00fcrgermeister: <a href=\"https:\/\/dailynewshungary.com\/de\/budapester-burgermeister-kunstliche-intelligenz-ist-intelligenter-als-die-ungarische-regierung\/\" target=\"_blank\" rel=\"noopener\">K\u00fcnstliche Intelligenz ist schlauer als die ungarische Regierung<\/a><\/li>\n<li><a href=\"https:\/\/dailynewshungary.com\/de\/was-halt-chatgpt-von-ungarn\/\" target=\"_blank\" rel=\"noopener\">Was h\u00e4lt ChatGPT von Ungarn?<\/a><\/li>\n<\/ul>\n<p>Roland Jakab, Leiter der AI Coalition, hob die Zusammenarbeit zwischen dem ungarischen Forschungsinstitut SZTAKI und dem deutschen Fraunhofer-Institut hervor und sagte, das Ziel sei es, \u201cnoch engere Beziehungen zu deutschen Partnern aufzubauen und gemeinsame Projekte zu starten\u201d.<\/p>\n","protected":false},"excerpt":{"rendered":"<p>Das \u00d6kosystem der ungarischen k\u00fcnstlichen Intelligenz wurde am Donnerstag in der ungarischen Botschaft in Berlin vorgestellt. \u201cZiel ist es, die Zusammenarbeit zwischen Forschungsinstituten, Universit\u00e4ten und Unternehmen des ungarischen und deutschen \u00d6kosystems aufzubauen\u201d, sagte L\u00e1szl\u00f3 B\u00f3dis, stellvertretender Staatssekret\u00e4r im Kultur &#8211; und Innovationsministerium, telefonisch gegen\u00fcber MTI aus Berlin. Ungarns Nationales KI-Labor und die KI-Koalition, die \u00fcber [&hellip;]<\/p>\n","protected":false},"author":33,"featured_media":677019,"comment_status":"open","ping_status":"open","sticky":false,"template":"","format":"standard","meta":{"_acf_changed":false,"_display_image":"yes","footnotes":""},"categories":[1101],"tags":[1177,1076],"class_list":["post-677018","post","type-post","status-publish","format-standard","has-post-thumbnail","hentry","category-flashnews","tag-deutschland","tag-ungarn"],"blocksy_meta":[],"acf":[],"author_username":"ugyelet","telegram_post":"","public_post_metadata":{"breaking_news":"yes","important":"no","csempe":"no","center_tile":"no","disable_thumbnail":"no","target_lang":"","_featured_image_style":"hidden","telegram_post":"","_xlat_group_id":""},"public_rank_math_data":{"title":"%title% %sep% %sitename%","description":"","focus_keyword":"Das \u00d6kosystem der ungarischen k\u00fcnstlichen Intelligenz wurde am Donnerstag in der ungarischen Botschaft in Berlin vorgestellt.","canonical_url":"","robots":"","primary_category":"1101","breadcrumb_title":"","facebook_title":"","facebook_description":"","facebook_image":"","facebook_image_id":"","twitter_title":"","twitter_description":"","twitter_image":"","twitter_image_id":"","twitter_card_type":"","twitter_use_facebook":"","advanced_robots":"","pillar_content":"","seo_score":"24","contentai_score":"","rich_snippet":""},"_links":{"self":[{"href":"https:\/\/dailynewshungary.com\/de\/wp-json\/wp\/v2\/posts\/677018","targetHints":{"allow":["GET"]}}],"collection":[{"href":"https:\/\/dailynewshungary.com\/de\/wp-json\/wp\/v2\/posts"}],"about":[{"href":"https:\/\/dailynewshungary.com\/de\/wp-json\/wp\/v2\/types\/post"}],"author":[{"embeddable":true,"href":"https:\/\/dailynewshungary.com\/de\/wp-json\/wp\/v2\/users\/33"}],"replies":[{"embeddable":true,"href":"https:\/\/dailynewshungary.com\/de\/wp-json\/wp\/v2\/comments?post=677018"}],"version-history":[{"count":0,"href":"https:\/\/dailynewshungary.com\/de\/wp-json\/wp\/v2\/posts\/677018\/revisions"}],"wp:featuredmedia":[{"embeddable":true,"href":"https:\/\/dailynewshungary.com\/de\/wp-json\/wp\/v2\/media\/677019"}],"wp:attachment":[{"href":"https:\/\/dailynewshungary.com\/de\/wp-json\/wp\/v2\/media?parent=677018"}],"wp:term":[{"taxonomy":"category","embeddable":true,"href":"https:\/\/dailynewshungary.com\/de\/wp-json\/wp\/v2\/categories?post=677018"},{"taxonomy":"post_tag","embeddable":true,"href":"https:\/\/dailynewshungary.com\/de\/wp-json\/wp\/v2\/tags?post=677018"}],"curies":[{"name":"wp","href":"https:\/\/api.w.org\/{rel}","templated":true}]}}