{"id":677311,"date":"2023-03-22T23:34:00","date_gmt":"2023-03-22T22:34:00","guid":{"rendered":"https:\/\/dailynewshungary.com\/de\/ausenminister-szijjarto-besteht-darauf-dass-die-integration-des-westbalkans-die-eu-starken-wurde\/"},"modified":"2023-03-22T23:34:00","modified_gmt":"2023-03-22T22:34:00","slug":"ausenminister-szijjarto-besteht-darauf-dass-die-integration-des-westbalkans-die-eu-starken-wurde","status":"publish","type":"post","link":"https:\/\/dailynewshungary.com\/de\/ausenminister-szijjarto-besteht-darauf-dass-die-integration-des-westbalkans-die-eu-starken-wurde\/","title":{"rendered":"Au\u00dfenminister Szijj\u00e1rt\u00f3 besteht darauf, dass die Integration des Westbalkans die EU st\u00e4rken w\u00fcrde"},"content":{"rendered":"<p><strong>Au\u00dfenminister P\u00e9ter Szijj\u00e1rt\u00f3 forderte am Mittwoch eine Beschleunigung der Erweiterung der Europ\u00e4ischen Union und sagte, dass die Integration der L\u00e4nder des Westbalkans den Block st\u00e4rken und bei der Bew\u00e4ltigung aktueller Probleme helfen w\u00fcrde.<\/strong><\/p>\n<p>Szijj\u00e1rt\u00f3 traf seinen bosnisch-herzegowinischen Amtskollegen Elmedin Konakovic in Sarajevo und stellte auf einer gemeinsamen Pressekonferenz nach den Gespr\u00e4chen fest, dass der Krieg in der Ukraine die EU vor gro\u00dfe Herausforderungen stelle, sagte das Ministerium in einer Erkl\u00e4rung.<\/p>\n<p>Die Situation habe gezeigt, dass die EU in der Vergangenheit einen Fehler gemacht habe, als sie die Erweiterung z\u00f6gerte, sagte er \u201eSollte der Westbalkan Teil des Blocks sein, k\u00f6nnten die dramatischen Auswirkungen der derzeit schwierigen Situation viel einfacher bew\u00e4ltigt werden\u201csagte er und f\u00fcgte hinzu, dass der Beitritt der Westbalkanstaaten auch den Block gegen illegale Migration st\u00e4rken w\u00fcrde.<\/p>\n<p>Szijj\u00e1rt\u00f3 kritisierte die Mitgliedstaaten, die seiner Meinung nach \u201edie Erweiterung rhetorisch unterst\u00fctzen, den Prozess aber auch sonst weiterhin blockieren\u201cEr forderte \u201eAnti-Erweiterungsl\u00e4nder\u201d auf, den Prozess nicht mehr zu blockieren, \u201eda dies der EU schadet und ein nationales Sicherheitsrisiko f\u00fcr Ungarn darstellt\u201d, sagte er.<\/p>\n<p>Die Grundursachen der Migration werden immer trauriger, und so wird erwartet, dass der Migrationsdruck von bereits hohen Zahlen im letzten Jahr, als die ungarischen Beh\u00f6rden 265.000 illegale Einreiseversuche registrierten, zunehmen wird \u201eDie Migration ist gef\u00e4hrlich und muss daher gestoppt werden.\u201cund wir wissen, dass wir Migrationswellen umso wirksamer stoppen k\u00f6nnen, je st\u00e4rker die Zusammenarbeit mit den Westbalkanstaaten ist\u201d, sagte er.<\/p>\n<ul>\n<li>Lesen Sie auch: <a href=\"https:\/\/dailynewshungary.com\/de\/ungarische-offentliche-medien-eroffnen-buro-in-brussel\/\">Ungarische \u00f6ffentliche Medien er\u00f6ffnen B\u00fcro in Br\u00fcssel<\/a><\/li>\n<\/ul>\n<p>Stabilit\u00e4t in Bosnien und Herzegowina sei eine Priorit\u00e4t f\u00fcr Ungarn, sagte er und forderte die EU auf, \u201csinnvolle Schritte zu unternehmen\u201d, um ihre Integration zu erleichtern Ungarn habe bereits Experten nach Sarajevo entsandt, um den Beitrittsprozess zu unterst\u00fctzen, und 165 Soldaten f\u00fcr die Friedensmission der EU im Land entsandt, stellte er fest.<\/p>\n<p>Szijj\u00e1rt\u00f3 lehnte es ab, dass die EU \u201eirgendeine Art von Sanktionen gegen demokratisch gew\u00e4hlte F\u00fchrer in der Region\u201canwendet. \u201eDiejenigen, die glauben, wir k\u00f6nnten ein Problem durch Sanktionen l\u00f6sen, haben keine Ahnung von der Situation hier und versuchen, ihre Unwissenheit mit einer Art Hybris zu verbergen.\u201d Unterdessen sei der Handel zwischen Ungarn und Bosnien-Herzegowina im vergangenen Jahr um den Rekordwert von 21 Prozent auf 600 Millionen Euro gestiegen, sagte er.<\/p>\n<p>Ungarn hat im Land ein f\u00fcr beide Seiten vorteilhaftes Wirtschaftsentwicklungsprogramm aufgelegt, das es lokalen Landwirten erm\u00f6glicht, ungarische Landmaschinen zu kaufen. 805 Unternehmen h\u00e4tten sich f\u00fcr das Programm beworben und insgesamt 11,5 Millionen Euro an Unterst\u00fctzung erhalten, sagte er.<\/p>\n<p>Zur Wiederwahl von Milorad Dodik, dem serbischen Mitglied der Pr\u00e4sidententroika Bosnien-Herzegowinas, sagte er, Ungarn respektiere die Ergebnisse, zugleich lehne er den j\u00fcngsten Bericht des US-Au\u00dfenministeriums \u00fcber Bosnien-Herzegowina ab, es sei \u201cunversch\u00e4mt, dass man Aussagen \u00fcber die inneren Angelegenheiten und die Lage anderer L\u00e4nder machen solle\u201d.<\/p>\n","protected":false},"excerpt":{"rendered":"<p>Au\u00dfenminister P\u00e9ter Szijj\u00e1rt\u00f3 forderte am Mittwoch eine Beschleunigung der Erweiterung der Europ\u00e4ischen Union und sagte, dass die Integration der L\u00e4nder des Westbalkans den Block st\u00e4rken und bei der Bew\u00e4ltigung aktueller Probleme helfen w\u00fcrde. Szijj\u00e1rt\u00f3 traf seinen bosnisch-herzegowinischen Amtskollegen Elmedin Konakovic in Sarajevo und stellte auf einer gemeinsamen Pressekonferenz nach den Gespr\u00e4chen fest, dass der Krieg [&hellip;]<\/p>\n","protected":false},"author":33,"featured_media":677312,"comment_status":"open","ping_status":"open","sticky":false,"template":"","format":"standard","meta":{"_acf_changed":false,"_display_image":"no","footnotes":""},"categories":[1081],"tags":[1243,1082,1076],"class_list":["post-677311","post","type-post","status-publish","format-standard","has-post-thumbnail","hentry","category-politik","tag-balkan","tag-europaische-union","tag-ungarn"],"blocksy_meta":[],"acf":[],"author_username":"ugyelet","telegram_post":"","public_post_metadata":{"breaking_news":"yes","important":"no","csempe":"no","center_tile":"no","disable_thumbnail":"no","target_lang":"","_featured_image_style":"hidden","telegram_post":"","_xlat_group_id":""},"public_rank_math_data":{"title":"%title% %sep% %sitename%","description":"Szijj\u00e1rt\u00f3 sagte, dass die Integration der Westbalkanl\u00e4nder den Block st\u00e4rken und bei der Bew\u00e4ltigung aktueller Probleme helfen w\u00fcrde.","focus_keyword":"Szijj\u00e1rt\u00f3","canonical_url":"","robots":"","primary_category":"1081","breadcrumb_title":"","facebook_title":"","facebook_description":"","facebook_image":"","facebook_image_id":"","twitter_title":"","twitter_description":"","twitter_image":"","twitter_image_id":"","twitter_card_type":"","twitter_use_facebook":"","advanced_robots":"","pillar_content":"","seo_score":"62","contentai_score":"","rich_snippet":""},"_links":{"self":[{"href":"https:\/\/dailynewshungary.com\/de\/wp-json\/wp\/v2\/posts\/677311","targetHints":{"allow":["GET"]}}],"collection":[{"href":"https:\/\/dailynewshungary.com\/de\/wp-json\/wp\/v2\/posts"}],"about":[{"href":"https:\/\/dailynewshungary.com\/de\/wp-json\/wp\/v2\/types\/post"}],"author":[{"embeddable":true,"href":"https:\/\/dailynewshungary.com\/de\/wp-json\/wp\/v2\/users\/33"}],"replies":[{"embeddable":true,"href":"https:\/\/dailynewshungary.com\/de\/wp-json\/wp\/v2\/comments?post=677311"}],"version-history":[{"count":0,"href":"https:\/\/dailynewshungary.com\/de\/wp-json\/wp\/v2\/posts\/677311\/revisions"}],"wp:featuredmedia":[{"embeddable":true,"href":"https:\/\/dailynewshungary.com\/de\/wp-json\/wp\/v2\/media\/677312"}],"wp:attachment":[{"href":"https:\/\/dailynewshungary.com\/de\/wp-json\/wp\/v2\/media?parent=677311"}],"wp:term":[{"taxonomy":"category","embeddable":true,"href":"https:\/\/dailynewshungary.com\/de\/wp-json\/wp\/v2\/categories?post=677311"},{"taxonomy":"post_tag","embeddable":true,"href":"https:\/\/dailynewshungary.com\/de\/wp-json\/wp\/v2\/tags?post=677311"}],"curies":[{"name":"wp","href":"https:\/\/api.w.org\/{rel}","templated":true}]}}