{"id":677383,"date":"2023-03-21T08:43:39","date_gmt":"2023-03-21T07:43:39","guid":{"rendered":"https:\/\/dailynewshungary.com\/de\/mdep-gyongyosi-nationales-nahrungsmittelhilfeprogramm-zur-ersetzung-von-preisobergrenzen\/"},"modified":"2023-03-21T08:43:39","modified_gmt":"2023-03-21T07:43:39","slug":"mdep-gyongyosi-nationales-nahrungsmittelhilfeprogramm-zur-ersetzung-von-preisobergrenzen","status":"publish","type":"post","link":"https:\/\/dailynewshungary.com\/de\/mdep-gyongyosi-nationales-nahrungsmittelhilfeprogramm-zur-ersetzung-von-preisobergrenzen\/","title":{"rendered":"MdEP Gy\u00f6ngy\u00f6si: Nationales Nahrungsmittelhilfeprogramm zur Ersetzung von Preisobergrenzen"},"content":{"rendered":"<div class=\"et_pb_section et_pb_section_1 et_section_regular et_had_animation\">\n<div class=\"et_pb_row et_pb_row_0 et_pb_gutters2 et_pb_row_3-4_1-4\">\n<div class=\"et_pb_column et_pb_column_3_4 et_pb_column_0 et_pb_css_mix_blend_mode_passthrough\">\n<div class=\"et_pb_with_border et_pb_module et_pb_text et_pb_text_0 et_pb_text_align_left et_pb_bg_layout_light\"><\/div>\n<\/div>\n<div class=\"et_pb_column et_pb_column_1_4 et_pb_column_1 et_pb_css_mix_blend_mode_passthrough et-last-child\">\n<div class=\"et_pb_module et_pb_blurb et_pb_blurb_1 et_hover_enabled et_pb_text_align_center et_pb_blurb_position_left et_pb_bg_layout_light\">\n<div class=\"et_pb_blurb_content\">\n<div class=\"et_pb_blurb_container\">\n<div class=\"et_pb_column et_pb_column_3_4 et_pb_column_0 et_pb_css_mix_blend_mode_passthrough\">\n<div class=\"et_pb_with_border et_pb_module et_pb_text et_pb_text_0 et_pb_text_align_left et_pb_bg_layout_light\" style=\"text-align: center;\"><strong style=\"color: #808080; text-align: center;\"><em>Gesponserte Inhalte<\/em><\/strong><\/div>\n<\/div>\n<div class=\"et_pb_column et_pb_column_1_4 et_pb_column_1 et_pb_css_mix_blend_mode_passthrough et-last-child\">\n<div class=\"et_pb_module et_pb_blurb et_pb_blurb_1 et_hover_enabled et_pb_text_align_center et_pb_blurb_position_left et_pb_bg_layout_light\">\n<div class=\"et_pb_blurb_content\">\n<div class=\"et_pb_blurb_container\">\n<p><strong>Die Gedanken des Europaabgeordneten M\u00e1rton Gy\u00f6ngy\u00f6si (Nicht gebunden) via <a href=\"https:\/\/www.gyongyosimarton.com\/2023\/03\/21\/national-food-assistance-programme-to-replace-price-caps-the-weekly-128\/\" target=\"_blank\" rel=\"noopener\">Pressemitteilung<\/a>:<\/strong><\/p>\n<\/div>\n<\/div>\n<\/div>\n<\/div>\n<\/div>\n<\/div>\n<\/div>\n<\/div>\n<\/div>\n<\/div>\n<div class=\"et_pb_with_border et_pb_section et_pb_section_2 et_section_regular et_had_animation\">\n<div class=\"et_pb_row et_pb_row_1\">\n<div class=\"et_pb_column et_pb_column_4_4 et_pb_column_2 et_pb_css_mix_blend_mode_passthrough et-last-child\">\n<div class=\"et_pb_module et_pb_text et_pb_text_1 et_pb_text_align_justified et_pb_bg_layout_light\">\n<div class=\"et_pb_text_inner\">\n<p>Ungarn hat in den letzten Monaten erlebt, dass die Inflation in nahezu beispiellose H\u00f6hen raste und sogar europ\u00e4ische Rekorde brach, vor allem bei den Nahrungsmitteln W\u00e4hrend andere EU-L\u00e4nder den Prozess jedoch unter Kontrolle halten konnten, scheint Ungarn kaum eine Chance dazu zu haben, \u201cdank\u201d der Wirtschaftspolitik des Orb\u00e1n-Regimes, die direkt aus dem Sozialistenhandbuch kopiert wurde.<\/p>\n<\/div>\n<\/div>\n<div class=\"et_pb_module et_pb_image et_pb_image_0 et-animated et_had_animation\">Die konstante zweistellige Inflation stellt eine enorme Belastung f\u00fcr jeden ungarischen B\u00fcrger dar und trifft Familien mit niedrigem Einkommen besonders hart.<\/div>\n<div class=\"et_pb_module et_pb_text et_pb_text_4 et_pb_text_align_justified et_pb_bg_layout_light\">\n<div class=\"et_pb_text_inner\">\n<blockquote>\n<p><b>Das Orb\u00e1n-Regime hat versucht, die negativen Prozesse zu stoppen, indem es Preisobergrenzen f\u00fcr verschiedene Produkte auferlegt hat, aber diese Ma\u00dfnahmen treiben die Inflation nur noch weiter in die H\u00f6he, f\u00fchren zu st\u00e4ndigen Produktknappheit und f\u00fchren dazu, dass kleine Einzelh\u00e4ndler aus dem Gesch\u00e4ft ausscheiden.<\/b><\/p>\n<\/blockquote>\n<\/div>\n<\/div>\n<div class=\"et_pb_module et_pb_text et_pb_text_5 et_pb_text_align_justified et_pb_bg_layout_light\">\n<div class=\"et_pb_text_inner\">\n<p>Jobbik \u2013 Konservative haben einen Vorschlag zur sofortigen Aufhebung der Preisobergrenzen ausgearbeitet, um einen Teil des Inflationsdrucks zu verringern und gleichzeitig Bed\u00fcrftigen gezielte Hilfe zu leisten.<\/p>\n<\/div>\n<\/div>\n<div class=\"et_pb_module et_pb_text et_pb_text_6 et_pb_text_align_justified et_pb_bg_layout_light\">\n<div class=\"et_pb_text_inner\">\n<p>Unser neues Programm konzentriert sich auf den Schutz von Kindern und Familien: die&nbsp;<b>Nationales Nahrungsmittelhilfeprogramm (NEP)<\/b>&nbsp;Gerechte, bed\u00fcrftigkeitsabh\u00e4ngige Unterst\u00fctzung f\u00fcr benachteiligte ungarische Familien bieten w\u00fcrde Das Programm w\u00fcrde es diesen Familien erlauben, Hilfe in Anspruch zu nehmen, die ihnen helfen w\u00fcrde, gesunde, lokal angebaute und produzierte ungarische Lebensmittel zu kaufen, aber nicht berechtigten B\u00fcrgern (ohne wirklichen Bedarf) erlauben w\u00fcrde, die Hilfe fl\u00e4chendeckend abzuziehen Wie von Jobbik &#8216;Konservative&#8217; vorgeschlagen, k\u00f6nnten die Kosten des Programms aus dem&nbsp;<b>1500 Milliarden HUF an zus\u00e4tzlichen, inflationsbedingten Mehrwertsteuereinnahmen<\/b>&nbsp;In den Staatshaushalt eingezahlt, da die zus\u00e4tzliche Steuer auf die durch die Inflation h\u00f6heren Preise erhoben wird.<\/p>\n<p>B\u00fcrger k\u00f6nnten wie folgt Anspruch auf die Unterst\u00fctzung haben: Jobbik schl\u00e4gt vor, den lebenden Familien regelm\u00e4\u00dfig und monatlich Hilfe zu leisten&nbsp;<b>Bei oder unter der \u201cArmutsschwelle\u201d<\/b>&nbsp;Nach der Definition des Statistischen Zentralamts (65000 HUF\/Monat\/Person) bis zur Senkung der Inflation auf eine Ziffer B\u00fcrger, die f\u00fcr das Programm registriert sind, w\u00fcrden erhalten&nbsp;<b>Sachlich (und nicht barbar)<\/b>&nbsp;Gutscheine, die nur f\u00fcr die im Programm des NEP definierten Zwecke verwendet werden k\u00f6nnten, und jede gewerbliche Verkaufsstelle w\u00e4re verpflichtet, sie gegen die im Programm identifizierten Waren einzutauschen Als m\u00f6gliche Alternative k\u00f6nnte das Finanzministerium die Hilfe des NEP auch auf eine elektronische Karte \u00fcbertragen.<\/p>\n<p>Mit dem NEP Gutschein\/Karte konnte vor allem gekauft werden&nbsp;<b>Gesunde Haushaltsnahrung, Gem\u00fcse, Obst, Getreide, Backwaren, Fisch, Fleisch und Milchprodukte<\/b>&nbsp;(Es w\u00fcrde nicht f\u00fcr den Kauf von Lebensmitteln mit hohem Salz-, Zucker- und Fettgehalt wie Chips, zuckerhaltigen Erfrischungsgetr\u00e4nken, alkoholischen Getr\u00e4nken, Energy-Drinks, Tabakprodukten und anderen Luxusg\u00fctern verwendet) unter Einhaltung der wirksamen Vorschriften zur Gemeinschaftsverpflegung.<\/p>\n<p><em>Haftungsausschluss: die alleinige Haftung f\u00fcr die abgegebenen Stellungnahmen liegt beim Autor (den Verfassern) Diese Stellungnahmen geben nicht unbedingt die offizielle Position des Europ\u00e4ischen Parlaments wieder.<\/em><\/p>\n<\/div>\n<\/div>\n<\/div>\n<\/div>\n<\/div>\n","protected":false},"excerpt":{"rendered":"<p>Gesponserte Inhalte Die Gedanken des Europaabgeordneten M\u00e1rton Gy\u00f6ngy\u00f6si (Nicht gebunden) via Pressemitteilung: Ungarn hat in den letzten Monaten erlebt, dass die Inflation in nahezu beispiellose H\u00f6hen raste und sogar europ\u00e4ische Rekorde brach, vor allem bei den Nahrungsmitteln W\u00e4hrend andere EU-L\u00e4nder den Prozess jedoch unter Kontrolle halten konnten, scheint Ungarn kaum eine Chance dazu zu haben, [&hellip;]<\/p>\n","protected":false},"author":2,"featured_media":677384,"comment_status":"open","ping_status":"open","sticky":false,"template":"","format":"standard","meta":{"_acf_changed":false,"_display_image":"yes","footnotes":""},"categories":[1081],"tags":[1082,1171,1175,1251],"class_list":["post-677383","post","type-post","status-publish","format-standard","has-post-thumbnail","hentry","category-politik","tag-europaische-union","tag-handel","tag-lebensmittel","tag-preisobergrenze"],"blocksy_meta":[],"acf":[],"author_username":"alk","telegram_post":"","public_post_metadata":{"breaking_news":"yes","important":"no","csempe":"no","center_tile":"no","disable_thumbnail":"no","target_lang":"","_featured_image_style":"hidden","telegram_post":"","_xlat_group_id":""},"public_rank_math_data":{"title":"%title% %sep% %sitename%","description":"Das Orb\u00e1n-Regime hat versucht, die negativen Prozesse zu stoppen, indem es Preisobergrenzen f\u00fcr verschiedene Produkte verh\u00e4ngt hat, aber...","focus_keyword":"Preisobergrenzen","canonical_url":"","robots":"","primary_category":"1081","breadcrumb_title":"","facebook_title":"","facebook_description":"","facebook_image":"","facebook_image_id":"","twitter_title":"","twitter_description":"","twitter_image":"","twitter_image_id":"","twitter_card_type":"","twitter_use_facebook":"","advanced_robots":"","pillar_content":"","seo_score":"54","contentai_score":"","rich_snippet":""},"_links":{"self":[{"href":"https:\/\/dailynewshungary.com\/de\/wp-json\/wp\/v2\/posts\/677383","targetHints":{"allow":["GET"]}}],"collection":[{"href":"https:\/\/dailynewshungary.com\/de\/wp-json\/wp\/v2\/posts"}],"about":[{"href":"https:\/\/dailynewshungary.com\/de\/wp-json\/wp\/v2\/types\/post"}],"author":[{"embeddable":true,"href":"https:\/\/dailynewshungary.com\/de\/wp-json\/wp\/v2\/users\/2"}],"replies":[{"embeddable":true,"href":"https:\/\/dailynewshungary.com\/de\/wp-json\/wp\/v2\/comments?post=677383"}],"version-history":[{"count":0,"href":"https:\/\/dailynewshungary.com\/de\/wp-json\/wp\/v2\/posts\/677383\/revisions"}],"wp:featuredmedia":[{"embeddable":true,"href":"https:\/\/dailynewshungary.com\/de\/wp-json\/wp\/v2\/media\/677384"}],"wp:attachment":[{"href":"https:\/\/dailynewshungary.com\/de\/wp-json\/wp\/v2\/media?parent=677383"}],"wp:term":[{"taxonomy":"category","embeddable":true,"href":"https:\/\/dailynewshungary.com\/de\/wp-json\/wp\/v2\/categories?post=677383"},{"taxonomy":"post_tag","embeddable":true,"href":"https:\/\/dailynewshungary.com\/de\/wp-json\/wp\/v2\/tags?post=677383"}],"curies":[{"name":"wp","href":"https:\/\/api.w.org\/{rel}","templated":true}]}}