{"id":677674,"date":"2023-03-13T16:36:23","date_gmt":"2023-03-13T15:36:23","guid":{"rendered":"https:\/\/dailynewshungary.com\/de\/kabinett-orban-ungarn-freier-als-westeuropa\/"},"modified":"2023-03-13T16:36:23","modified_gmt":"2023-03-13T15:36:23","slug":"kabinett-orban-ungarn-freier-als-westeuropa","status":"publish","type":"post","link":"https:\/\/dailynewshungary.com\/de\/kabinett-orban-ungarn-freier-als-westeuropa\/","title":{"rendered":"Kabinett Orb\u00e1n: Ungarn \u2018freier als Westeuropa\u2019"},"content":{"rendered":"<p><strong>Ungarn sei \u201cerheblich freier als L\u00e4nder Westeuropas\u201d, sagte der Leiter des Ministerpr\u00e4sidentenb\u00fcros am Montag auf einer Konferenz und nannte Zust\u00e4nde in den ungarischen Medien als \u201cklare Beweise\u201d.<\/strong><\/p>\n<p>Gergely Guly\u00e1s bestand darauf, dass die Mainstream-Medien in Ungarn \u201csehr unterschiedliche Werte von der extremen Linken bis zur radikalen Rechten\u201d abdecktenJede Ideologie sei pr\u00e4sent und \u201cjeder habe die M\u00f6glichkeit, sich an Diskussionen \u00fcber Themen von \u00f6ffentlichem Interesse zu beteiligen\u201d, f\u00fcgte er hinzu.<\/p>\n<p>In Westeuropa hingegen \u201ehat die Presse, die sich zuvor als konservativ bezeichnete, inzwischen ihre Positionen zu allen wichtigen Themen aufgegeben, sagte Guly\u00e1s.\u201c.<\/p>\n<blockquote>\n<p>\u201cDie Pressefreiheit in Ungarn kann nicht in Frage gestellt werden, jeder kann entsprechend seiner eigenen Ausrichtung ver\u00f6ffentlichen und niemand wird f\u00fcr seine Meinung stigmatisiert\u201d, f\u00fcgte er hinzu.<\/p>\n<\/blockquote>\n<p>Das 21. Jahrhundert sei \u201cbedrohend, wenn linksliberale Themen exklusiv werden\u201d und \u201cdiejenigen, die das nicht akzeptieren, k\u00f6nnten aus der Politik ausgeschlossen werden\u201d, sagte Guly\u00e1s \u201cAber Mitteleuropa hat unter diesem Gesichtspunkt starken Widerstand&#8230; Ungarn hat das Ziel, dass &#8216;Normalit\u00e4t&#8217; weiterhin gef\u00f6rdert werden soll, nicht aufgegeben\u201d, sagte er.<\/p>\n<p>\u201eUnvermeidliche\u201d gesellschaftliche Ver\u00e4nderungen, die derzeit in Westeuropa im Gange sind, \u201ebeg\u00fcnstigen nicht die konservative Welt\u201csagte Guly\u00e1s und \u00e4u\u00dferte Bedenken hinsichtlich der \u201ePrinzipien und Grundlagen, die die Gesellschaft auf lange Sicht funktionsf\u00e4hig machen k\u00f6nnen und die von allen als richtig und richtig akzeptiert werden.\u201cunbestreitbar k\u00f6nnte aufrechterhalten werden\u201d.<\/p>\n<p>Guly\u00e1s sagte, die Europ\u00e4ische Union \u201cversucht, die Stimme der Kr\u00e4fte zu verst\u00e4rken, die bei den Parlamentswahlen in einem Mitgliedsstaat keine Mehrheit erringen konnten\u201d Er beharrte darauf, dass \u201cpolitische Ziele\u201d, die nicht von der Mehrheit unterst\u00fctzt werden, \u201cdurch Erpressung, K\u00fcrzung von Geldern, Drohungen und Aufhebung des (Wahlrechts eines Mitglieds) gef\u00f6rdert werden\u201d, und f\u00fcgte hinzu, dass es sich um ein \u201cantidemokratisches Experiment\u201d handele.<\/p>\n<p>Die ungarische Regierung m\u00fcsse sich an den Debatten Europas \u00fcber Fragen von \u00f6ffentlichem Interesse beteiligen, und Ungarns Denkfabriken sollten diesem Beispiel folgen, sagte Guly\u00e1s \u201cJe mehr Foren f\u00fcr die Durchsetzung der eigenen Position, desto mehr Erfolgschancen f\u00fcr die Politik der Regierung, die auf die Wahrung des nationalen Charakters abzielt\u201d, betonte er.<\/p>\n<p>Wie wir schon vorher geschrieben haben, steigt in Ungarn das Medienbewusstsein \u201clangsam aber sicher\u201d, so eine Umfrage der Medienbeh\u00f6rde des Landes, die <a href=\"https:\/\/dailynewshungary.com\/de\/wachst-das-medienbewusstsein-in-ungarn\/\">Details HIER<\/a>.<\/p>\n<ul>\n<li>Lesen Sie auch: <a href=\"https:\/\/dailynewshungary.com\/de\/budapester-us-botschafter-beschwerte-sich-in-washington-uber-ungarn\/\">Budapester US-Botschafter beschwerte sich in Washington \u00fcber Ungarn<\/a><\/li>\n<\/ul>\n","protected":false},"excerpt":{"rendered":"<p>Ungarn sei \u201cerheblich freier als L\u00e4nder Westeuropas\u201d, sagte der Leiter des Ministerpr\u00e4sidentenb\u00fcros am Montag auf einer Konferenz und nannte Zust\u00e4nde in den ungarischen Medien als \u201cklare Beweise\u201d. Gergely Guly\u00e1s bestand darauf, dass die Mainstream-Medien in Ungarn \u201csehr unterschiedliche Werte von der extremen Linken bis zur radikalen Rechten\u201d abdecktenJede Ideologie sei pr\u00e4sent und \u201cjeder habe die [&hellip;]<\/p>\n","protected":false},"author":2,"featured_media":677675,"comment_status":"open","ping_status":"open","sticky":false,"template":"","format":"standard","meta":{"_acf_changed":false,"_display_image":"yes","footnotes":""},"categories":[1081],"tags":[1082,1207,1102,1076],"class_list":["post-677674","post","type-post","status-publish","format-standard","has-post-thumbnail","hentry","category-politik","tag-europaische-union","tag-medien","tag-ungarische-regierung","tag-ungarn"],"blocksy_meta":[],"acf":[],"author_username":"alk","telegram_post":"","public_post_metadata":{"breaking_news":"yes","important":"no","csempe":"no","center_tile":"no","disable_thumbnail":"no","target_lang":"","_featured_image_style":"hidden","telegram_post":"","_xlat_group_id":""},"public_rank_math_data":{"title":"%title% %sep% %sitename%","description":"Ungarn sei \"erheblich freier als L\u00e4nder in Westeuropa\", sagte der Leiter des B\u00fcros des Premierministers auf einer Konferenz...","focus_keyword":"Freier","canonical_url":"","robots":"","primary_category":"1081","breadcrumb_title":"","facebook_title":"","facebook_description":"","facebook_image":"","facebook_image_id":"","twitter_title":"","twitter_description":"","twitter_image":"","twitter_image_id":"","twitter_card_type":"","twitter_use_facebook":"","advanced_robots":"","pillar_content":"","seo_score":"55","contentai_score":"","rich_snippet":""},"_links":{"self":[{"href":"https:\/\/dailynewshungary.com\/de\/wp-json\/wp\/v2\/posts\/677674","targetHints":{"allow":["GET"]}}],"collection":[{"href":"https:\/\/dailynewshungary.com\/de\/wp-json\/wp\/v2\/posts"}],"about":[{"href":"https:\/\/dailynewshungary.com\/de\/wp-json\/wp\/v2\/types\/post"}],"author":[{"embeddable":true,"href":"https:\/\/dailynewshungary.com\/de\/wp-json\/wp\/v2\/users\/2"}],"replies":[{"embeddable":true,"href":"https:\/\/dailynewshungary.com\/de\/wp-json\/wp\/v2\/comments?post=677674"}],"version-history":[{"count":0,"href":"https:\/\/dailynewshungary.com\/de\/wp-json\/wp\/v2\/posts\/677674\/revisions"}],"wp:featuredmedia":[{"embeddable":true,"href":"https:\/\/dailynewshungary.com\/de\/wp-json\/wp\/v2\/media\/677675"}],"wp:attachment":[{"href":"https:\/\/dailynewshungary.com\/de\/wp-json\/wp\/v2\/media?parent=677674"}],"wp:term":[{"taxonomy":"category","embeddable":true,"href":"https:\/\/dailynewshungary.com\/de\/wp-json\/wp\/v2\/categories?post=677674"},{"taxonomy":"post_tag","embeddable":true,"href":"https:\/\/dailynewshungary.com\/de\/wp-json\/wp\/v2\/tags?post=677674"}],"curies":[{"name":"wp","href":"https:\/\/api.w.org\/{rel}","templated":true}]}}