{"id":677798,"date":"2023-03-10T07:34:00","date_gmt":"2023-03-10T06:34:00","guid":{"rendered":"https:\/\/dailynewshungary.com\/de\/minister-ungarn-schutzt-europa-vor-illegalen-migranten\/"},"modified":"2023-03-10T07:34:00","modified_gmt":"2023-03-10T06:34:00","slug":"minister-ungarn-schutzt-europa-vor-illegalen-migranten","status":"publish","type":"post","link":"https:\/\/dailynewshungary.com\/de\/minister-ungarn-schutzt-europa-vor-illegalen-migranten\/","title":{"rendered":"Minister: Ungarn sch\u00fctzt Europa vor illegalen Migranten"},"content":{"rendered":"<p><strong>Bence R\u00e9tv\u00e1ri, Staatssekret\u00e4r im Innenministerium, forderte \u201eechte und wirksame\u201cGrenzschutzma\u00dfnahmen der Europ\u00e4ischen Union am Donnerstag in Br\u00fcssel, wo er an einem Treffen der EU-Innenminister teilnahm.<\/strong><\/p>\n<p>\u201cUngarn sch\u00fctzt Europa vor einem massiven Druck, der von illegalen Migranten ausgeht, und sch\u00fctzt so die Au\u00dfengrenzen der EU\u201d, sagte er nach dem Treffen ungarischen Reportern und f\u00fcgte hinzu, dass Br\u00fcssel \u201cMittel zu den 1,6 Milliarden Euro beitragen sollte, die Ungarn bisher f\u00fcr die Gew\u00e4hrleistung der Sicherheit der Gemeinschaft ausgegeben hat\u201d.<\/p>\n<ul>\n<li>Lesen Sie auch: <a href=\"https:\/\/dailynewshungary.com\/de\/orban-kritisiert-brussel-gemeinsam-mit-dem-prasidenten-der-freiheitlichen-partei-osterreichs\/\">Orb\u00e1n kritisiert Br\u00fcssel gemeinsam mit dem Pr\u00e4sidenten der Freiheitlichen Partei \u00d6sterreichs<\/a><\/li>\n<\/ul>\n<p>Im Zusammenhang mit dem Krieg in der Ukraine unterstrich er, dass ein sofortiger Waffenstillstand und die Vermittlung von Frieden f\u00fcr Ungarn von vorrangiger Bedeutung seienEr stellte fest, dass die zweite Generation des Schengener Informationssystems SIS II vor zwei Tagen auf den Weg gebracht worden seiEr nannte das System ein wichtiges Instrument zur wirksameren Bek\u00e4mpfung der grenz\u00fcberschreitenden Kriminalit\u00e4t.<\/p>\n","protected":false},"excerpt":{"rendered":"<p>Bence R\u00e9tv\u00e1ri, Staatssekret\u00e4r im Innenministerium, forderte \u201eechte und wirksame\u201cGrenzschutzma\u00dfnahmen der Europ\u00e4ischen Union am Donnerstag in Br\u00fcssel, wo er an einem Treffen der EU-Innenminister teilnahm. \u201cUngarn sch\u00fctzt Europa vor einem massiven Druck, der von illegalen Migranten ausgeht, und sch\u00fctzt so die Au\u00dfengrenzen der EU\u201d, sagte er nach dem Treffen ungarischen Reportern und f\u00fcgte hinzu, dass Br\u00fcssel [&hellip;]<\/p>\n","protected":false},"author":33,"featured_media":677799,"comment_status":"open","ping_status":"open","sticky":false,"template":"","format":"standard","meta":{"_acf_changed":false,"_display_image":"yes","footnotes":""},"categories":[1081],"tags":[1082,1445,1076],"class_list":["post-677798","post","type-post","status-publish","format-standard","has-post-thumbnail","hentry","category-politik","tag-europaische-union","tag-migration","tag-ungarn"],"blocksy_meta":[],"acf":[],"author_username":"ugyelet","telegram_post":"","public_post_metadata":{"breaking_news":"yes","important":"no","csempe":"no","center_tile":"no","disable_thumbnail":"no","target_lang":"","_featured_image_style":"hidden","telegram_post":"","_xlat_group_id":""},"public_rank_math_data":{"title":"%title% %sep% %sitename%","description":"","focus_keyword":"","canonical_url":"","robots":"","primary_category":"1081","breadcrumb_title":"","facebook_title":"","facebook_description":"","facebook_image":"","facebook_image_id":"","twitter_title":"","twitter_description":"","twitter_image":"","twitter_image_id":"","twitter_card_type":"","twitter_use_facebook":"","advanced_robots":"","pillar_content":"","seo_score":"","contentai_score":"","rich_snippet":""},"_links":{"self":[{"href":"https:\/\/dailynewshungary.com\/de\/wp-json\/wp\/v2\/posts\/677798","targetHints":{"allow":["GET"]}}],"collection":[{"href":"https:\/\/dailynewshungary.com\/de\/wp-json\/wp\/v2\/posts"}],"about":[{"href":"https:\/\/dailynewshungary.com\/de\/wp-json\/wp\/v2\/types\/post"}],"author":[{"embeddable":true,"href":"https:\/\/dailynewshungary.com\/de\/wp-json\/wp\/v2\/users\/33"}],"replies":[{"embeddable":true,"href":"https:\/\/dailynewshungary.com\/de\/wp-json\/wp\/v2\/comments?post=677798"}],"version-history":[{"count":0,"href":"https:\/\/dailynewshungary.com\/de\/wp-json\/wp\/v2\/posts\/677798\/revisions"}],"wp:featuredmedia":[{"embeddable":true,"href":"https:\/\/dailynewshungary.com\/de\/wp-json\/wp\/v2\/media\/677799"}],"wp:attachment":[{"href":"https:\/\/dailynewshungary.com\/de\/wp-json\/wp\/v2\/media?parent=677798"}],"wp:term":[{"taxonomy":"category","embeddable":true,"href":"https:\/\/dailynewshungary.com\/de\/wp-json\/wp\/v2\/categories?post=677798"},{"taxonomy":"post_tag","embeddable":true,"href":"https:\/\/dailynewshungary.com\/de\/wp-json\/wp\/v2\/tags?post=677798"}],"curies":[{"name":"wp","href":"https:\/\/api.w.org\/{rel}","templated":true}]}}