{"id":677960,"date":"2023-03-05T15:34:00","date_gmt":"2023-03-05T14:34:00","guid":{"rendered":"https:\/\/dailynewshungary.com\/de\/orban-ist-mit-dem-rest-europas-nicht-wieder-einverstanden-und-konnte-mit-diesem-schritt-eine-krise-auslosen\/"},"modified":"2023-03-05T15:34:00","modified_gmt":"2023-03-05T14:34:00","slug":"orban-ist-mit-dem-rest-europas-nicht-wieder-einverstanden-und-konnte-mit-diesem-schritt-eine-krise-auslosen","status":"publish","type":"post","link":"https:\/\/dailynewshungary.com\/de\/orban-ist-mit-dem-rest-europas-nicht-wieder-einverstanden-und-konnte-mit-diesem-schritt-eine-krise-auslosen\/","title":{"rendered":"Orb\u00e1n ist mit dem Rest Europas nicht wieder einverstanden und k\u00f6nnte mit diesem Schritt eine Krise ausl\u00f6sen"},"content":{"rendered":"<p><strong>Ungarn k\u00f6nnte als erstes europ\u00e4isches Land seine Botschaft von Tel Aviv nach Jerusalem verlegenDie umstrittene Geste k\u00f6nnte zu diplomatischen Fragen f\u00fchren, da sie offenbar von der EU nicht gebilligt wurde.<\/strong><\/p>\n<p>Als Teil einer scheinbar besonderen Geste seines ungarischen Kollegen Viktor Orb\u00e1n an Premierminister Benjamin Netanyahu wird Ungarn n\u00e4chsten Monat seine Botschaft in Israel nach Jerusalem verlegen <a href=\"https:\/\/www.timesofisrael.com\/in-apparent-gesture-to-netanyahu-orban-to-move-hungarys-embassy-to-jerusalem\/\" target=\"_blank\" rel=\"noopener\">Die Times of Israel berichtet<\/a>.<\/p>\n<p>Die israelischen Zeitungen berichten, dass Quellen des Au\u00dfenministeriums die Entscheidung Budapests mit dem Wunsch des ungarischen F\u00fchrers in Verbindung bringen, dem Premierminister zu helfen, w\u00e4hrend es Kontroversen \u00fcber Pl\u00e4ne zur Schw\u00e4chung der Justiz gibt, die mit Ungarn verglichen werden.<\/p>\n<ul>\n<li>Lesen Sie auch: <a href=\"https:\/\/dailynewshungary.com\/de\/botschaft-aus-brussel-orban-soll-seines-stimmrechts-beraubt-werden\/\">Botschaft aus Br\u00fcssel: Orb\u00e1n soll seines Stimmrechts beraubt werden<\/a><\/li>\n<\/ul>\n<p>Angesichts des Aufruhrs um Vorschl\u00e4ge zur Schw\u00e4chung der Justiz in Israel verkn\u00fcpfen die Quellen des Au\u00dfenministeriums der Times of Israel den Schritt Budapests mit dem Wunsch des ungarischen F\u00fchrers, den Premierminister zu unterst\u00fctzen.<\/p>\n<p>Hochrangige Beamte des Au\u00dfenministeriums teilten Zman Yisrael, der hebr\u00e4ischsprachigen Schwesterseite der Times of Israel, am Freitag mit, dass die beiden L\u00e4nder k\u00fcrzlich eine Einigung in dieser Frage erzielt h\u00e4ttenDie Konkretisierungen wurden w\u00e4hrend intensiver Gespr\u00e4che zwischen Au\u00dfenminister Eli Cohen und dem ungarischen P\u00e9ter Szijj\u00e1rt\u00f3 ausgearbeitet.<\/p>\n<p>Ungarn wird als erster EU-Mitgliedstaat infolge der Entscheidung eine Botschaft in Jerusalem er\u00f6ffnen, was die EU mangels eines pal\u00e4stinensisch-israelischen Friedensabkommens ablehnt.<\/p>\n<h2>Die EU-Kommission ist anderer Ansicht<\/h2>\n<p>Die Europ\u00e4ische Union hat eine langj\u00e4hrige Position, die aus einer UN-Resolution von 1980 herr\u00fchrt, in der alle L\u00e4nder aufgefordert werden, ihre Botschaften aus Jerusalem abzuziehen Das bedeutet, dass jetzt jeder EU-Mitgliedstaat seine Diplomaten nach Tel Aviv delegiert.<\/p>\n<ul>\n<li>Lesen Sie auch: <a href=\"https:\/\/dailynewshungary.com\/de\/ungarischer-prasident-um-den-scheidenden-tschechischen-prasidenten-zu-schmucken\/\">Ungarischer Pr\u00e4sident, um den scheidenden tschechischen Pr\u00e4sidenten zu schm\u00fccken<\/a><\/li>\n<\/ul>\n<p><a href=\"https:\/\/telex.hu\/kulfold\/2023\/03\/03\/europai-bizottsag-jeruzsalem-magyar-nagykovetseg\" target=\"_blank\" rel=\"noopener\">Telex.hu<\/a> Berichten zufolge wurde der angebliche Schritt von der EU nicht genehmigt. Ein Sprecher der Europ\u00e4ischen Kommission sagte am Freitag, die Organisation habe von keiner offiziellen Mitteilung \u00fcber die Absicht Ungarns geh\u00f6rt, ihre Botschaft nach Jerusalem zu verlegen.<\/p>\n<p>Dies ist nicht Ungarns erster diplomatischer Gefallen f\u00fcr die von Netanjahu gef\u00fchrte israelische Regierung. Orb\u00e1n verpflichtete sich w\u00e4hrend einer Reise nach Israel im Jahr 2019, in Jerusalem ein Handelsb\u00fcro mit \u201ediplomatischem Status\u201czu er\u00f6ffnen.<\/p>\n<p>Einige Monate sp\u00e4ter nahm Au\u00dfenminister P\u00e9ter Szijj\u00e1rt\u00f3 an der Er\u00f6ffnungszeremonie des B\u00fcros teil. Netanyahu sagte, der Schritt sei wichtig, da \u201eUngarn derzeit einen Schritt anf\u00fchrt, um die Haltung Europas gegen\u00fcber Jerusalem zu \u00e4ndern.\u201c\u201d<\/p>\n","protected":false},"excerpt":{"rendered":"<p>Ungarn k\u00f6nnte als erstes europ\u00e4isches Land seine Botschaft von Tel Aviv nach Jerusalem verlegenDie umstrittene Geste k\u00f6nnte zu diplomatischen Fragen f\u00fchren, da sie offenbar von der EU nicht gebilligt wurde. Als Teil einer scheinbar besonderen Geste seines ungarischen Kollegen Viktor Orb\u00e1n an Premierminister Benjamin Netanyahu wird Ungarn n\u00e4chsten Monat seine Botschaft in Israel nach Jerusalem [&hellip;]<\/p>\n","protected":false},"author":73,"featured_media":677961,"comment_status":"open","ping_status":"open","sticky":false,"template":"","format":"standard","meta":{"_acf_changed":false,"_display_image":"yes","footnotes":""},"categories":[1081],"tags":[1169,1132,1156,1076,1333],"class_list":["post-677960","post","type-post","status-publish","format-standard","has-post-thumbnail","hentry","category-politik","tag-aussenministerium-von-ungarn","tag-diplomatie","tag-israel","tag-ungarn","tag-viktor-oder-ban"],"blocksy_meta":[],"acf":[],"author_username":"Koles_Pisti","telegram_post":"","public_post_metadata":{"breaking_news":"yes","important":"no","csempe":"no","center_tile":"no","disable_thumbnail":"no","target_lang":"","_featured_image_style":"hidden","telegram_post":"","_xlat_group_id":""},"public_rank_math_data":{"title":"%title% %sep% %sitename%","description":"Ungarn k\u00f6nnte als erster EU-Mitgliedstaat seine Botschaft in Israel von Tel Aviv nach Jerusalem verlegen, PM Orb\u00e1n beginnt eine neue Krise?","focus_keyword":"Orb\u00e1n","canonical_url":"","robots":"","primary_category":"1081","breadcrumb_title":"","facebook_title":"","facebook_description":"","facebook_image":"","facebook_image_id":"","twitter_title":"","twitter_description":"","twitter_image":"","twitter_image_id":"","twitter_card_type":"","twitter_use_facebook":"","advanced_robots":"","pillar_content":"","seo_score":"64","contentai_score":"","rich_snippet":""},"_links":{"self":[{"href":"https:\/\/dailynewshungary.com\/de\/wp-json\/wp\/v2\/posts\/677960","targetHints":{"allow":["GET"]}}],"collection":[{"href":"https:\/\/dailynewshungary.com\/de\/wp-json\/wp\/v2\/posts"}],"about":[{"href":"https:\/\/dailynewshungary.com\/de\/wp-json\/wp\/v2\/types\/post"}],"author":[{"embeddable":true,"href":"https:\/\/dailynewshungary.com\/de\/wp-json\/wp\/v2\/users\/73"}],"replies":[{"embeddable":true,"href":"https:\/\/dailynewshungary.com\/de\/wp-json\/wp\/v2\/comments?post=677960"}],"version-history":[{"count":0,"href":"https:\/\/dailynewshungary.com\/de\/wp-json\/wp\/v2\/posts\/677960\/revisions"}],"wp:featuredmedia":[{"embeddable":true,"href":"https:\/\/dailynewshungary.com\/de\/wp-json\/wp\/v2\/media\/677961"}],"wp:attachment":[{"href":"https:\/\/dailynewshungary.com\/de\/wp-json\/wp\/v2\/media?parent=677960"}],"wp:term":[{"taxonomy":"category","embeddable":true,"href":"https:\/\/dailynewshungary.com\/de\/wp-json\/wp\/v2\/categories?post=677960"},{"taxonomy":"post_tag","embeddable":true,"href":"https:\/\/dailynewshungary.com\/de\/wp-json\/wp\/v2\/tags?post=677960"}],"curies":[{"name":"wp","href":"https:\/\/api.w.org\/{rel}","templated":true}]}}