{"id":678029,"date":"2023-03-03T13:12:32","date_gmt":"2023-03-03T12:12:32","guid":{"rendered":"https:\/\/dailynewshungary.com\/de\/ungarischer-prasident-um-den-scheidenden-tschechischen-prasidenten-zu-schmucken\/"},"modified":"2023-03-03T13:12:32","modified_gmt":"2023-03-03T12:12:32","slug":"ungarischer-prasident-um-den-scheidenden-tschechischen-prasidenten-zu-schmucken","status":"publish","type":"post","link":"https:\/\/dailynewshungary.com\/de\/ungarischer-prasident-um-den-scheidenden-tschechischen-prasidenten-zu-schmucken\/","title":{"rendered":"Ungarischer Pr\u00e4sident, um den scheidenden tschechischen Pr\u00e4sidenten zu schm\u00fccken"},"content":{"rendered":"<p><strong>Pr\u00e4sidentin Katalin Nov\u00e1k werde am Freitag bei einem offiziellen Besuch in Prag den scheidenden tschechischen Pr\u00e4sidenten Milos Zeman schm\u00fccken, teilte das B\u00fcro des Pr\u00e4sidenten mit.<\/strong><\/p>\n<p>Nov\u00e1k werde in Prag von Zeman mit milit\u00e4rischen Ehren empfangen, sagte Sandor Palace in einer Erkl\u00e4rung. \u201eZeman wird den Verdienstorden Ungarns und das Gro\u00dfkreuz mit Kette erhalten, \u201eals Ausdruck der Wertsch\u00e4tzung der ungarischen Nation\u201csagte die Erkl\u00e4rung. \u201eNov\u00e1k soll auch den gew\u00e4hlten Pr\u00e4sidenten Petr Pavel treffen\u201d.<\/p>\n<p><a class=\"dnh-embed-link\" href=\"https:\/\/dailynewshungary.com\/de\/wahre-freunde-orban-erhielt-den-verdienstorden-der-republik-serbien\/\"><\/a><\/p>\n<p><a class=\"dnh-embed-link\" href=\"https:\/\/dailynewshungary.com\/de\/wahre-freunde-orban-erhielt-den-verdienstorden-der-republik-serbien\/\"><\/p>\n<div class=\"dnh-embed\">\n<div class=\"dnh-embed-thumb\"><img loading=\"lazy\" decoding=\"async\" width=\"1025\" height=\"450\" src=\"https:\/\/contentf5.dailynewshungary.com\/wp-content\/uploads\/2022\/09\/Hungary-Order-of-Merit-Orban-1025x450.webp\" class=\"attachment-embed_thumbnail size-embed_thumbnail wp-post-image\" alt=\"Hungary Order Of Merit Orban X\"><\/div>\n<h5 class=\"dnh-embed-title\"><span>Lesen Sie auch<\/span> Wahre Freunde: Orb\u00e1n erhielt den Verdienstorden der Republik Serbien <\/h5>\n<\/div>\n<p><\/a><\/p>\n<p><a class=\"dnh-embed-link\" href=\"https:\/\/dailynewshungary.com\/de\/wahre-freunde-orban-erhielt-den-verdienstorden-der-republik-serbien\/\"><\/a><\/p>\n","protected":false},"excerpt":{"rendered":"<p>Pr\u00e4sidentin Katalin Nov\u00e1k werde am Freitag bei einem offiziellen Besuch in Prag den scheidenden tschechischen Pr\u00e4sidenten Milos Zeman schm\u00fccken, teilte das B\u00fcro des Pr\u00e4sidenten mit. Nov\u00e1k werde in Prag von Zeman mit milit\u00e4rischen Ehren empfangen, sagte Sandor Palace in einer Erkl\u00e4rung. \u201eZeman wird den Verdienstorden Ungarns und das Gro\u00dfkreuz mit Kette erhalten, \u201eals Ausdruck der [&hellip;]<\/p>\n","protected":false},"author":50,"featured_media":678030,"comment_status":"open","ping_status":"open","sticky":false,"template":"","format":"standard","meta":{"_acf_changed":false,"_display_image":"yes","footnotes":""},"categories":[1101],"tags":[1198,1366],"class_list":["post-678029","post","type-post","status-publish","format-standard","has-post-thumbnail","hentry","category-flashnews","tag-prasident-von-ungarn","tag-tschechische-republik"],"blocksy_meta":[],"acf":[],"author_username":"dnh","telegram_post":"","public_post_metadata":{"breaking_news":"yes","important":"no","csempe":"no","center_tile":"no","disable_thumbnail":"no","target_lang":"","_featured_image_style":"hidden","telegram_post":"","_xlat_group_id":""},"public_rank_math_data":{"title":"%title% %sep% %sitename%","description":"Pr\u00e4sidentin Katalin Nov\u00e1k wird am Freitag bei einem offiziellen Besuch in Prag den scheidenden tschechischen Pr\u00e4sidenten Milos Zeman schm\u00fccken","focus_keyword":"Pr\u00e4sident","canonical_url":"","robots":"","primary_category":"1101","breadcrumb_title":"","facebook_title":"","facebook_description":"","facebook_image":"","facebook_image_id":"","twitter_title":"","twitter_description":"","twitter_image":"","twitter_image_id":"","twitter_card_type":"","twitter_use_facebook":"","advanced_robots":"","pillar_content":"","seo_score":"55","contentai_score":"","rich_snippet":""},"_links":{"self":[{"href":"https:\/\/dailynewshungary.com\/de\/wp-json\/wp\/v2\/posts\/678029","targetHints":{"allow":["GET"]}}],"collection":[{"href":"https:\/\/dailynewshungary.com\/de\/wp-json\/wp\/v2\/posts"}],"about":[{"href":"https:\/\/dailynewshungary.com\/de\/wp-json\/wp\/v2\/types\/post"}],"author":[{"embeddable":true,"href":"https:\/\/dailynewshungary.com\/de\/wp-json\/wp\/v2\/users\/50"}],"replies":[{"embeddable":true,"href":"https:\/\/dailynewshungary.com\/de\/wp-json\/wp\/v2\/comments?post=678029"}],"version-history":[{"count":0,"href":"https:\/\/dailynewshungary.com\/de\/wp-json\/wp\/v2\/posts\/678029\/revisions"}],"wp:featuredmedia":[{"embeddable":true,"href":"https:\/\/dailynewshungary.com\/de\/wp-json\/wp\/v2\/media\/678030"}],"wp:attachment":[{"href":"https:\/\/dailynewshungary.com\/de\/wp-json\/wp\/v2\/media?parent=678029"}],"wp:term":[{"taxonomy":"category","embeddable":true,"href":"https:\/\/dailynewshungary.com\/de\/wp-json\/wp\/v2\/categories?post=678029"},{"taxonomy":"post_tag","embeddable":true,"href":"https:\/\/dailynewshungary.com\/de\/wp-json\/wp\/v2\/tags?post=678029"}],"curies":[{"name":"wp","href":"https:\/\/api.w.org\/{rel}","templated":true}]}}