{"id":678395,"date":"2023-02-21T20:34:00","date_gmt":"2023-02-21T19:34:00","guid":{"rendered":"https:\/\/dailynewshungary.com\/de\/ungarischer-ausenminister-will-eu-integration-des-westbalkans-beschleunigen\/"},"modified":"2023-02-21T20:34:00","modified_gmt":"2023-02-21T19:34:00","slug":"ungarischer-ausenminister-will-eu-integration-des-westbalkans-beschleunigen","status":"publish","type":"post","link":"https:\/\/dailynewshungary.com\/de\/ungarischer-ausenminister-will-eu-integration-des-westbalkans-beschleunigen\/","title":{"rendered":"Ungarischer Au\u00dfenminister will EU-Integration des Westbalkans beschleunigen"},"content":{"rendered":"<p><strong>Die aktuelle Krise biete eine Chance, die Integration der Europ\u00e4ischen Union auf dem Westbalkan, ein nationales Sicherheits &#8211; und Wirtschaftsinteresse Ungarns und der EU, zu beschleunigen, sagte Au\u00dfenminister P\u00e9ter Szijj\u00e1rt\u00f3 am Dienstag nach Gespr\u00e4chen mit Tanja Mi\u0161c\u00e9vi\u0107, Serbiens neu ernannter Ministerin f\u00fcr europ\u00e4ische Integration.<\/strong><\/p>\n<p><a href=\"https:\/\/www.facebook.com\/szijjarto.peter.official\/posts\/pfbid022X21QVkimSJP1MxvjKBqkz5SokGgeisxjvkuduQiVEguVJPHKjhfWuMdwYeQbvf8l\" target=\"_blank\" rel=\"noopener\">Szijj\u00e1rt\u00f3<\/a> Einer gemeinsamen Pressekonferenz nach den Gespr\u00e4chen sagte, Europa stehe wegen der Sanktionen, die Russland als Reaktion auf den Krieg in der Ukraine auferlegt wurden, vor \u201cschweren Sicherheits, Wirtschafts &#8211; und Energieversorgungskrisen\u201d W\u00e4hrend die L\u00f6sung ein z\u00fcgiges Ende des Konflikts w\u00e4re, k\u00f6nnte die EU-Erweiterung die Lage des Blocks auch unter diesen schwierigen Umst\u00e4nden verbessern, sagte er.<\/p>\n<p>Die Integration Serbiens, des gr\u00f6\u00dften Landes der Region, w\u00e4re in diesem Prozess von entscheidender Bedeutung, sagte er und forderte die Er\u00f6ffnung der verbleibenden 13 Kapitel im Beitrittsverfahren des Landes. Er sagte, die Integration schreite \u201eunannehmbar langsam\u201cfort und kritisierte die \u201eL\u00e4nder, die sie absichtlich verlangsamen\u201d und sagte \u201eAlle, die die Integration verlangsamen, schw\u00e4chen tats\u00e4chlich die Europ\u00e4ische Union\u201d.<\/p>\n<ul>\n<li>Lesen Sie auch: <a href=\"https:\/\/dailynewshungary.com\/de\/kein-geld-fur-schutzwesten-ungarische-polizisten-kaufen-sich-ihre-eigenen\/\">Kein Geld f\u00fcr Schutzwesten, ungarische Polizisten kaufen sich ihre eigenen<\/a><\/li>\n<\/ul>\n<p>Serbien k\u00f6nnte einen gro\u00dfen Beitrag zur physischen, wirtschaftlichen und Energieversorgungssicherheit des Blocks leisten, sagte erDer Migrationsdruck in der Region w\u00e4chst, und die Zusammenarbeit mit Belgrad ist ein Schl\u00fcsselelement f\u00fcr den Grenzschutz, sagte er.<\/p>\n<p>\u201cUngarn wird nat\u00fcrlich seine Grenzen sch\u00fctzen, auch wenn es keine Hilfe von Br\u00fcssel erh\u00e4ltWir werden unsere Grenzen sch\u00fctzen, aggressive Migranten fernhalten und Serbien auch dabei helfen, die Verteidigungslinien weiter nach S\u00fcden zu treiben\u201d, sagte erIn Bezug auf die Wirtschaftsbeziehungen stellte Szijj\u00e1rt\u00f3 fest, dass der ungarisch-serbische Handel im vergangenen Jahr um 68 Prozent auf den Rekordwert von 6 Milliarden Euro gestiegen sei \u201cWir sind bereit, EU-Mittel f\u00fcr die grenz\u00fcberschreitende Wirtschaftsentwicklung zu erhalten\u201d, sagte er.<\/p>\n<p>Im Jahr 2022 importierte Ungarn \u00fcber Serbien rund 5 Milliarden Kubikmeter Gas, die einzige Ost-West-Pipeline, die derzeit zu 100 Prozent ausgelastet ist, sagte er \u201cUngarn w\u00e4re in gro\u00dfen Schwierigkeiten, wenn Serbien kein zuverl\u00e4ssiges Transitland w\u00e4re\u201d, sagte er \u201cDie Europ\u00e4ische Union w\u00e4re auch in einer besseren Position, wenn sie bei der Gew\u00e4hrleistung der physischen Sicherheit, der Energiesicherheit und der Wirtschaft enger mit Serbien zusammenarbeiten w\u00fcrde\u201d, f\u00fcgte er hinzu.<\/p>\n","protected":false},"excerpt":{"rendered":"<p>Die aktuelle Krise biete eine Chance, die Integration der Europ\u00e4ischen Union auf dem Westbalkan, ein nationales Sicherheits &#8211; und Wirtschaftsinteresse Ungarns und der EU, zu beschleunigen, sagte Au\u00dfenminister P\u00e9ter Szijj\u00e1rt\u00f3 am Dienstag nach Gespr\u00e4chen mit Tanja Mi\u0161c\u00e9vi\u0107, Serbiens neu ernannter Ministerin f\u00fcr europ\u00e4ische Integration. Szijj\u00e1rt\u00f3 Einer gemeinsamen Pressekonferenz nach den Gespr\u00e4chen sagte, Europa stehe wegen [&hellip;]<\/p>\n","protected":false},"author":33,"featured_media":678396,"comment_status":"open","ping_status":"open","sticky":false,"template":"","format":"standard","meta":{"_acf_changed":false,"_display_image":"","footnotes":""},"categories":[1081],"tags":[1470,1243,1082,1076],"class_list":["post-678395","post","type-post","status-publish","format-standard","has-post-thumbnail","hentry","category-politik","tag-ausenministerium-fur-ungarn","tag-balkan","tag-europaische-union","tag-ungarn"],"blocksy_meta":[],"acf":[],"author_username":"ugyelet","telegram_post":"","public_post_metadata":{"breaking_news":"yes","important":"no","csempe":"no","center_tile":"no","disable_thumbnail":"no","target_lang":"","_featured_image_style":"","telegram_post":"","_xlat_group_id":""},"public_rank_math_data":{"title":"%title% %sep% %sitename%","description":"Die aktuelle Krise bietet eine Chance, die Integration der Europ\u00e4ischen Union in den Westbalkan, eine nationale Sicherheit und... zu beschleunigen.","focus_keyword":"Westlicher Balkan","canonical_url":"","robots":"","primary_category":"1081","breadcrumb_title":"","facebook_title":"","facebook_description":"","facebook_image":"","facebook_image_id":"","twitter_title":"","twitter_description":"","twitter_image":"","twitter_image_id":"","twitter_card_type":"","twitter_use_facebook":"","advanced_robots":"","pillar_content":"","seo_score":"61","contentai_score":"","rich_snippet":""},"_links":{"self":[{"href":"https:\/\/dailynewshungary.com\/de\/wp-json\/wp\/v2\/posts\/678395","targetHints":{"allow":["GET"]}}],"collection":[{"href":"https:\/\/dailynewshungary.com\/de\/wp-json\/wp\/v2\/posts"}],"about":[{"href":"https:\/\/dailynewshungary.com\/de\/wp-json\/wp\/v2\/types\/post"}],"author":[{"embeddable":true,"href":"https:\/\/dailynewshungary.com\/de\/wp-json\/wp\/v2\/users\/33"}],"replies":[{"embeddable":true,"href":"https:\/\/dailynewshungary.com\/de\/wp-json\/wp\/v2\/comments?post=678395"}],"version-history":[{"count":0,"href":"https:\/\/dailynewshungary.com\/de\/wp-json\/wp\/v2\/posts\/678395\/revisions"}],"wp:featuredmedia":[{"embeddable":true,"href":"https:\/\/dailynewshungary.com\/de\/wp-json\/wp\/v2\/media\/678396"}],"wp:attachment":[{"href":"https:\/\/dailynewshungary.com\/de\/wp-json\/wp\/v2\/media?parent=678395"}],"wp:term":[{"taxonomy":"category","embeddable":true,"href":"https:\/\/dailynewshungary.com\/de\/wp-json\/wp\/v2\/categories?post=678395"},{"taxonomy":"post_tag","embeddable":true,"href":"https:\/\/dailynewshungary.com\/de\/wp-json\/wp\/v2\/tags?post=678395"}],"curies":[{"name":"wp","href":"https:\/\/api.w.org\/{rel}","templated":true}]}}