{"id":678584,"date":"2023-02-16T13:35:46","date_gmt":"2023-02-16T12:35:46","guid":{"rendered":"https:\/\/dailynewshungary.com\/de\/ungarische-militarische-rekrutierungskampagne-mit-dem-ziel-junge-menschen-zu-erreichen\/"},"modified":"2023-02-16T13:35:46","modified_gmt":"2023-02-16T12:35:46","slug":"ungarische-militarische-rekrutierungskampagne-mit-dem-ziel-junge-menschen-zu-erreichen","status":"publish","type":"post","link":"https:\/\/dailynewshungary.com\/de\/ungarische-militarische-rekrutierungskampagne-mit-dem-ziel-junge-menschen-zu-erreichen\/","title":{"rendered":"Ungarische milit\u00e4rische Rekrutierungskampagne mit dem Ziel, junge Menschen zu erreichen"},"content":{"rendered":"<p><strong>Die k\u00fcrzlich gestartete Rekrutierungskampagne des ungarischen Milit\u00e4rs zielt darauf ab, \u201enicht nur diejenigen anzulocken, die bereits an einer Milit\u00e4rkarriere interessiert sind, sondern auch junge Menschen zu erreichen und ein B\u00fcndnis anzubieten\u201csagte der Verteidigungsminister am Donnerstag im \u00f6ffentlichen Radio.<\/strong><\/p>\n<p>Die Kampagne biete auch \u201cDialog mit der Gesellschaft \u00fcber die Bedeutung des Schutzes der Heimat und die Entwicklung der Streitkr\u00e4fte in den letzten Jahren\u201d, sagte Krist\u00f3f Szalay-Bobrovniczky.<\/p>\n<ul>\n<li><a href=\"https:\/\/dailynewshungary.com\/de\/der-neue-ungarische-kampfverband-der-nato-erreichte-zuerst-die-einsatzfahigkeit\/\" target=\"_blank\" rel=\"noopener\">Der neue ungarische Kampfverband der NATO erreichte zuerst die Einsatzf\u00e4higkeit<\/a><\/li>\n<\/ul>\n<p>Das Milit\u00e4r brauche \u201cphysisch fitte Jugendliche, die Sprachen sprechen und sich f\u00fcr die Sache der Verteidigung einsetzen\u201d, sagte der Minister und f\u00fcgte hinzu, dass Menschen aus allen Gesellschaftsschichten \u201ceinen Platz\u201d in der Armee finden k\u00f6nnten.<\/p>\n<p>Zu den Bem\u00fchungen um eine \u201cVerj\u00fcngung\u201d des Milit\u00e4rs sagte Szalay-Bobrovniczky, sie zielten darauf ab, \u201cOffizieren mit Erfahrung in Auslandseins\u00e4tzen und an NATO-Schulen, die seit vielen Jahren dienen und sich in einem hervorragenden physischen Zustand befinden, eine Chance zu geben\u201d Er bestand darauf, dass jedes Milit\u00e4r innerhalb der NATO \u201cmit dem Problem der \u00dcberbesetzung in h\u00f6heren Positionen konfrontiert ist\u201d \u201cDie Regierung hat es Mitarbeitern \u00fcber 45 Jahren mit mindestens 25 Dienstjahren erm\u00f6glicht, auf anst\u00e4ndige Weise und mit einer Milit\u00e4rzulage in die Zivilwelt aufzubrechen und so jungen Menschen Platz zu machen\u201d.<\/p>\n<p><a class=\"dnh-embed-link\" href=\"https:\/\/dailynewshungary.com\/de\/ungarische-regierung-ungarn-steht-zur-ukraine-aber\/\"><\/a><\/p>\n<p><a class=\"dnh-embed-link\" href=\"https:\/\/dailynewshungary.com\/de\/ungarische-regierung-ungarn-steht-zur-ukraine-aber\/\"><\/p>\n<div class=\"dnh-embed\">\n<div class=\"dnh-embed-thumb\"><img loading=\"lazy\" decoding=\"async\" width=\"333\" height=\"222\" src=\"https:\/\/contentf5.dailynewshungary.com\/wp-content\/uploads\/2023\/02\/Foreign-Minister-Peter-Szijjarto-Ukraine-Transcarpathia-333x222.jpg\" class=\"attachment-embed_thumbnail size-embed_thumbnail wp-post-image\" alt=\"Au\u00dfenminister P\u00e9ter Szijj\u00e1rt\u00f3 Ukraine Transkarpatien\" srcset=\"https:\/\/contentf5.dailynewshungary.com\/wp-content\/uploads\/2023\/02\/Foreign-Minister-Peter-Szijjarto-Ukraine-Transcarpathia-333x222.jpg 333w, https:\/\/contentf5.dailynewshungary.com\/wp-content\/uploads\/2023\/02\/Foreign-Minister-Peter-Szijjarto-Ukraine-Transcarpathia-768x512.jpg 768w, https:\/\/contentf5.dailynewshungary.com\/wp-content\/uploads\/2023\/02\/Foreign-Minister-Peter-Szijjarto-Ukraine-Transcarpathia-1536x1025.jpg 1536w, https:\/\/contentf5.dailynewshungary.com\/wp-content\/uploads\/2023\/02\/Foreign-Minister-Peter-Szijjarto-Ukraine-Transcarpathia-248x165.jpg 248w, https:\/\/contentf5.dailynewshungary.com\/wp-content\/uploads\/2023\/02\/Foreign-Minister-Peter-Szijjarto-Ukraine-Transcarpathia-1030x687.jpg 1030w, https:\/\/contentf5.dailynewshungary.com\/wp-content\/uploads\/2023\/02\/Foreign-Minister-Peter-Szijjarto-Ukraine-Transcarpathia-219x146.jpg 219w, https:\/\/contentf5.dailynewshungary.com\/wp-content\/uploads\/2023\/02\/Foreign-Minister-Peter-Szijjarto-Ukraine-Transcarpathia-50x33.jpg 50w, https:\/\/contentf5.dailynewshungary.com\/wp-content\/uploads\/2023\/02\/Foreign-Minister-Peter-Szijjarto-Ukraine-Transcarpathia-112x75.jpg 112w, https:\/\/contentf5.dailynewshungary.com\/wp-content\/uploads\/2023\/02\/Foreign-Minister-Peter-Szijjarto-Ukraine-Transcarpathia-e1680114417883.jpg 1280w\" sizes=\"auto, (max-width: 333px) 100vw, 333px\"><\/div>\n<h5 class=\"dnh-embed-title\"><span>Lesen Sie auch<\/span> Ungarische Regierung: \u201cUngarn steht zur Ukraine&#8230; aber\u201d <\/h5>\n<\/div>\n<p><\/a><\/p>\n<p><a class=\"dnh-embed-link\" href=\"https:\/\/dailynewshungary.com\/de\/ungarische-regierung-ungarn-steht-zur-ukraine-aber\/\"><\/a><\/p>\n","protected":false},"excerpt":{"rendered":"<p>Die k\u00fcrzlich gestartete Rekrutierungskampagne des ungarischen Milit\u00e4rs zielt darauf ab, \u201enicht nur diejenigen anzulocken, die bereits an einer Milit\u00e4rkarriere interessiert sind, sondern auch junge Menschen zu erreichen und ein B\u00fcndnis anzubieten\u201csagte der Verteidigungsminister am Donnerstag im \u00f6ffentlichen Radio. Die Kampagne biete auch \u201cDialog mit der Gesellschaft \u00fcber die Bedeutung des Schutzes der Heimat und die [&hellip;]<\/p>\n","protected":false},"author":33,"featured_media":678585,"comment_status":"open","ping_status":"open","sticky":false,"template":"","format":"standard","meta":{"_acf_changed":false,"_display_image":"","footnotes":""},"categories":[1098],"tags":[1203,1204,1076],"class_list":["post-678584","post","type-post","status-publish","format-standard","has-post-thumbnail","hentry","category-gesellschaft","tag-armee","tag-militar","tag-ungarn"],"blocksy_meta":[],"acf":[],"author_username":"ugyelet","telegram_post":"","public_post_metadata":{"breaking_news":"yes","important":"no","csempe":"no","center_tile":"no","disable_thumbnail":"no","target_lang":"","_featured_image_style":"","telegram_post":"","_xlat_group_id":""},"public_rank_math_data":{"title":"%title% %sep% %sitename%","description":"Die k\u00fcrzlich gestartete Rekrutierungskampagne des ungarischen Milit\u00e4rs zielt darauf ab, \u201enicht nur diejenigen anzuziehen, die bereits an einer milit\u00e4rischen Karriere interessiert sind, sondern auch junge Menschen zu erreichen","focus_keyword":"Milit\u00e4r","canonical_url":"","robots":"","primary_category":"1098","breadcrumb_title":"","facebook_title":"","facebook_description":"","facebook_image":"","facebook_image_id":"","twitter_title":"","twitter_description":"","twitter_image":"","twitter_image_id":"","twitter_card_type":"","twitter_use_facebook":"","advanced_robots":"","pillar_content":"","seo_score":"","contentai_score":"","rich_snippet":""},"_links":{"self":[{"href":"https:\/\/dailynewshungary.com\/de\/wp-json\/wp\/v2\/posts\/678584","targetHints":{"allow":["GET"]}}],"collection":[{"href":"https:\/\/dailynewshungary.com\/de\/wp-json\/wp\/v2\/posts"}],"about":[{"href":"https:\/\/dailynewshungary.com\/de\/wp-json\/wp\/v2\/types\/post"}],"author":[{"embeddable":true,"href":"https:\/\/dailynewshungary.com\/de\/wp-json\/wp\/v2\/users\/33"}],"replies":[{"embeddable":true,"href":"https:\/\/dailynewshungary.com\/de\/wp-json\/wp\/v2\/comments?post=678584"}],"version-history":[{"count":0,"href":"https:\/\/dailynewshungary.com\/de\/wp-json\/wp\/v2\/posts\/678584\/revisions"}],"wp:featuredmedia":[{"embeddable":true,"href":"https:\/\/dailynewshungary.com\/de\/wp-json\/wp\/v2\/media\/678585"}],"wp:attachment":[{"href":"https:\/\/dailynewshungary.com\/de\/wp-json\/wp\/v2\/media?parent=678584"}],"wp:term":[{"taxonomy":"category","embeddable":true,"href":"https:\/\/dailynewshungary.com\/de\/wp-json\/wp\/v2\/categories?post=678584"},{"taxonomy":"post_tag","embeddable":true,"href":"https:\/\/dailynewshungary.com\/de\/wp-json\/wp\/v2\/tags?post=678584"}],"curies":[{"name":"wp","href":"https:\/\/api.w.org\/{rel}","templated":true}]}}