{"id":678964,"date":"2023-02-12T14:34:00","date_gmt":"2023-02-12T13:34:00","guid":{"rendered":"https:\/\/dailynewshungary.com\/de\/verdachtige-bei-budapester-anschlagen-festgenommen\/"},"modified":"2023-02-12T14:34:00","modified_gmt":"2023-02-12T13:34:00","slug":"verdachtige-bei-budapester-anschlagen-festgenommen","status":"publish","type":"post","link":"https:\/\/dailynewshungary.com\/de\/verdachtige-bei-budapester-anschlagen-festgenommen\/","title":{"rendered":"Verd\u00e4chtige bei Budapester Anschl\u00e4gen festgenommen"},"content":{"rendered":"<p><strong>Verd\u00e4chtige der Budapester Anschl\u00e4ge seien gefasst worden, teilte die Polizei am Sonntag auf ihrer Website mit.<\/strong><\/p>\n<p>Am 11. Februar 2023 wurden Beamte der <a href=\"https:\/\/www.police.hu\/hu\/hirek-es-informaciok\/legfrissebb-hireink\/bunugyek\/elfogtak-a-budapesti-tamadasok-gyanusitottjait\" target=\"_blank\" rel=\"noopener\">Polizeipr\u00e4sidium Budapest<\/a> (BRFK) nahm vier Mitglieder einer Gruppe Jugendlicher fest, die in den Tagen zuvor offenbar ohne vorherige Zwischenf\u00e4lle Menschen auf den Stra\u00dfen der Hauptstadt angegriffen hatten.<\/p>\n<ul>\n<li>Lesen Sie auch: <a href=\"https:\/\/dailynewshungary.com\/de\/hier-erfahren-sie-wie-viele-ungarn-ihr-leben-fur-die-unabhangigkeit-der-ukraine-gaben\/\">Hier erfahren Sie, wie viele Ungarn ihr Leben f\u00fcr die Unabh\u00e4ngigkeit der Ukraine gaben<\/a><\/li>\n<\/ul>\n<p>Die Ungarin, der Ausl\u00e4nder und zwei Ausl\u00e4nderinnen wurden von der Ermittlungsabteilung des BRFK als Tatverd\u00e4chtige wegen des Verbrechens der Gewalt gegen ein Mitglied der Gemeinschaft und seiner Vorbereitung befragt und in Gewahrsam genommen <a href=\"https:\/\/24.hu\/belfold\/2023\/02\/12\/budapest-tamadassorozat-rendorseg-elfogas\/\" target=\"_blank\" rel=\"noopener\">24.hu<\/a> Berichten.<\/p>\n<p>Das Budapester Polizeipr\u00e4sidium wird am Montag, 13. Februar 2023, eine Pressekonferenz zu den Einzelheiten des Falles abhalten.<\/p>\n","protected":false},"excerpt":{"rendered":"<p>Verd\u00e4chtige der Budapester Anschl\u00e4ge seien gefasst worden, teilte die Polizei am Sonntag auf ihrer Website mit. Am 11. Februar 2023 wurden Beamte der Polizeipr\u00e4sidium Budapest (BRFK) nahm vier Mitglieder einer Gruppe Jugendlicher fest, die in den Tagen zuvor offenbar ohne vorherige Zwischenf\u00e4lle Menschen auf den Stra\u00dfen der Hauptstadt angegriffen hatten. Lesen Sie auch: Hier erfahren [&hellip;]<\/p>\n","protected":false},"author":62,"featured_media":678965,"comment_status":"open","ping_status":"open","sticky":false,"template":"","format":"standard","meta":{"_acf_changed":false,"_display_image":"yes","footnotes":""},"categories":[1101],"tags":[1433,1236,1163,1076],"class_list":["post-678964","post","type-post","status-publish","format-standard","has-post-thumbnail","hentry","category-flashnews","tag-kumpelhafteste","tag-polizei","tag-ungarische-polizei","tag-ungarn"],"blocksy_meta":[],"acf":[],"author_username":"hmercedesz","telegram_post":"","public_post_metadata":{"breaking_news":"yes","important":"no","csempe":"no","center_tile":"no","disable_thumbnail":"no","target_lang":"","_featured_image_style":"hidden","telegram_post":"","_xlat_group_id":""},"public_rank_math_data":{"title":"%title% %sep% %sitename%","description":"Verd\u00e4chtige der Budapester Anschl\u00e4ge seien gefasst worden, teilte die Polizei am Sonntag auf ihrer Website mit. Lesen Sie weitere Details in unserem Artikel.","focus_keyword":"Budapester Angriffe","canonical_url":"","robots":"","primary_category":"1101","breadcrumb_title":"","facebook_title":"","facebook_description":"","facebook_image":"","facebook_image_id":"","twitter_title":"","twitter_description":"","twitter_image":"","twitter_image_id":"","twitter_card_type":"","twitter_use_facebook":"","advanced_robots":"","pillar_content":"","seo_score":"71","contentai_score":"","rich_snippet":""},"_links":{"self":[{"href":"https:\/\/dailynewshungary.com\/de\/wp-json\/wp\/v2\/posts\/678964","targetHints":{"allow":["GET"]}}],"collection":[{"href":"https:\/\/dailynewshungary.com\/de\/wp-json\/wp\/v2\/posts"}],"about":[{"href":"https:\/\/dailynewshungary.com\/de\/wp-json\/wp\/v2\/types\/post"}],"author":[{"embeddable":true,"href":"https:\/\/dailynewshungary.com\/de\/wp-json\/wp\/v2\/users\/62"}],"replies":[{"embeddable":true,"href":"https:\/\/dailynewshungary.com\/de\/wp-json\/wp\/v2\/comments?post=678964"}],"version-history":[{"count":0,"href":"https:\/\/dailynewshungary.com\/de\/wp-json\/wp\/v2\/posts\/678964\/revisions"}],"wp:featuredmedia":[{"embeddable":true,"href":"https:\/\/dailynewshungary.com\/de\/wp-json\/wp\/v2\/media\/678965"}],"wp:attachment":[{"href":"https:\/\/dailynewshungary.com\/de\/wp-json\/wp\/v2\/media?parent=678964"}],"wp:term":[{"taxonomy":"category","embeddable":true,"href":"https:\/\/dailynewshungary.com\/de\/wp-json\/wp\/v2\/categories?post=678964"},{"taxonomy":"post_tag","embeddable":true,"href":"https:\/\/dailynewshungary.com\/de\/wp-json\/wp\/v2\/tags?post=678964"}],"curies":[{"name":"wp","href":"https:\/\/api.w.org\/{rel}","templated":true}]}}