{"id":679048,"date":"2023-02-09T21:55:23","date_gmt":"2023-02-09T20:55:23","guid":{"rendered":"https:\/\/dailynewshungary.com\/de\/ungarn-halt-was-es-versprochen-hat\/"},"modified":"2023-02-09T21:55:23","modified_gmt":"2023-02-09T20:55:23","slug":"ungarn-halt-was-es-versprochen-hat","status":"publish","type":"post","link":"https:\/\/dailynewshungary.com\/de\/ungarn-halt-was-es-versprochen-hat\/","title":{"rendered":"Ungarn h\u00e4lt, was es versprochen hat"},"content":{"rendered":"<p><strong>Trotz der Wirtschaftskrise in ganz Europa halte die ungarische Regierung, was sie Rentnern und Arbeitnehmern versprochen habe, sagte der Leiter des B\u00fcros des Premierministers am Donnerstag in einer regelm\u00e4\u00dfigen Pressekonferenz.<\/strong><\/p>\n<p>Gergely Guly\u00e1s sagte, dass trotz der hohen Inflation und der als Reaktion auf den Krieg verh\u00e4ngten Sanktionen das Reallohnwachstum im landesweiten Durchschnitt mehrere Prozentpunkte \u00fcber der Inflationsrate des letzten Jahres liege und im Fall der Rentner die Rentenerh\u00f6hung um 15 Prozent erfolgte Die am 1. Januar erfolgte Rentenerh\u00f6hung k\u00f6nnte in einem optimistischen Szenario sogar h\u00f6her ausfallen als die Inflation.<\/p>\n<p>Guly\u00e1s bemerkte, dass auch die Rente f\u00fcr den 13. Monat ausgezahlt werde, Er sagte, dass die Regierungen von Ferenc Gyurcs\u00e1ny und Gordon Bajnai w\u00e4hrend der Wirtschaftskrise 2008-2009 zwar die Rente f\u00fcr den 13. Monat abgeschafft h\u00e4tten, diese Regierung sie jedoch zur\u00fcckgegeben habe, die Rente f\u00fcr den 13. Monat beibehalten und entsprechend der Inflation erh\u00f6ht habe.<\/p>\n<p><a class=\"dnh-embed-link\" href=\"vhttps:\/\/dailynewshungary.com\/what-does-the-future-hold-for-the-hungarian-forint-analysts-answer\/ \"><\/a><\/p>\n<p><a class=\"dnh-embed-link\" href=\"vhttps:\/\/dailynewshungary.com\/what-does-the-future-hold-for-the-hungarian-forint-analysts-answer\/ \"><\/p>\n<div class=\"dnh-embed\">\n<div class=\"dnh-embed-thumb\"><img loading=\"lazy\" decoding=\"async\" width=\"350\" height=\"197\" src=\"https:\/\/contentf5.dailynewshungary.com\/wp-content\/uploads\/2022\/03\/forint-daily-news-hungary-350x197.jpg\" class=\"attachment-embed_thumbnail size-embed_thumbnail wp-post-image\" alt=\"Forint-Wechselkurs - t\u00e4gliche Nachrichten hungrig\" srcset=\"https:\/\/contentf5.dailynewshungary.com\/wp-content\/uploads\/2022\/03\/forint-daily-news-hungary-350x197.jpg 350w, https:\/\/contentf5.dailynewshungary.com\/wp-content\/uploads\/2022\/03\/forint-daily-news-hungary-768x433.jpg 768w, https:\/\/contentf5.dailynewshungary.com\/wp-content\/uploads\/2022\/03\/forint-daily-news-hungary-248x140.jpg 248w, https:\/\/contentf5.dailynewshungary.com\/wp-content\/uploads\/2022\/03\/forint-daily-news-hungary-1030x580.jpg 1030w, https:\/\/contentf5.dailynewshungary.com\/wp-content\/uploads\/2022\/03\/forint-daily-news-hungary-260x146.jpg 260w, https:\/\/contentf5.dailynewshungary.com\/wp-content\/uploads\/2022\/03\/forint-daily-news-hungary-50x28.jpg 50w, https:\/\/contentf5.dailynewshungary.com\/wp-content\/uploads\/2022\/03\/forint-daily-news-hungary-133x75.jpg 133w, https:\/\/contentf5.dailynewshungary.com\/wp-content\/uploads\/2022\/03\/forint-daily-news-hungary.jpg 1200w\" sizes=\"auto, (max-width: 350px) 100vw, 350px\"><\/div>\n<h5 class=\"dnh-embed-title\"><span>Lesen Sie auch<\/span>Was bringt die Zukunft f\u00fcr den ungarischen Forint? antworten Analysten<\/h5>\n<\/div>\n<p><\/a><\/p>\n<p><a class=\"dnh-embed-link\" href=\"vhttps:\/\/dailynewshungary.com\/what-does-the-future-hold-for-the-hungarian-forint-analysts-answer\/ \"><\/a><\/p>\n","protected":false},"excerpt":{"rendered":"<p>Trotz der Wirtschaftskrise in ganz Europa halte die ungarische Regierung, was sie Rentnern und Arbeitnehmern versprochen habe, sagte der Leiter des B\u00fcros des Premierministers am Donnerstag in einer regelm\u00e4\u00dfigen Pressekonferenz. Gergely Guly\u00e1s sagte, dass trotz der hohen Inflation und der als Reaktion auf den Krieg verh\u00e4ngten Sanktionen das Reallohnwachstum im landesweiten Durchschnitt mehrere Prozentpunkte \u00fcber [&hellip;]<\/p>\n","protected":false},"author":33,"featured_media":679049,"comment_status":"open","ping_status":"open","sticky":false,"template":"","format":"standard","meta":{"_acf_changed":false,"_display_image":"yes","footnotes":""},"categories":[1101],"tags":[1102,1076],"class_list":["post-679048","post","type-post","status-publish","format-standard","has-post-thumbnail","hentry","category-flashnews","tag-ungarische-regierung","tag-ungarn"],"blocksy_meta":[],"acf":[],"author_username":"ugyelet","telegram_post":"","public_post_metadata":{"breaking_news":"yes","important":"no","csempe":"no","center_tile":"no","disable_thumbnail":"no","target_lang":"","_featured_image_style":"hidden","telegram_post":"","_xlat_group_id":""},"public_rank_math_data":{"title":"%title% %sep% %sitename%","description":"Trotz der Wirtschaftskrise in ganz Europa h\u00e4lt die ungarische Regierung, was sie Rentnern und Arbeitnehmern versprochen hat","focus_keyword":"Ungarn","canonical_url":"","robots":"","primary_category":"1101","breadcrumb_title":"","facebook_title":"","facebook_description":"","facebook_image":"","facebook_image_id":"","twitter_title":"","twitter_description":"","twitter_image":"","twitter_image_id":"","twitter_card_type":"","twitter_use_facebook":"","advanced_robots":"","pillar_content":"","seo_score":"61","contentai_score":"","rich_snippet":""},"_links":{"self":[{"href":"https:\/\/dailynewshungary.com\/de\/wp-json\/wp\/v2\/posts\/679048","targetHints":{"allow":["GET"]}}],"collection":[{"href":"https:\/\/dailynewshungary.com\/de\/wp-json\/wp\/v2\/posts"}],"about":[{"href":"https:\/\/dailynewshungary.com\/de\/wp-json\/wp\/v2\/types\/post"}],"author":[{"embeddable":true,"href":"https:\/\/dailynewshungary.com\/de\/wp-json\/wp\/v2\/users\/33"}],"replies":[{"embeddable":true,"href":"https:\/\/dailynewshungary.com\/de\/wp-json\/wp\/v2\/comments?post=679048"}],"version-history":[{"count":0,"href":"https:\/\/dailynewshungary.com\/de\/wp-json\/wp\/v2\/posts\/679048\/revisions"}],"wp:featuredmedia":[{"embeddable":true,"href":"https:\/\/dailynewshungary.com\/de\/wp-json\/wp\/v2\/media\/679049"}],"wp:attachment":[{"href":"https:\/\/dailynewshungary.com\/de\/wp-json\/wp\/v2\/media?parent=679048"}],"wp:term":[{"taxonomy":"category","embeddable":true,"href":"https:\/\/dailynewshungary.com\/de\/wp-json\/wp\/v2\/categories?post=679048"},{"taxonomy":"post_tag","embeddable":true,"href":"https:\/\/dailynewshungary.com\/de\/wp-json\/wp\/v2\/tags?post=679048"}],"curies":[{"name":"wp","href":"https:\/\/api.w.org\/{rel}","templated":true}]}}