{"id":679403,"date":"2023-01-31T10:53:35","date_gmt":"2023-01-31T09:53:35","guid":{"rendered":"https:\/\/dailynewshungary.com\/de\/fotos-budapest-kettenbrucke-sanierung-erreicht-meilenstein-neue-handlaufe-vorgestellt\/"},"modified":"2023-01-31T10:53:35","modified_gmt":"2023-01-31T09:53:35","slug":"fotos-budapest-kettenbrucke-sanierung-erreicht-meilenstein-neue-handlaufe-vorgestellt","status":"publish","type":"post","link":"https:\/\/dailynewshungary.com\/de\/fotos-budapest-kettenbrucke-sanierung-erreicht-meilenstein-neue-handlaufe-vorgestellt\/","title":{"rendered":"FOTOS: Budapest Kettenbr\u00fccke Sanierung erreicht Meilenstein, neue Handl\u00e4ufe vorgestellt"},"content":{"rendered":"<p><strong>Nach Angaben des Budapester B\u00fcrgermeisters Gergely Kar\u00e1csony, einem Hersteller in Csepel, dem 21. Bezirk der Hauptstadt, lackiert er derzeit die Handl\u00e4ufe und andere historische Elemente der neuen Kettenbr\u00fccke. Die Br\u00fccke ist seit mehr als 150 Jahren das Wahrzeichen von Budapest und ihr Wiederaufbau verl\u00e4uft wie geplant, f\u00fcgte Herr Kar\u00e1csony hinzu.<\/strong><\/p>\n<p>Nach Angaben des B\u00fcrgermeisters <a href=\"https:\/\/www.facebook.com\/karacsonygergely\/posts\/pfbid02AichLXiQJxLdfH8J19J8JTssKwBAC4gtSCwQyZmUZ41HYV6bbwwSTsqZTtTfzkCMl?__cft__[0]=AZXIgJGs6yllZb5ei0Q8skkvhZu-I82m-qOWogU1sOQpPtBz50wA1B06JaTP4MRbq9Rgz8XDFf738Iku6kqo-Go83XmixsOCrKeVLDV6DDTWnx5yyVfui0Vdl3AE16IH8dLuJXRq5chZ50y0R_KcQ98ZBLkSyTRjJLK3CpGMfWq-mWr856azVkzdPCxI2b-qwN9B4syS5sbXO2gdABy1uaz2&amp;__tn__=%2CO%2CP-R\" target=\"_blank\" rel=\"noopener\">Facebook-post<\/a>704 Meter spannt sich der Wiederaufbau der Br\u00fccke in den Werkst\u00e4tten w\u00e4hrend des Winters weiter, die Handlaufanlage des ikonischen Geb\u00e4udes spannt sich \u00fcber 704 Meter, die meisten aber hat Rost besch\u00e4digt, seit die letzte Sanierung der Br\u00fccke in der Zeit des Sozialismus durchgef\u00fchrt wurde, so wurden viele Elemente neu angefertigt, nach den Pl\u00e4nen werden sie im Februar eingebaut.<\/p>\n<p>Nach <a href=\"https:\/\/bkk.hu\/hirek\/2023\/01\/mar-festik-a-csepeli-muhelyben-a-lanchid-korlatjait.9196\/?fbclid=IwAR06pV_Dlhn0T_nRVzS5OjS0f788QDs1w9sEYx-H_VPKNtlJA0bKC7l77_o\" target=\"_blank\" rel=\"noopener\">bkk.hu<\/a>, die Elemente werden gereinigt und mit einer dreilagigen Korrosionsschutzschicht abgedeckt Die neue Farbe der Br\u00fccke wird blaugrau sein Es werden 20 Balustraden wieder eingebaut Acht davon wurden auf der Grundlage von Archivfotos des Aussehens der Br\u00fccke von 1914-1915 neu hergestellt.<\/p>\n<p>Hier einige Fotos:<\/p>\n<p><iframe loading=\"lazy\" style=\"border: none; overflow: hidden;\" src=\"https:\/\/www.facebook.com\/plugins\/post.php?href=https%3A%2F%2Fwww.facebook.com%2Fbkkbudapest%2Fposts%2Fpfbid0Xvm2ibwxtvSyz1TCT58gzz235DuhD88r3khhHg3yZr9J69CytwCDmcRpRPk3yvsGl&amp;show_text=true&amp;width=500\" width=\"500\" height=\"792\" frameborder=\"0\" scrolling=\"no\" allowfullscreen=\"allowfullscreen\"><\/iframe><\/p>\n<p>Da die Br\u00fccke w\u00e4hrend des Umbaus eine Baustelle ist, d\u00fcrfen Fu\u00dfg\u00e4nger sie bis zum Projektende nicht nutzen, allerdings kann man sie mit Bussen der BKK befahren, au\u00dferdem muss man nicht einmal f\u00fcr die \u00dcberfahrt bezahlen, zwischen dem Clark \u00c1d\u00e1m ter und dem Sz\u00e9chenyi Istv\u00e1n ter darf man die Fahrzeuge der BKK kostenlos nutzen, hob bkk.hu hervor.<\/p>\n<p>Budapests erste und Ungarns symbolische Br\u00fccke wurde im vergangenen Dezember f\u00fcr Radfahrer, Motorradfahrer und Taxis wiederer\u00f6ffnet, den Pl\u00e4nen zufolge wird die Br\u00fccke bis zum Herbst dieses Jahres fertig sein.<\/p>\n<p>Und einige zus\u00e4tzliche Fotos sind unten:<\/p>\n<p><iframe loading=\"lazy\" style=\"border: none; overflow: hidden;\" src=\"https:\/\/www.facebook.com\/plugins\/post.php?href=https%3A%2F%2Fwww.facebook.com%2Fkaracsonygergely%2Fposts%2Fpfbid02AichLXiQJxLdfH8J19J8JTssKwBAC4gtSCwQyZmUZ41HYV6bbwwSTsqZTtTfzkCMl&amp;show_text=true&amp;width=500\" width=\"500\" height=\"850\" frameborder=\"0\" scrolling=\"no\" allowfullscreen=\"allowfullscreen\"><\/iframe><\/p>\n","protected":false},"excerpt":{"rendered":"<p>Nach Angaben des Budapester B\u00fcrgermeisters Gergely Kar\u00e1csony, einem Hersteller in Csepel, dem 21. Bezirk der Hauptstadt, lackiert er derzeit die Handl\u00e4ufe und andere historische Elemente der neuen Kettenbr\u00fccke. Die Br\u00fccke ist seit mehr als 150 Jahren das Wahrzeichen von Budapest und ihr Wiederaufbau verl\u00e4uft wie geplant, f\u00fcgte Herr Kar\u00e1csony hinzu. Nach Angaben des B\u00fcrgermeisters Facebook-post704 [&hellip;]<\/p>\n","protected":false},"author":18,"featured_media":679404,"comment_status":"open","ping_status":"open","sticky":false,"template":"","format":"standard","meta":{"_acf_changed":false,"_display_image":"","footnotes":""},"categories":[1098],"tags":[1196,2275,2277,1552],"class_list":["post-679403","post","type-post","status-publish","format-standard","has-post-thumbnail","hentry","category-gesellschaft","tag-fotogalerie","tag-kettenbrucken-uberarbeitung","tag-knospestepp","tag-konstruktion"],"blocksy_meta":[],"acf":[],"author_username":"johnwoods","telegram_post":"","public_post_metadata":{"breaking_news":"yes","important":"no","csempe":"no","center_tile":"no","disable_thumbnail":"no","target_lang":"","_featured_image_style":"","telegram_post":"","_xlat_group_id":""},"public_rank_math_data":{"title":"%title% %sep% %sitename%","description":"Schauen Sie sich die Fotos an, wie die neuen Handl\u00e4ufe und andere historische Elemente der ber\u00fchmten Kettenbr\u00fccke Budapests aussehen werden.","focus_keyword":"Kettenbr\u00fccke","canonical_url":"","robots":"","primary_category":"1098","breadcrumb_title":"","facebook_title":"","facebook_description":"","facebook_image":"","facebook_image_id":"","twitter_title":"","twitter_description":"","twitter_image":"","twitter_image_id":"","twitter_card_type":"","twitter_use_facebook":"","advanced_robots":"","pillar_content":"","seo_score":"62","contentai_score":"","rich_snippet":""},"_links":{"self":[{"href":"https:\/\/dailynewshungary.com\/de\/wp-json\/wp\/v2\/posts\/679403","targetHints":{"allow":["GET"]}}],"collection":[{"href":"https:\/\/dailynewshungary.com\/de\/wp-json\/wp\/v2\/posts"}],"about":[{"href":"https:\/\/dailynewshungary.com\/de\/wp-json\/wp\/v2\/types\/post"}],"author":[{"embeddable":true,"href":"https:\/\/dailynewshungary.com\/de\/wp-json\/wp\/v2\/users\/18"}],"replies":[{"embeddable":true,"href":"https:\/\/dailynewshungary.com\/de\/wp-json\/wp\/v2\/comments?post=679403"}],"version-history":[{"count":0,"href":"https:\/\/dailynewshungary.com\/de\/wp-json\/wp\/v2\/posts\/679403\/revisions"}],"wp:featuredmedia":[{"embeddable":true,"href":"https:\/\/dailynewshungary.com\/de\/wp-json\/wp\/v2\/media\/679404"}],"wp:attachment":[{"href":"https:\/\/dailynewshungary.com\/de\/wp-json\/wp\/v2\/media?parent=679403"}],"wp:term":[{"taxonomy":"category","embeddable":true,"href":"https:\/\/dailynewshungary.com\/de\/wp-json\/wp\/v2\/categories?post=679403"},{"taxonomy":"post_tag","embeddable":true,"href":"https:\/\/dailynewshungary.com\/de\/wp-json\/wp\/v2\/tags?post=679403"}],"curies":[{"name":"wp","href":"https:\/\/api.w.org\/{rel}","templated":true}]}}