{"id":679713,"date":"2023-01-22T20:34:00","date_gmt":"2023-01-22T19:34:00","guid":{"rendered":"https:\/\/dailynewshungary.com\/de\/orban-ungarn-ist-immer-noch-ungarisch-tag-der-ungarischen-kultur\/"},"modified":"2023-01-22T20:34:00","modified_gmt":"2023-01-22T19:34:00","slug":"orban-ungarn-ist-immer-noch-ungarisch-tag-der-ungarischen-kultur","status":"publish","type":"post","link":"https:\/\/dailynewshungary.com\/de\/orban-ungarn-ist-immer-noch-ungarisch-tag-der-ungarischen-kultur\/","title":{"rendered":"Orb\u00e1n: Ungarn ist immer noch Ungarisch \u2013 Tag der ungarischen Kultur"},"content":{"rendered":"<p><strong>Ungarn bleibt, genau wie vor 200 Jahren am Tag der Entstehung seiner Nationalhymne, Ungarisch, sagte Premierminister Viktor Orb\u00e1n am Sonntag anl\u00e4sslich des Tages der ungarischen Kultur.<\/strong><\/p>\n<p>In einer Ansprache vor einem \u00f6kumenischen Gottesdienst in Szatmarcseke im Nordosten Ungarns, wo Ferenc K\u00f6lcsey 1823 die ungarische Nationalhymne Himnusz (Hymne) verfasste, sagte der Premierminister, es sei \u201ew\u00fcrdig und gerecht\u201cdass der Tag der ungarischen Kultur begangen werde der Tag der Geburt der Nationalhymne.<\/p>\n<p>\u201cKein anderes Werk der letzten 1.000 Jahre hebt die Herzen der Ungarn so, wie es die Nationalhymne tut\u201d, sagte Orb\u00e1nWenn die Ungarn ein Werk finden m\u00fcssten, das alles ausdr\u00fcckt, was ungarisch ist \u201cund die Ungarn ungarisch macht, m\u00fcssten wir die Nationalhymne w\u00e4hlen\u201d, sagte er.<\/p>\n<p>Orb\u00e1n bemerkte die Beerdigung von Mikl\u00f3s Duray, einem k\u00fcrzlich verstorbenen ungarischen Politiker in der Slowakei, am vergangenen Dienstag, bei der er zuletzt die Nationalhymne sang, und sagte, der Gesang der Hymne sei nicht zum Abschied gedacht gewesen, sondern um \u201eihn zu erheben\u201cin das Pantheon der Ungarn\u201d.<\/p>\n<ul>\n<li>Lesen Sie auch: <a href=\"https:\/\/dailynewshungary.com\/de\/experiment-das-leben-in-ungarn-ist-teurer-als-in-westeuropa\/\">Experiment: Das Leben in Ungarn ist teurer als in Westeuropa<\/a><\/li>\n<\/ul>\n<p>Obwohl die Nationalhymne ein Gebet sei, das \u201eeine Haltung reuiger Demut erfordern w\u00fcrde\u201csingen die Ungarn sie stehend mit erhobenem Kopf und nicht mit gesenktem Kopf auf den Knien, sagte er.<\/p>\n<p>Orb\u00e1n sagte, die Nationalhymne f\u00fchle sich f\u00fcr die Ungarn so an, als w\u00e4re sie eine Botschaft jedes Ungarn, der in der Vergangenheit jemals in der Geschichte des Landes gelebt habe, eine Botschaft \u201enicht nur f\u00fcr uns heute lebende Ungarn, sondern f\u00fcr jeden Ungarn, der in Zukunft leben wird.\u201c\u201d.<\/p>\n<p>Die Nationalhymne enth\u00e4lt \u201cdas Geheimnisvolle und Schwer fassbare, das wir Ungarischsein, ungarisches Schicksal und ungarisches Genie nennen k\u00f6nnen\u201d, sagte der Ministerpr\u00e4sident \u201cEs ist die Form und Qualit\u00e4t der Sch\u00f6pfung und Existenz, zu der nur wir Ungarn f\u00e4hig sind\u201d<\/p>\n<p>\u201cDie Nationalhymne, dass wir uns daran erinnern, wie alle christlichen Menschen, die S\u00fcnde verstehen, und die Vergebungshymne haben einen guten Grund zur Umkehr\u201d sagte Eiskaien \u201cWir Ungarn sind auch nicht ohne S\u00fcnde. Unsere Fehler und M\u00e4ngel sind auch zahlreich. Die einzige Frage ist, was mit dieser Anerkennung und Zulassung geschehen soll, f\u00fcgte er hinzu.<\/p>\n<p>\u201cSollen wir mitten auf dem Fu\u00dfballplatz das Knie nehmen? oder die Statuen unserer gro\u00dfen Vorfahren abrei\u00dfen?\u201d, sagte Orb\u00e1n \u201cSollen wir unsere tausendj\u00e4hrige Kultur verleugnen und ausl\u00f6schen? oder sollten wir die selbsternannten, staatenlosen und liberalen Zensoren durchsieben lassen und die Geschichte der Ungarn neu schreiben?\u201d<\/p>\n<p>\u201cIm wichtigsten Satz der ungarischen Literaturgeschichte sagt K\u00f6lcsey etwas anderes: &#8216;Diese Nation hat f\u00fcr alle S\u00fcnden der Vergangenheit und der Zukunft gelitten!&#8217;\u201d, sagte Orb\u00e1n unter Zitat der HymneAber in einer christlichen Lesung ist das \u201ckein Freibrief\u201d, weitere S\u00fcnden zu begehen, warnte der Ministerpr\u00e4sident.<\/p>\n<p>\u201cMit einer christlichen Seele bedeutet dieser Satz, dass, obwohl die Zahl unserer S\u00fcnden hoch sein mag, Gott uns nicht vom Erdboden gewischt hat\u201d, sagte Orb\u00e1n \u201cSelbst wenn er uns bestraft hat, l\u00e4sst er uns unsere Geschichte fortsetzen. Und der einzige Grund daf\u00fcr ist, dass auch unsere Tugenden und Verdienste zahlreich sind.\u201d<\/p>\n<p>Wenn es wahr ist, dass das \u00dcberleben der Ungarn nicht das Ergebnis eines Unfalls ist, sondern das eines politischen, milit\u00e4rischen und intellektuellen Kampfes, den sie mit Hilfe Gottes gef\u00fchrt hatten, \u201edann lohnt es sich auch, nach einer Antwort darauf zu suchen, wie wir uns das Recht verdient haben, noch zu leben.\u201cim Zentrum des Karpatenbeckens und bewahren Sie alles, was daraus entstanden ist\u201d, sagte Orb\u00e1n.<\/p>\n<ul>\n<li>Lesen Sie auch: <a href=\"https:\/\/dailynewshungary.com\/de\/krise-in-ungarn-regierung-schuttet-milliarden-in-den-sport\/\">Krise in Ungarn? Regierung sch\u00fcttet Milliarden in den Sport<\/a><\/li>\n<\/ul>\n<p>\u201cJede Generation hat ein Recht und vielleicht eine Pflicht, ihre eigene Antwort auf diese Frage zu finden\u201d, sagte er und f\u00fcgte hinzu, dass diese Antwort \u201ckaum von den Gefahren zu trennen sei, die derzeit das Leben der Ungarn bedrohen\u201d.<\/p>\n<p>Orb\u00e1n sagte, er habe vor drei\u00dfig Jahren geglaubt, dass das Verdienst der Ungarn ihr unersch\u00fctterlicher Wunsch nach nationaler Unabh\u00e4ngigkeit seiDie ungarischen Helden, die \u201cunter den blutbefleckten Fahnen der Freiheit\u201d gestorben waren, h\u00e4tten der Nation ihr \u00dcberlebensrecht eingebracht, f\u00fcgte er hinzu.<\/p>\n<p>Orb\u00e1n sagte, er glaube immer noch daran, glaube aber auch, dass es notwendig sei, \u201eunsere Freiheitsk\u00e4mpfe nicht nur um der politischen Unabh\u00e4ngigkeit und der wirtschaftlichen und politischen Selbstbestimmung willen zu bek\u00e4mpfen\u201c\u201d.<\/p>\n<p>\u201cWir haben immer unsere gr\u00f6\u00dften K\u00e4mpfe gef\u00fchrt. f\u00fcr das Recht, so zu bleiben, wie wir sind, und so zu leben, wie wir es wollen\u201d und nicht \u201cwie andere es uns sagen\u201d, sagte der Premierminister.<\/p>\n<p>Die Osmanen wollten diejenigen sein, die dar\u00fcber entscheiden, wer treu und wer ein Ungl\u00e4ubiger ist, und die Habsburger wollten entscheiden, wer ein guter Christ ist, sagte Orb\u00e1n \u201cDie Deutschen wollten entscheiden, mit wem wir zusammenleben k\u00f6nnen oder nicht, und die Sowjets wollten uns zwingen, Teil des Weltproletariats zu sein, anstatt Ungarn zu sein\u201d, f\u00fcgte er hinzu \u201cUnd die Br\u00fcsseler B\u00fcrokraten wollen uns zu liberalen Weltb\u00fcrgern machen, statt zu unserer ungarischen Form, die sie f\u00fcr aus der Mode halten\u201d.<\/p>\n<p>\u201cWir haben immer die Wege f\u00fcr unser eigenes Leben gefunden\u201d, sagte Orb\u00e1n \u201cSelbst als es nicht offen auf die Flagge geschrieben werden konnte, wusste jeder, dass wir sind, wer wir waren und sein werden, wer wir sind\u201d Wenn es eine Tugend gibt, die den Lohn des \u00dcberlebens verdient, \u201cist es das Festhalten an uns selbst\u201d, sagte er \u201cDeshalb k\u00f6nnen wir uns wieder einmal nicht von den Sirenen einfangen lassen, die uns sagen, wir sollten auf der richtigen Seite der Geschichte stehen\u201d, sagte er.<\/p>\n<p>Aus diesem Grund weigert sich Ungarn, sich auf einen blutigen Krieg einzulassen und fordert Waffenstillstand, Gespr\u00e4che und Frieden, sagte Orb\u00e1nDie Ungarn haben gelernt, dass \u201edie richtigen und falschen Seiten der Geschichte von den Gro\u00dfm\u00e4chten bestimmt werden, die sich schlie\u00dflich durchsetzen, und es ist ihnen nicht im Geringsten wichtig, was gut oder schlecht f\u00fcr die Ungarn ist.\u201cf\u00fcgte er hinzu.<\/p>\n<ul>\n<li>Lesen Sie auch: <a href=\"https:\/\/dailynewshungary.com\/de\/ungarn-legt-sein-veto-gegen-hilfe-fur-die-ukraine-ein\/\">Ungarn legt sein Veto gegen Hilfe f\u00fcr die Ukraine ein<\/a><\/li>\n<\/ul>\n<p>\u201cWir m\u00fcssen auch in den kompliziertesten und schwierigsten Situationen auf der ungarischen Seite der Geschichte bleiben\u201d, sagte Orb\u00e1nEr sagte, dass Ungarn zwar ein Binnenstaat, aber \u201ceine Insel\u201d sei.<\/p>\n<p>Ungarn seien vor 1100 Jahren im Karpatenbecken angekommen und von fremden V\u00f6lkern umgeben gewesen, sagte erSie gr\u00fcndeten einen Staat und etablierten eine ungarische Lebensweise, \u201can der wir mehr als 1100 Jahre festgehalten haben\u201d, sagte er.<\/p>\n<p>Ungarn sprechen eine Sprache, die niemand sonst verstehen kann, und \u201cnavigieren ihr Land inmitten der europ\u00e4ischen Wellen\u201d mit einer Denkweise, der niemand sonst folgen kann, sagte Orb\u00e1n.<\/p>\n<p>\u201cWir entscheiden, wer das Land betreten und wer hier bleiben darf; wer bei uns leben kann und wer nicht, und wir wollen auch diejenigen sein, die die Verbindungen unseres Lebens zu unseren Nachbarn bestimmen\u201d, sagte der Premierminister \u201cWir sind nicht besser oder schlechter, nur anders\u201d, sagte er \u201cUnd dieser Unterschied kommt aus der ungarischen Kultur.\u201d<\/p>\n<p>Orb\u00e1n begr\u00fc\u00dfte auch die Stadt Veszpr\u00e9m in Westungarn, die 2023 Kulturhauptstadt Europas war \u201eWir sind die Ungarn, die anderen V\u00f6lkern nicht unterlegen sind und sein werden, und in unserer besonderen Natur sind wir mindestens so gut und respektabel.\u201cein Volk wie jedes andere\u201d, sagte der Premierminister \u201eAlles andere betrifft nur Gott\u201d<\/p>\n<p>\u201cWir werden sehen, wer in weiteren zweihundert Jahren stehen bleibt, und welche V\u00f6lker vom Herrn der Geschichte ausgesiebt werden\u201d, sagte er.<\/p>\n","protected":false},"excerpt":{"rendered":"<p>Ungarn bleibt, genau wie vor 200 Jahren am Tag der Entstehung seiner Nationalhymne, Ungarisch, sagte Premierminister Viktor Orb\u00e1n am Sonntag anl\u00e4sslich des Tages der ungarischen Kultur. In einer Ansprache vor einem \u00f6kumenischen Gottesdienst in Szatmarcseke im Nordosten Ungarns, wo Ferenc K\u00f6lcsey 1823 die ungarische Nationalhymne Himnusz (Hymne) verfasste, sagte der Premierminister, es sei \u201ew\u00fcrdig und [&hellip;]<\/p>\n","protected":false},"author":33,"featured_media":679714,"comment_status":"open","ping_status":"open","sticky":false,"template":"","format":"standard","meta":{"_acf_changed":false,"_display_image":"no","footnotes":""},"categories":[1081],"tags":[1980,1076],"class_list":["post-679713","post","type-post","status-publish","format-standard","has-post-thumbnail","hentry","category-politik","tag-europaische-kulturhauptstadt-2023-veszprem","tag-ungarn"],"blocksy_meta":[],"acf":[],"author_username":"ugyelet","telegram_post":"","public_post_metadata":{"breaking_news":"yes","important":"no","csempe":"no","center_tile":"no","disable_thumbnail":"no","target_lang":"","_featured_image_style":"hidden","telegram_post":"","_xlat_group_id":""},"public_rank_math_data":{"title":"%title% %sep% %sitename%","description":"Ungarn bleibe Ungar, sagte Ministerpr\u00e4sident Viktor Orb\u00e1n am Sonntag anl\u00e4sslich des Tages der ungarischen Kultur.","focus_keyword":"Tag der ungarischen Kultur","canonical_url":"","robots":"","primary_category":"1081","breadcrumb_title":"","facebook_title":"","facebook_description":"","facebook_image":"","facebook_image_id":"","twitter_title":"","twitter_description":"","twitter_image":"","twitter_image_id":"","twitter_card_type":"","twitter_use_facebook":"","advanced_robots":"","pillar_content":"","seo_score":"64","contentai_score":"","rich_snippet":""},"_links":{"self":[{"href":"https:\/\/dailynewshungary.com\/de\/wp-json\/wp\/v2\/posts\/679713","targetHints":{"allow":["GET"]}}],"collection":[{"href":"https:\/\/dailynewshungary.com\/de\/wp-json\/wp\/v2\/posts"}],"about":[{"href":"https:\/\/dailynewshungary.com\/de\/wp-json\/wp\/v2\/types\/post"}],"author":[{"embeddable":true,"href":"https:\/\/dailynewshungary.com\/de\/wp-json\/wp\/v2\/users\/33"}],"replies":[{"embeddable":true,"href":"https:\/\/dailynewshungary.com\/de\/wp-json\/wp\/v2\/comments?post=679713"}],"version-history":[{"count":0,"href":"https:\/\/dailynewshungary.com\/de\/wp-json\/wp\/v2\/posts\/679713\/revisions"}],"wp:featuredmedia":[{"embeddable":true,"href":"https:\/\/dailynewshungary.com\/de\/wp-json\/wp\/v2\/media\/679714"}],"wp:attachment":[{"href":"https:\/\/dailynewshungary.com\/de\/wp-json\/wp\/v2\/media?parent=679713"}],"wp:term":[{"taxonomy":"category","embeddable":true,"href":"https:\/\/dailynewshungary.com\/de\/wp-json\/wp\/v2\/categories?post=679713"},{"taxonomy":"post_tag","embeddable":true,"href":"https:\/\/dailynewshungary.com\/de\/wp-json\/wp\/v2\/tags?post=679713"}],"curies":[{"name":"wp","href":"https:\/\/api.w.org\/{rel}","templated":true}]}}