{"id":679820,"date":"2023-01-19T20:55:12","date_gmt":"2023-01-19T19:55:12","guid":{"rendered":"https:\/\/dailynewshungary.com\/de\/der-ungarische-deregulierungsrundtisch-trifft-sich-zum-ersten-mal\/"},"modified":"2023-01-19T20:55:12","modified_gmt":"2023-01-19T19:55:12","slug":"der-ungarische-deregulierungsrundtisch-trifft-sich-zum-ersten-mal","status":"publish","type":"post","link":"https:\/\/dailynewshungary.com\/de\/der-ungarische-deregulierungsrundtisch-trifft-sich-zum-ersten-mal\/","title":{"rendered":"Der ungarische Deregulierungsrundtisch trifft sich zum ersten Mal"},"content":{"rendered":"<p><strong>Am Donnerstag traf sich zum ersten Mal der neue Deregulierungs-Roundtable Ungarns.<\/strong><\/p>\n<p>Bence Tuzson, Regierungskommissar f\u00fcr Deregulierung, sagte auf dem Treffen, das Gremium sei damit beauftragt, Vorschl\u00e4ge zum B\u00fcrokratieabbau und zur Vereinfachung der Regeln zu unterbreiten, um die Wettbewerbsf\u00e4higkeit des Landes zu steigern und seinen Bewohnern das Leben zu erleichtern.<\/p>\n<ul>\n<li>PM Orb\u00e1n: <a href=\"https:\/\/dailynewshungary.com\/de\/pm-orban-die-gefangnismannschaft-des-ec-konnte-zur-fusball-europameisterschaft-fahren\/\" target=\"_blank\" rel=\"noopener\">Die Gef\u00e4ngnismannschaft des EC k\u00f6nnte zur Fu\u00dfball-Europameisterschaft fahren<\/a><\/li>\n<\/ul>\n<p>Die Regierung sei 2010 mit \u201ckomplizierten und kaum praktikablen Regelungen konfrontiert, die gesetzestreuen B\u00fcrgern das Leben schwer machen\u201d, sagte er und f\u00fcgte hinzu, dass es notwendig sei, Institutionen und ihre Regeln zu vereinfachen, au\u00dferdem f\u00fcgte er hinzu, dass mehrere tausend Vorschriften, die f\u00fcr die \u00f6ffentliche Verwaltung unn\u00f6tig seien, bereits abgeschafft worden seien.<\/p>\n<p>Staatsrechnungshofchef L\u00e1szl\u00f3 Windisch, der Ko-Vorsitzende des Runden Tisches, sagte, ein \u00fcberreguliertes rechtliches Umfeld mache es \u201coft fast unm\u00f6glich, Vorschriften einzuhalten\u201d.<\/p>\n<p>Dem neuen Gremium geh\u00f6ren au\u00dferdem die Leiter der Beh\u00f6rde f\u00fcr regulierte T\u00e4tigkeiten, des Amtes f\u00fcr Energie und \u00f6ffentliche Versorgungsbetriebe, der Industrie- und Handelskammer, der Anwaltskammer, des Bankenverbandes, der Landwirtschaftskammer, des Nationalen Steuer- und Zollamtes an sowie die Agentur Digital Ungarn.<\/p>\n<p><a class=\"dnh-embed-link\" href=\"https:\/\/dailynewshungary.com\/de\/ungarischer-eu-kommissar-untergrabt-rechtsstaatlichkeitsreformen-in-eu-beitrittslandern\/\"><\/a><\/p>\n<p><a class=\"dnh-embed-link\" href=\"https:\/\/dailynewshungary.com\/de\/ungarischer-eu-kommissar-untergrabt-rechtsstaatlichkeitsreformen-in-eu-beitrittslandern\/\"><\/p>\n<div class=\"dnh-embed\">\n<div class=\"dnh-embed-thumb\"><img loading=\"lazy\" decoding=\"async\" width=\"333\" height=\"222\" src=\"https:\/\/contentf5.dailynewshungary.com\/wp-content\/uploads\/2023\/01\/Hungarian-commissioner-Varhelyi-333x222.jpg\" class=\"attachment-embed_thumbnail size-embed_thumbnail wp-post-image\" alt=\"Ungarischer Kommissar V\u00e1rhelyi Mitteleuropa EU-Erweiterung\" srcset=\"https:\/\/contentf5.dailynewshungary.com\/wp-content\/uploads\/2023\/01\/Hungarian-commissioner-Varhelyi-333x222.jpg 333w, https:\/\/contentf5.dailynewshungary.com\/wp-content\/uploads\/2023\/01\/Hungarian-commissioner-Varhelyi-768x512.jpg 768w, https:\/\/contentf5.dailynewshungary.com\/wp-content\/uploads\/2023\/01\/Hungarian-commissioner-Varhelyi-1536x1024.jpg 1536w, https:\/\/contentf5.dailynewshungary.com\/wp-content\/uploads\/2023\/01\/Hungarian-commissioner-Varhelyi-248x165.jpg 248w, https:\/\/contentf5.dailynewshungary.com\/wp-content\/uploads\/2023\/01\/Hungarian-commissioner-Varhelyi-1030x686.jpg 1030w, https:\/\/contentf5.dailynewshungary.com\/wp-content\/uploads\/2023\/01\/Hungarian-commissioner-Varhelyi-219x146.jpg 219w, https:\/\/contentf5.dailynewshungary.com\/wp-content\/uploads\/2023\/01\/Hungarian-commissioner-Varhelyi-50x33.jpg 50w, https:\/\/contentf5.dailynewshungary.com\/wp-content\/uploads\/2023\/01\/Hungarian-commissioner-Varhelyi-113x75.jpg 113w, https:\/\/contentf5.dailynewshungary.com\/wp-content\/uploads\/2023\/01\/Hungarian-commissioner-Varhelyi.jpg 2048w\" sizes=\"auto, (max-width: 333px) 100vw, 333px\"><\/div>\n<h5 class=\"dnh-embed-title\"><span>Lesen Sie auch<\/span>Ungarischer EU-Kommissar untergr\u00e4bt Rechtsstaatlichkeitsreformen in EU-Beitrittsl\u00e4ndern?<\/h5>\n<\/div>\n<p><\/a><\/p>\n<p><a class=\"dnh-embed-link\" href=\"https:\/\/dailynewshungary.com\/de\/ungarischer-eu-kommissar-untergrabt-rechtsstaatlichkeitsreformen-in-eu-beitrittslandern\/\"><\/a><\/p>\n","protected":false},"excerpt":{"rendered":"<p>Am Donnerstag traf sich zum ersten Mal der neue Deregulierungs-Roundtable Ungarns. Bence Tuzson, Regierungskommissar f\u00fcr Deregulierung, sagte auf dem Treffen, das Gremium sei damit beauftragt, Vorschl\u00e4ge zum B\u00fcrokratieabbau und zur Vereinfachung der Regeln zu unterbreiten, um die Wettbewerbsf\u00e4higkeit des Landes zu steigern und seinen Bewohnern das Leben zu erleichtern. PM Orb\u00e1n: Die Gef\u00e4ngnismannschaft des EC [&hellip;]<\/p>\n","protected":false},"author":33,"featured_media":679821,"comment_status":"open","ping_status":"open","sticky":false,"template":"","format":"standard","meta":{"_acf_changed":false,"_display_image":"yes","footnotes":""},"categories":[1081],"tags":[1102,1076],"class_list":["post-679820","post","type-post","status-publish","format-standard","has-post-thumbnail","hentry","category-politik","tag-ungarische-regierung","tag-ungarn"],"blocksy_meta":[],"acf":[],"author_username":"ugyelet","telegram_post":"","public_post_metadata":{"breaking_news":"yes","important":"no","csempe":"no","center_tile":"no","disable_thumbnail":"no","target_lang":"","_featured_image_style":"hidden","telegram_post":"","_xlat_group_id":""},"public_rank_math_data":{"title":"%title% %sep% %sitename%","description":"Ungarns neuer Deregulierungsrundtisch traf sich am Donnerstag zum ersten Mal.","focus_keyword":"Rundtisch","canonical_url":"","robots":"","primary_category":"1081","breadcrumb_title":"","facebook_title":"","facebook_description":"","facebook_image":"","facebook_image_id":"","twitter_title":"","twitter_description":"","twitter_image":"","twitter_image_id":"","twitter_card_type":"","twitter_use_facebook":"","advanced_robots":"","pillar_content":"","seo_score":"65","contentai_score":"","rich_snippet":""},"_links":{"self":[{"href":"https:\/\/dailynewshungary.com\/de\/wp-json\/wp\/v2\/posts\/679820","targetHints":{"allow":["GET"]}}],"collection":[{"href":"https:\/\/dailynewshungary.com\/de\/wp-json\/wp\/v2\/posts"}],"about":[{"href":"https:\/\/dailynewshungary.com\/de\/wp-json\/wp\/v2\/types\/post"}],"author":[{"embeddable":true,"href":"https:\/\/dailynewshungary.com\/de\/wp-json\/wp\/v2\/users\/33"}],"replies":[{"embeddable":true,"href":"https:\/\/dailynewshungary.com\/de\/wp-json\/wp\/v2\/comments?post=679820"}],"version-history":[{"count":0,"href":"https:\/\/dailynewshungary.com\/de\/wp-json\/wp\/v2\/posts\/679820\/revisions"}],"wp:featuredmedia":[{"embeddable":true,"href":"https:\/\/dailynewshungary.com\/de\/wp-json\/wp\/v2\/media\/679821"}],"wp:attachment":[{"href":"https:\/\/dailynewshungary.com\/de\/wp-json\/wp\/v2\/media?parent=679820"}],"wp:term":[{"taxonomy":"category","embeddable":true,"href":"https:\/\/dailynewshungary.com\/de\/wp-json\/wp\/v2\/categories?post=679820"},{"taxonomy":"post_tag","embeddable":true,"href":"https:\/\/dailynewshungary.com\/de\/wp-json\/wp\/v2\/tags?post=679820"}],"curies":[{"name":"wp","href":"https:\/\/api.w.org\/{rel}","templated":true}]}}