{"id":679852,"date":"2023-01-18T23:56:25","date_gmt":"2023-01-18T22:56:25","guid":{"rendered":"https:\/\/dailynewshungary.com\/de\/video-mdep-marton-gyongyosi-fordert-erneut-sanktionen-gegen-orban\/"},"modified":"2023-01-18T23:56:25","modified_gmt":"2023-01-18T22:56:25","slug":"video-mdep-marton-gyongyosi-fordert-erneut-sanktionen-gegen-orban","status":"publish","type":"post","link":"https:\/\/dailynewshungary.com\/de\/video-mdep-marton-gyongyosi-fordert-erneut-sanktionen-gegen-orban\/","title":{"rendered":"VIDEO: MdEP M\u00e1rton Gy\u00f6ngy\u00f6si fordert erneut Sanktionen gegen Orb\u00e1n"},"content":{"rendered":"<p style=\"text-align: center;\"><span style=\"color: #808080;\"><em><strong>Gesponserte Inhalte<\/strong><\/em><\/span><\/p>\n<p><strong>In seiner heutigen Ansprache vor der Plenarsitzung des Europ\u00e4ischen Parlaments sprach der Europaabgeordnete M\u00e1rton Gy\u00f6ngy\u00f6si (fraktionslos) dar\u00fcber, dass die Autonomie der Universit\u00e4ten zu den ersten Freiheiten geh\u00f6rte, die Europa geholfen hatten, eine der am weitesten entwickelten Regionen auf der ganzen Welt zu werden.<\/strong><\/p>\n<p>Heute jedoch tritt Ungarns Orb\u00e1n-Regierung die Freiheit der Universit\u00e4ten mit F\u00fc\u00dfen, indem sie die Politiker seiner Partei in die Regierungssitze der Hochschuleinrichtungen setzt.<\/p>\n<blockquote>\n<p>\u201eSie kennen unseren von der Fidesz delegierten Kollegen L\u00e1szl\u00f3 Tr\u00f3cs\u00e1nyi. Aber wussten Sie, dass er der Leiter einer Universit\u00e4t in Ungarn ist?&#8221;, fragte Herr Gy\u00f6ngy\u00f6si vom EP.<\/p>\n<\/blockquote>\n<p>W\u00e4hrend der Europaabgeordnete es f\u00fcr verst\u00e4ndlich h\u00e4lt, dass die meisten ungarischen Universit\u00e4ten nach einer solchen Einmischung der Regierung von den Erasmus &#8211; und Horizon-Programmen ausgeschlossen wurden, forderte er die Europ\u00e4ische Union dennoch auf, ungarische Studenten und Forscher nicht zu bestrafen, stattdessen forderte er, genau wie damals im Dezember, Wirtschaftssanktionen gegen Viktor Orb\u00e1n und seine Kreise auf die gleiche Weise zu verh\u00e4ngen, wie russische F\u00fchrer bestraft wurden. &#8216;Es ist an der Zeit, Ma\u00dfnahmen zu ergreifen und unsere Werte zu sch\u00fctzen&#8217;, behauptete der ungarische Europaabgeordnete.<\/p>\n<p><iframe loading=\"lazy\" style=\"border: none; overflow: hidden;\" src=\"https:\/\/www.facebook.com\/plugins\/video.php?height=314&amp;href=https%3A%2F%2Fwww.facebook.com%2Fgyongyosi.jobbik%2Fvideos%2F989994545722360%2F&amp;show_text=false&amp;width=560&amp;t=0\" width=\"1000\" height=\"600\" frameborder=\"0\" scrolling=\"no\" allowfullscreen=\"allowfullscreen\"><span data-mce-type= \"bookmark\" style= \"display: inline-block; breite: 0 px; overflow: hidden; line-height: 0;\" class= \"mce_SELRES_start\"> <\/span><\/iframe><\/p>\n<p><em>Haftungsausschluss: die alleinige Haftung f\u00fcr die abgegebenen Stellungnahmen liegt beim Autor (den Verfassern) Diese Stellungnahmen geben nicht unbedingt die offizielle Position des Europ\u00e4ischen Parlaments wieder.<\/em><\/p>\n<p><a class=\"dnh-embed-link\" href=\"https:\/\/dailynewshungary.com\/de\/mdep-gyongyosi-ungarn-am-scheideweg-eine-keimende-mittelschicht-oder-kommunistische-stagnation\/\"><\/a><\/p>\n<p><a class=\"dnh-embed-link\" href=\"https:\/\/dailynewshungary.com\/de\/mdep-gyongyosi-ungarn-am-scheideweg-eine-keimende-mittelschicht-oder-kommunistische-stagnation\/\"><\/p>\n<div class=\"dnh-embed\">\n<div class=\"dnh-embed-thumb\"><img loading=\"lazy\" decoding=\"async\" width=\"350\" height=\"233\" src=\"https:\/\/contentf5.dailynewshungary.com\/wp-content\/uploads\/2022\/05\/mep-gyongyosi-jobbik-350x233.jpg\" class=\"attachment-embed_thumbnail size-embed_thumbnail wp-post-image\" alt=\"mep gy\u00f6ngy\u00f6si jobbik\" srcset=\"https:\/\/contentf5.dailynewshungary.com\/wp-content\/uploads\/2022\/05\/mep-gyongyosi-jobbik-350x233.jpg 350w, https:\/\/contentf5.dailynewshungary.com\/wp-content\/uploads\/2022\/05\/mep-gyongyosi-jobbik-768x512.jpg 768w, https:\/\/contentf5.dailynewshungary.com\/wp-content\/uploads\/2022\/05\/mep-gyongyosi-jobbik-248x165.jpg 248w, https:\/\/contentf5.dailynewshungary.com\/wp-content\/uploads\/2022\/05\/mep-gyongyosi-jobbik-1030x686.jpg 1030w, https:\/\/contentf5.dailynewshungary.com\/wp-content\/uploads\/2022\/05\/mep-gyongyosi-jobbik-219x146.jpg 219w, https:\/\/contentf5.dailynewshungary.com\/wp-content\/uploads\/2022\/05\/mep-gyongyosi-jobbik-50x33.jpg 50w, https:\/\/contentf5.dailynewshungary.com\/wp-content\/uploads\/2022\/05\/mep-gyongyosi-jobbik-113x75.jpg 113w, https:\/\/contentf5.dailynewshungary.com\/wp-content\/uploads\/2022\/05\/mep-gyongyosi-jobbik.jpg 1280w\" sizes=\"auto, (max-width: 350px) 100vw, 350px\"><\/div>\n<h5 class=\"dnh-embed-title\"><span>Lesen Sie auch<\/span>MdEP Gy\u00f6ngy\u00f6si: Ungarn am Scheideweg, eine keimende Mittelschicht oder kommunistische Stagnation?<\/h5>\n<\/div>\n<p><\/a><\/p>\n<p><a class=\"dnh-embed-link\" href=\"https:\/\/dailynewshungary.com\/de\/mdep-gyongyosi-ungarn-am-scheideweg-eine-keimende-mittelschicht-oder-kommunistische-stagnation\/\"><\/a><\/p>\n","protected":false},"excerpt":{"rendered":"<p>Gesponserte Inhalte In seiner heutigen Ansprache vor der Plenarsitzung des Europ\u00e4ischen Parlaments sprach der Europaabgeordnete M\u00e1rton Gy\u00f6ngy\u00f6si (fraktionslos) dar\u00fcber, dass die Autonomie der Universit\u00e4ten zu den ersten Freiheiten geh\u00f6rte, die Europa geholfen hatten, eine der am weitesten entwickelten Regionen auf der ganzen Welt zu werden. Heute jedoch tritt Ungarns Orb\u00e1n-Regierung die Freiheit der Universit\u00e4ten mit [&hellip;]<\/p>\n","protected":false},"author":2,"featured_media":679853,"comment_status":"open","ping_status":"open","sticky":false,"template":"","format":"standard","meta":{"_acf_changed":false,"_display_image":"yes","footnotes":""},"categories":[1081],"tags":[1082,1102,1192],"class_list":["post-679852","post","type-post","status-publish","format-standard","has-post-thumbnail","hentry","category-politik","tag-europaische-union","tag-ungarische-regierung","tag-video"],"blocksy_meta":[],"acf":[],"author_username":"alk","telegram_post":"","public_post_metadata":{"breaking_news":"yes","important":"no","csempe":"no","center_tile":"no","disable_thumbnail":"no","target_lang":"","_featured_image_style":"hidden","telegram_post":"","_xlat_group_id":""},"public_rank_math_data":{"title":"%title% %sep% %sitename%","description":"In seiner heutigen Rede vor der Plenarsitzung des Europ\u00e4ischen Parlaments sprach der (fraktionslose) Europaabgeordnete M\u00e1rton Gy\u00f6ngy\u00f6si dar\u00fcber, wie die Autonomie...","focus_keyword":"Gy\u00f6ngy\u00f6si","canonical_url":"","robots":"","primary_category":"1081","breadcrumb_title":"","facebook_title":"","facebook_description":"","facebook_image":"","facebook_image_id":"","twitter_title":"","twitter_description":"","twitter_image":"","twitter_image_id":"","twitter_card_type":"","twitter_use_facebook":"","advanced_robots":"","pillar_content":"","seo_score":"60","contentai_score":"","rich_snippet":""},"_links":{"self":[{"href":"https:\/\/dailynewshungary.com\/de\/wp-json\/wp\/v2\/posts\/679852","targetHints":{"allow":["GET"]}}],"collection":[{"href":"https:\/\/dailynewshungary.com\/de\/wp-json\/wp\/v2\/posts"}],"about":[{"href":"https:\/\/dailynewshungary.com\/de\/wp-json\/wp\/v2\/types\/post"}],"author":[{"embeddable":true,"href":"https:\/\/dailynewshungary.com\/de\/wp-json\/wp\/v2\/users\/2"}],"replies":[{"embeddable":true,"href":"https:\/\/dailynewshungary.com\/de\/wp-json\/wp\/v2\/comments?post=679852"}],"version-history":[{"count":0,"href":"https:\/\/dailynewshungary.com\/de\/wp-json\/wp\/v2\/posts\/679852\/revisions"}],"wp:featuredmedia":[{"embeddable":true,"href":"https:\/\/dailynewshungary.com\/de\/wp-json\/wp\/v2\/media\/679853"}],"wp:attachment":[{"href":"https:\/\/dailynewshungary.com\/de\/wp-json\/wp\/v2\/media?parent=679852"}],"wp:term":[{"taxonomy":"category","embeddable":true,"href":"https:\/\/dailynewshungary.com\/de\/wp-json\/wp\/v2\/categories?post=679852"},{"taxonomy":"post_tag","embeddable":true,"href":"https:\/\/dailynewshungary.com\/de\/wp-json\/wp\/v2\/tags?post=679852"}],"curies":[{"name":"wp","href":"https:\/\/api.w.org\/{rel}","templated":true}]}}