{"id":680230,"date":"2023-01-08T17:34:00","date_gmt":"2023-01-08T16:34:00","guid":{"rendered":"https:\/\/dailynewshungary.com\/de\/ungarischer-staatssekretar-krieg-kann-nur-vermieden-werden\/"},"modified":"2023-01-08T17:34:00","modified_gmt":"2023-01-08T16:34:00","slug":"ungarischer-staatssekretar-krieg-kann-nur-vermieden-werden","status":"publish","type":"post","link":"https:\/\/dailynewshungary.com\/de\/ungarischer-staatssekretar-krieg-kann-nur-vermieden-werden\/","title":{"rendered":"Ungarischer Staatssekret\u00e4r: Krieg kann nur vermieden werden"},"content":{"rendered":"<p><strong>Krieg m\u00fcsse vermieden werden, weil man nicht wissen k\u00f6nne, wie er enden werde, und Folgen haben k\u00f6nne, auf die niemand vorbereitet sei, sagte Innenministerien-Staatssekret\u00e4r Bence R\u00e9tv\u00e1ri am Sonntag zum Gedenken an die Volksdeutschen, die nach dem Zweiten Weltkrieg in die Sowjetunion deportiert wurden.<\/strong><\/p>\n<p>Die Deportierten h\u00e4tten sich nichts zuschulden kommen lassen und h\u00e4tten noch nie gegen die Sowjetunion gek\u00e4mpft, sagte R\u00e9tv\u00e1ri in Kismaros in NordungarnSie seien nur gezwungen worden, ihre H\u00e4user zu verlassen, weil jede Siedlung eine Quote erf\u00fcllen m\u00fcsse, sagte er und bemerkte, dass die Deportierten keine Ahnung h\u00e4tten, wohin sie gebracht w\u00fcrden.<\/p>\n<ul>\n<li>Lesen Sie auch: <a href=\"https:\/\/dailynewshungary.com\/de\/die-deutsche-inflation-sinkt-was-ungarn-zugute-kommt\/\">Die deutsche Inflation sinkt, was Ungarn zugute kommt<\/a><\/li>\n<\/ul>\n<p>Insgesamt seien 800.000 Ungarn in Zwangsarbeitslager deportiert worden, von denen 200.000 nie zur\u00fcckkehrten, sagte R\u00e9tv\u00e1ri \u201eWo auch immer Kommunisten an die Macht kamen, sie errichteten Zwangsarbeitslager\u201cf\u00fcgte er hinzu.<\/p>\n<p>R\u00e9tv\u00e1ri stellte fest, dass es unm\u00f6glich sei, fr\u00fchzeitig zu wissen, wie ein Krieg enden werde, und sagte, dass viele europ\u00e4ische L\u00e4nder zu Beginn des Russland-Ukraine-Krieges versprochen h\u00e4tten, der Ukraine nur nichtt\u00f6dliche Waffen zu schicken, was sich jedoch inzwischen v\u00f6llig ge\u00e4ndert habe.<\/p>\n<p>\u201cWenn wir uns erinnern, sollten wir auch an die Gegenwart denken und Entscheidungen treffen, die sicherstellen, dass sich die schrecklichen Situationen der Vergangenheit nicht wiederholen\u201d, sagte der Staatssekret\u00e4r.<\/p>\n","protected":false},"excerpt":{"rendered":"<p>Krieg m\u00fcsse vermieden werden, weil man nicht wissen k\u00f6nne, wie er enden werde, und Folgen haben k\u00f6nne, auf die niemand vorbereitet sei, sagte Innenministerien-Staatssekret\u00e4r Bence R\u00e9tv\u00e1ri am Sonntag zum Gedenken an die Volksdeutschen, die nach dem Zweiten Weltkrieg in die Sowjetunion deportiert wurden. Die Deportierten h\u00e4tten sich nichts zuschulden kommen lassen und h\u00e4tten noch nie [&hellip;]<\/p>\n","protected":false},"author":33,"featured_media":680231,"comment_status":"open","ping_status":"open","sticky":false,"template":"","format":"standard","meta":{"_acf_changed":false,"_display_image":"yes","footnotes":""},"categories":[1081],"tags":[1144,1184,1076],"class_list":["post-680230","post","type-post","status-publish","format-standard","has-post-thumbnail","hentry","category-politik","tag-gedenken","tag-krieg","tag-ungarn"],"blocksy_meta":[],"acf":[],"author_username":"ugyelet","telegram_post":"","public_post_metadata":{"breaking_news":"yes","important":"no","csempe":"no","center_tile":"no","disable_thumbnail":"no","target_lang":"","_featured_image_style":"hidden","telegram_post":"","_xlat_group_id":""},"public_rank_math_data":{"title":"%title% %sep% %sitename%","description":"\"Krieg muss vermieden werden, denn es ist unm\u00f6glich zu wissen, wie er enden wird und k\u00f6nnte Folgen haben, auf die niemand vorbereitet ist\"","focus_keyword":"Krieg","canonical_url":"","robots":"","primary_category":"1081","breadcrumb_title":"","facebook_title":"","facebook_description":"","facebook_image":"","facebook_image_id":"","twitter_title":"","twitter_description":"","twitter_image":"","twitter_image_id":"","twitter_card_type":"","twitter_use_facebook":"","advanced_robots":"","pillar_content":"","seo_score":"65","contentai_score":"","rich_snippet":""},"_links":{"self":[{"href":"https:\/\/dailynewshungary.com\/de\/wp-json\/wp\/v2\/posts\/680230","targetHints":{"allow":["GET"]}}],"collection":[{"href":"https:\/\/dailynewshungary.com\/de\/wp-json\/wp\/v2\/posts"}],"about":[{"href":"https:\/\/dailynewshungary.com\/de\/wp-json\/wp\/v2\/types\/post"}],"author":[{"embeddable":true,"href":"https:\/\/dailynewshungary.com\/de\/wp-json\/wp\/v2\/users\/33"}],"replies":[{"embeddable":true,"href":"https:\/\/dailynewshungary.com\/de\/wp-json\/wp\/v2\/comments?post=680230"}],"version-history":[{"count":0,"href":"https:\/\/dailynewshungary.com\/de\/wp-json\/wp\/v2\/posts\/680230\/revisions"}],"wp:featuredmedia":[{"embeddable":true,"href":"https:\/\/dailynewshungary.com\/de\/wp-json\/wp\/v2\/media\/680231"}],"wp:attachment":[{"href":"https:\/\/dailynewshungary.com\/de\/wp-json\/wp\/v2\/media?parent=680230"}],"wp:term":[{"taxonomy":"category","embeddable":true,"href":"https:\/\/dailynewshungary.com\/de\/wp-json\/wp\/v2\/categories?post=680230"},{"taxonomy":"post_tag","embeddable":true,"href":"https:\/\/dailynewshungary.com\/de\/wp-json\/wp\/v2\/tags?post=680230"}],"curies":[{"name":"wp","href":"https:\/\/api.w.org\/{rel}","templated":true}]}}