{"id":680807,"date":"2022-12-20T11:14:05","date_gmt":"2022-12-20T10:14:05","guid":{"rendered":"https:\/\/dailynewshungary.com\/de\/ein-mann-stieg-auf-der-m3-aufgrund-eines-unfalls-aus-seinem-auto-und-kam-dabei-von-einem-lastwagen-ums-leben\/"},"modified":"2022-12-20T11:14:05","modified_gmt":"2022-12-20T10:14:05","slug":"ein-mann-stieg-auf-der-m3-aufgrund-eines-unfalls-aus-seinem-auto-und-kam-dabei-von-einem-lastwagen-ums-leben","status":"publish","type":"post","link":"https:\/\/dailynewshungary.com\/de\/ein-mann-stieg-auf-der-m3-aufgrund-eines-unfalls-aus-seinem-auto-und-kam-dabei-von-einem-lastwagen-ums-leben\/","title":{"rendered":"Ein Mann stieg auf der M3 aufgrund eines Unfalls aus seinem Auto und kam dabei von einem Lastwagen ums Leben"},"content":{"rendered":"<p><strong>Auf der Autobahn M3 in Richtung Budapest bei Hort ereignete sich ein t\u00f6dlicher Unfall, teilte das Polizeipr\u00e4sidium des Kreises Heves am Dienstag mit <a href=\"https:\/\/www.police.hu\/hu\/hirek-es-informaciok\/utinfo\/baleseti-hirek\/megszunt-az-utlezaras-az-m3-as-autopalyan-53\" target=\"_blank\" rel=\"noopener\">Website der Polizei<\/a>.<\/strong><\/p>\n<p>Ein LKW hat am Montag kurz vor Mitternacht unter ungekl\u00e4rten Umst\u00e4nden einen Fu\u00dfg\u00e4nger angefahren, der an Ort und Stelle an den Folgen des Unfalls starb.<\/p>\n<p>Die Polizei teilte im Morgengrauen mit, dass der Verkehr auf der betroffenen Strecke inzwischen wieder aufgenommen worden sei, wie sich herausstellte, war der angefahrene 38-j\u00e4hrige Mann der Fahrer eines Fahrzeugs, das in einen Verkehrsunfall verwickelt war vor \u2013 Polizei.hu.<\/p>\n<figure id=\"attachment_537031\" aria-describedby=\"caption-attachment-537031\" style=\"width: 1916px\" class=\"wp-caption aligncenter\"><img loading=\"lazy\" decoding=\"async\" class=\"size-full wp-image-537031\" src=\"https:\/\/contentf5.dailynewshungary.com\/wp-content\/uploads\/2022\/12\/accident-m3-e1683036729409.jpg\" alt=\"Unfall\" width=\"1916\" height=\"1122\"><figcaption id=\"caption-attachment-537031\" class=\"wp-caption-text\">Foto: Polizei.hu<\/figcaption><\/figure>\n<p><a class=\"dnh-embed-link\" href=\"https:\/\/dailynewshungary.com\/de\/extremes-video-auto-dreht-zweimal-in-der-luft-um-nachdem-es-in-ungarn-auf-eine-werbetafel-prallte\/\"><\/a><\/p>\n<p><a class=\"dnh-embed-link\" href=\"https:\/\/dailynewshungary.com\/de\/extremes-video-auto-dreht-zweimal-in-der-luft-um-nachdem-es-in-ungarn-auf-eine-werbetafel-prallte\/\"><\/p>\n<div class=\"dnh-embed\">\n<div class=\"dnh-embed-thumb\"><img loading=\"lazy\" decoding=\"async\" width=\"1025\" height=\"450\" src=\"https:\/\/contentf5.dailynewshungary.com\/wp-content\/uploads\/2022\/11\/rsz_accident1-1025x450.jpg\" class=\"attachment-embed_thumbnail size-embed_thumbnail wp-post-image\" alt=\"Unfall im Vas County\"><\/div>\n<h5 class=\"dnh-embed-title\"><span>Lesen Sie auch<\/span>Extremes VIDEO: Auto dreht zweimal in der Luft um, nachdem es in Ungarn auf eine Werbetafel prallte<\/h5>\n<\/div>\n<p><\/a><\/p>\n<p><a class=\"dnh-embed-link\" href=\"https:\/\/dailynewshungary.com\/de\/extremes-video-auto-dreht-zweimal-in-der-luft-um-nachdem-es-in-ungarn-auf-eine-werbetafel-prallte\/\"><\/a><\/p>\n","protected":false},"excerpt":{"rendered":"<p>Auf der Autobahn M3 in Richtung Budapest bei Hort ereignete sich ein t\u00f6dlicher Unfall, teilte das Polizeipr\u00e4sidium des Kreises Heves am Dienstag mit Website der Polizei. Ein LKW hat am Montag kurz vor Mitternacht unter ungekl\u00e4rten Umst\u00e4nden einen Fu\u00dfg\u00e4nger angefahren, der an Ort und Stelle an den Folgen des Unfalls starb. Die Polizei teilte im [&hellip;]<\/p>\n","protected":false},"author":2,"featured_media":680808,"comment_status":"open","ping_status":"open","sticky":false,"template":"","format":"standard","meta":{"_acf_changed":false,"_display_image":"","footnotes":""},"categories":[1101],"tags":[1236,1202,1163,1076,1145],"class_list":["post-680807","post","type-post","status-publish","format-standard","has-post-thumbnail","hentry","category-flashnews","tag-polizei","tag-unfall","tag-ungarische-polizei","tag-ungarn","tag-verkehr"],"blocksy_meta":[],"acf":[],"author_username":"alk","telegram_post":"","public_post_metadata":{"breaking_news":"yes","important":"no","csempe":"no","center_tile":"no","disable_thumbnail":"no","target_lang":"","_featured_image_style":"","telegram_post":"","_xlat_group_id":""},"public_rank_math_data":{"title":"%title% %sep% %sitename%","description":"Auf der Autobahn M3 in Richtung Budapest in der N\u00e4he von Hort ereignete sich ein t\u00f6dlicher Unfall, teilte das Polizeipr\u00e4sidium des Kreises Heves mit...","focus_keyword":"Unfall","canonical_url":"","robots":"","primary_category":"1101","breadcrumb_title":"","facebook_title":"","facebook_description":"","facebook_image":"","facebook_image_id":"","twitter_title":"","twitter_description":"","twitter_image":"","twitter_image_id":"","twitter_card_type":"","twitter_use_facebook":"","advanced_robots":"","pillar_content":"","seo_score":"","contentai_score":"","rich_snippet":""},"_links":{"self":[{"href":"https:\/\/dailynewshungary.com\/de\/wp-json\/wp\/v2\/posts\/680807","targetHints":{"allow":["GET"]}}],"collection":[{"href":"https:\/\/dailynewshungary.com\/de\/wp-json\/wp\/v2\/posts"}],"about":[{"href":"https:\/\/dailynewshungary.com\/de\/wp-json\/wp\/v2\/types\/post"}],"author":[{"embeddable":true,"href":"https:\/\/dailynewshungary.com\/de\/wp-json\/wp\/v2\/users\/2"}],"replies":[{"embeddable":true,"href":"https:\/\/dailynewshungary.com\/de\/wp-json\/wp\/v2\/comments?post=680807"}],"version-history":[{"count":0,"href":"https:\/\/dailynewshungary.com\/de\/wp-json\/wp\/v2\/posts\/680807\/revisions"}],"wp:featuredmedia":[{"embeddable":true,"href":"https:\/\/dailynewshungary.com\/de\/wp-json\/wp\/v2\/media\/680808"}],"wp:attachment":[{"href":"https:\/\/dailynewshungary.com\/de\/wp-json\/wp\/v2\/media?parent=680807"}],"wp:term":[{"taxonomy":"category","embeddable":true,"href":"https:\/\/dailynewshungary.com\/de\/wp-json\/wp\/v2\/categories?post=680807"},{"taxonomy":"post_tag","embeddable":true,"href":"https:\/\/dailynewshungary.com\/de\/wp-json\/wp\/v2\/tags?post=680807"}],"curies":[{"name":"wp","href":"https:\/\/api.w.org\/{rel}","templated":true}]}}