{"id":681012,"date":"2022-12-14T10:04:00","date_gmt":"2022-12-14T09:04:00","guid":{"rendered":"https:\/\/dailynewshungary.com\/de\/ungarischer-regierungsbeamter-lehrer-erhalten-in-den-nachsten-drei-jahren-eine-lohnerhohung-von-75-prozent\/"},"modified":"2022-12-14T10:04:00","modified_gmt":"2022-12-14T09:04:00","slug":"ungarischer-regierungsbeamter-lehrer-erhalten-in-den-nachsten-drei-jahren-eine-lohnerhohung-von-75-prozent","status":"publish","type":"post","link":"https:\/\/dailynewshungary.com\/de\/ungarischer-regierungsbeamter-lehrer-erhalten-in-den-nachsten-drei-jahren-eine-lohnerhohung-von-75-prozent\/","title":{"rendered":"Ungarischer Regierungsbeamter: Lehrer erhalten in den n\u00e4chsten drei Jahren eine Lohnerh\u00f6hung von 75 Prozent"},"content":{"rendered":"<p><strong>Der Staatssekret\u00e4r des Innenministeriums, Bence R\u00e9tv\u00e1ri, besprach am Dienstag mit Zivilorganisationen Lohnerh\u00f6hungen f\u00fcr Lehrer.<\/strong><\/p>\n<p>Auf einer Pressekonferenz nach dem Treffen sagte R\u00e9tv\u00e1ri, dass die Lehrer in den n\u00e4chsten drei Jahren eine Lohnerh\u00f6hung von 75 Prozent erhalten w\u00fcrden.<\/p>\n<p>Die Regierung setze sich daf\u00fcr ein, die L\u00f6hne der Lehrer zu erh\u00f6hen, sagte der Staatssekret\u00e4rDemnach werden die Lehrer im n\u00e4chsten Jahr einen Anstieg ihrer L\u00f6hne um 21 Prozent, 2024 um 25 Prozent und 2025 um 29 Prozent erleben, sagte er und f\u00fcgte hinzu, dass ihr Durchschnittslohn auf 770.000 HUF steigen werde (<strong>1.845 EUR<\/strong>().Er sagte, die Einigung vom Montag \u00fcber die EU-Aufbaufinanzierung f\u00fcr Ungarn w\u00e4re \u201cein wichtiger Schritt\u201d f\u00fcr die Lohnerh\u00f6hungen.<\/p>\n<ul>\n<li>Lesen Sie auch: <a href=\"https:\/\/dailynewshungary.com\/de\/die-minister-teilten-einzelheiten-daruber-mit-wie-ungarn-die-milliarden-euro-von-der-eu-erhalten-wird\/\">Die Minister teilten Einzelheiten dar\u00fcber mit, wie Ungarn die Milliarden Euro von der EU erhalten wird<\/a><\/li>\n<\/ul>\n<p>Unterdessen sagte R\u00e9tv\u00e1ri, er sei von der Forderung der Lehrergewerkschaften nach der Einrichtung eines Runden Tisches f\u00fcr \u00f6ffentliche Bildung \u00fcberrascht worden und argumentierte, dass bereits vor Jahren ein strategischer Runder Tisch f\u00fcr \u00f6ffentliche Bildung eingerichtet worden sei. Dazu geh\u00f6rten, wie er feststellte, Lehrerorganisationen, Gewerkschaften, Studentenvereinigungen, die Ungarische Akademie der Wissenschaften, die Ungarische Kunstakademie, Arbeitgeber und Betreiber \u00f6ffentlicher Schulen.<\/p>\n<p>Gespr\u00e4che mit Streikkomitees seien auch im Gange, sagte R\u00e9tv\u00e1ri und wies darauf hin, dass die Regierung im Sommer und Herbst Lehrer \u00fcber die Bedingungen in den Schulen konsultiert habe.<\/p>\n","protected":false},"excerpt":{"rendered":"<p>Der Staatssekret\u00e4r des Innenministeriums, Bence R\u00e9tv\u00e1ri, besprach am Dienstag mit Zivilorganisationen Lohnerh\u00f6hungen f\u00fcr Lehrer. Auf einer Pressekonferenz nach dem Treffen sagte R\u00e9tv\u00e1ri, dass die Lehrer in den n\u00e4chsten drei Jahren eine Lohnerh\u00f6hung von 75 Prozent erhalten w\u00fcrden. Die Regierung setze sich daf\u00fcr ein, die L\u00f6hne der Lehrer zu erh\u00f6hen, sagte der Staatssekret\u00e4rDemnach werden die Lehrer [&hellip;]<\/p>\n","protected":false},"author":33,"featured_media":681013,"comment_status":"open","ping_status":"open","sticky":false,"template":"","format":"standard","meta":{"_acf_changed":false,"_display_image":"","footnotes":""},"categories":[1081],"tags":[1542,1102,1076],"class_list":["post-681012","post","type-post","status-publish","format-standard","has-post-thumbnail","hentry","category-politik","tag-lehrer-protestieren-gegen-das-schulsystem","tag-ungarische-regierung","tag-ungarn"],"blocksy_meta":[],"acf":[],"author_username":"ugyelet","telegram_post":"","public_post_metadata":{"breaking_news":"yes","important":"no","csempe":"no","center_tile":"no","disable_thumbnail":"no","target_lang":"","_featured_image_style":"","telegram_post":"","_xlat_group_id":""},"public_rank_math_data":{"title":"%title% %sep% %sitename%","description":"Die ungarische Regierung setze sich daf\u00fcr ein, die L\u00f6hne der Lehrer zu erh\u00f6hen, sagte Staatssekret\u00e4r Bence R\u00e9tv\u00e1ri.","focus_keyword":"Lehrer","canonical_url":"","robots":"","primary_category":"1081","breadcrumb_title":"","facebook_title":"","facebook_description":"","facebook_image":"","facebook_image_id":"","twitter_title":"","twitter_description":"","twitter_image":"","twitter_image_id":"","twitter_card_type":"","twitter_use_facebook":"","advanced_robots":"","pillar_content":"","seo_score":"63","contentai_score":"","rich_snippet":""},"_links":{"self":[{"href":"https:\/\/dailynewshungary.com\/de\/wp-json\/wp\/v2\/posts\/681012","targetHints":{"allow":["GET"]}}],"collection":[{"href":"https:\/\/dailynewshungary.com\/de\/wp-json\/wp\/v2\/posts"}],"about":[{"href":"https:\/\/dailynewshungary.com\/de\/wp-json\/wp\/v2\/types\/post"}],"author":[{"embeddable":true,"href":"https:\/\/dailynewshungary.com\/de\/wp-json\/wp\/v2\/users\/33"}],"replies":[{"embeddable":true,"href":"https:\/\/dailynewshungary.com\/de\/wp-json\/wp\/v2\/comments?post=681012"}],"version-history":[{"count":0,"href":"https:\/\/dailynewshungary.com\/de\/wp-json\/wp\/v2\/posts\/681012\/revisions"}],"wp:featuredmedia":[{"embeddable":true,"href":"https:\/\/dailynewshungary.com\/de\/wp-json\/wp\/v2\/media\/681013"}],"wp:attachment":[{"href":"https:\/\/dailynewshungary.com\/de\/wp-json\/wp\/v2\/media?parent=681012"}],"wp:term":[{"taxonomy":"category","embeddable":true,"href":"https:\/\/dailynewshungary.com\/de\/wp-json\/wp\/v2\/categories?post=681012"},{"taxonomy":"post_tag","embeddable":true,"href":"https:\/\/dailynewshungary.com\/de\/wp-json\/wp\/v2\/tags?post=681012"}],"curies":[{"name":"wp","href":"https:\/\/api.w.org\/{rel}","templated":true}]}}