{"id":681426,"date":"2022-12-02T21:04:57","date_gmt":"2022-12-02T20:04:57","guid":{"rendered":"https:\/\/dailynewshungary.com\/de\/fotos-budapests-neue-donaubrucke-wird-atemberaubend-aussehen\/"},"modified":"2022-12-02T21:04:57","modified_gmt":"2022-12-02T20:04:57","slug":"fotos-budapests-neue-donaubrucke-wird-atemberaubend-aussehen","status":"publish","type":"post","link":"https:\/\/dailynewshungary.com\/de\/fotos-budapests-neue-donaubrucke-wird-atemberaubend-aussehen\/","title":{"rendered":"FOTOS: Budapests neue Donaubr\u00fccke wird atemberaubend aussehen"},"content":{"rendered":"<p><strong>Zwischen der Insel Csepel (dem 21. Bezirk von Budapest) und dem 22. Bezirk der Hauptstadt wird die neueste Br\u00fccke Budapests gebaut, der Bauprozess der Galvani-Br\u00fccke hat gestern einen neuen Meilenstein erreicht, seit der Torbogen seine rechtsverbindliche Baugenehmigung bekommen hat.<\/strong><\/p>\n<p>Der Planungsprozess der neuen Br\u00fccke von S\u00fcd-Budest startete bereits 2018 und war gestern beendet, so Bal\u00e1zs F\u00fcrjes, der Regierungskommissar f\u00fcr Gro\u00dfinvestitionen in Budapest, Au\u00dferdem f\u00fcgte er in seinem Post hinzu, dass die Zukunft Budapests im S\u00fcden liegeDie verlassenen Regionen S\u00fcd-Pest, Nord-Csepel und S\u00fcd-Buda nannte er die goldenen Reserven Budapests.<\/p>\n<p>Herr F\u00fcrjes <a href=\"https:\/\/www.facebook.com\/furjesbalazsbp\/posts\/529497472532664\" target=\"_blank\" rel=\"noopener\">Geschrieben<\/a> Dass die neue Br\u00fccke die Verkehrsbelastung der Innenstadtbr\u00fccken verringern w\u00fcrde Dar\u00fcber hinaus wird sie die s\u00fcdlichen Regionen Budapests verbinden.<\/p>\n<figure id=\"attachment_533807\" aria-describedby=\"caption-attachment-533807\" style=\"width: 600px\" class=\"wp-caption aligncenter\"><img loading=\"lazy\" decoding=\"async\" class=\"size-full wp-image-533807\" src=\"https:\/\/contentf5.dailynewshungary.com\/wp-content\/uploads\/2022\/12\/Budapest-Danube-bridge4.jpg\" alt=\"Budapester Donaubr\u00fccke\" width=\"600\" height=\"387\" srcset=\"https:\/\/contentf5.dailynewshungary.com\/wp-content\/uploads\/2022\/12\/Budapest-Danube-bridge4.jpg 600w, https:\/\/contentf5.dailynewshungary.com\/wp-content\/uploads\/2022\/12\/Budapest-Danube-bridge4-248x160.jpg 248w, https:\/\/contentf5.dailynewshungary.com\/wp-content\/uploads\/2022\/12\/Budapest-Danube-bridge4-226x146.jpg 226w, https:\/\/contentf5.dailynewshungary.com\/wp-content\/uploads\/2022\/12\/Budapest-Danube-bridge4-50x32.jpg 50w, https:\/\/contentf5.dailynewshungary.com\/wp-content\/uploads\/2022\/12\/Budapest-Danube-bridge4-116x75.jpg 116w\" sizes=\"auto, (max-width: 600px) 100vw, 600px\"><figcaption id=\"caption-attachment-533807\" class=\"wp-caption-text\">Foto: facebook.com\/furjesbalazsbp<\/figcaption><\/figure>\n<p>Das erste Mal, dass der Rat von Budapest die Galvani-Br\u00fccke in die offizielle Stadtplanungsstrategie der Hauptstadt aufnahm, war 1985, Die Entw\u00fcrfe und Pl\u00e4ne wurden von dem niederl\u00e4ndischen Buro Happold und dem britischen UNStudio gemacht, Ihr ungarischer Partner war die CEH Tervez , Beruh\u00e1z\u00f3 \u00e9s Fejleszt  Ltd. Die Kosten f\u00fcr die Pl\u00e4ne betrugen 4,5 Milliarden HUF (<strong>11 Mio. EUR<\/strong>), und die ungarische Regierung \u00fcbernahm alle Kosten.<\/p>\n<figure id=\"attachment_533805\" aria-describedby=\"caption-attachment-533805\" style=\"width: 1024px\" class=\"wp-caption aligncenter\"><img loading=\"lazy\" decoding=\"async\" class=\"size-full wp-image-533805\" src=\"https:\/\/contentf5.dailynewshungary.com\/wp-content\/uploads\/2022\/12\/Budapest-Danube-bridge2.jpg\" alt=\"Budapester Donaubr\u00fccke\" width=\"1024\" height=\"697\" srcset=\"https:\/\/contentf5.dailynewshungary.com\/wp-content\/uploads\/2022\/12\/Budapest-Danube-bridge2.jpg 1024w, https:\/\/contentf5.dailynewshungary.com\/wp-content\/uploads\/2022\/12\/Budapest-Danube-bridge2-768x523.jpg 768w, https:\/\/contentf5.dailynewshungary.com\/wp-content\/uploads\/2022\/12\/Budapest-Danube-bridge2-248x169.jpg 248w, https:\/\/contentf5.dailynewshungary.com\/wp-content\/uploads\/2022\/12\/Budapest-Danube-bridge2-214x146.jpg 214w, https:\/\/contentf5.dailynewshungary.com\/wp-content\/uploads\/2022\/12\/Budapest-Danube-bridge2-50x34.jpg 50w, https:\/\/contentf5.dailynewshungary.com\/wp-content\/uploads\/2022\/12\/Budapest-Danube-bridge2-110x75.jpg 110w\" sizes=\"auto, (max-width: 1024px) 100vw, 1024px\"><figcaption id=\"caption-attachment-533805\" class=\"wp-caption-text\">Foto: facebook.com\/furjesbalazsbp<\/figcaption><\/figure>\n<p><a class=\"dnh-embed-link\" href=\"https:\/\/dailynewshungary.com\/de\/fotos-video-neue-budapester-brucke-ist-fertig\/\"><\/a><\/p>\n<p><a class=\"dnh-embed-link\" href=\"https:\/\/dailynewshungary.com\/de\/fotos-video-neue-budapester-brucke-ist-fertig\/\"><\/p>\n<div class=\"dnh-embed\">\n<div class=\"dnh-embed-thumb\"><img loading=\"lazy\" decoding=\"async\" width=\"1025\" height=\"450\" src=\"https:\/\/contentf5.dailynewshungary.com\/wp-content\/uploads\/2022\/10\/New-Budapest-bridge2-1025x450.jpg\" class=\"attachment-embed_thumbnail size-embed_thumbnail wp-post-image\" alt=\"Neue Budapester Br\u00fccke\"><\/div>\n<h5 class=\"dnh-embed-title\"><span>Lesen Sie auch<\/span>FOTOS, VIDEO: neue Budapester Br\u00fccke ist fertig!<\/h5>\n<\/div>\n<p><\/a><\/p>\n<p><a class=\"dnh-embed-link\" href=\"https:\/\/dailynewshungary.com\/de\/fotos-video-neue-budapester-brucke-ist-fertig\/\"><\/a><\/p>\n<p>F\u00fcrjes sagte, die Zahl der Autos, die in die Innenstadt str\u00f6men, w\u00fcrde um 50 Tausend sinken, wenn die Br\u00fccke fertig sei Stra\u00dfenbahnen, Fahrr\u00e4der und Fu\u00dfg\u00e4nger werden den neuen Torbogen nutzen. Dar\u00fcber hinaus wird die Br\u00fccke eine neue Promenade um Budapest mit Baum- und Radwegen schaffen, die die M1\/M7 mit der \u00dcll.i-Stra\u00dfe verbinden.<\/p>\n<figure id=\"attachment_533806\" aria-describedby=\"caption-attachment-533806\" style=\"width: 1024px\" class=\"wp-caption aligncenter\"><img loading=\"lazy\" decoding=\"async\" class=\"size-full wp-image-533806\" src=\"https:\/\/contentf5.dailynewshungary.com\/wp-content\/uploads\/2022\/12\/Budapest-Danube-bridge3.jpg\" alt=\"Budapester Donaubr\u00fccke\" width=\"1024\" height=\"576\" srcset=\"https:\/\/contentf5.dailynewshungary.com\/wp-content\/uploads\/2022\/12\/Budapest-Danube-bridge3.jpg 1024w, https:\/\/contentf5.dailynewshungary.com\/wp-content\/uploads\/2022\/12\/Budapest-Danube-bridge3-768x432.jpg 768w, https:\/\/contentf5.dailynewshungary.com\/wp-content\/uploads\/2022\/12\/Budapest-Danube-bridge3-248x140.jpg 248w, https:\/\/contentf5.dailynewshungary.com\/wp-content\/uploads\/2022\/12\/Budapest-Danube-bridge3-260x146.jpg 260w, https:\/\/contentf5.dailynewshungary.com\/wp-content\/uploads\/2022\/12\/Budapest-Danube-bridge3-50x28.jpg 50w, https:\/\/contentf5.dailynewshungary.com\/wp-content\/uploads\/2022\/12\/Budapest-Danube-bridge3-133x75.jpg 133w\" sizes=\"auto, (max-width: 1024px) 100vw, 1024px\"><figcaption id=\"caption-attachment-533806\" class=\"wp-caption-text\">Foto: facebook.com\/furjesbalazsbp<\/figcaption><\/figure>\n<p>Das \u201ceinzige\u201d Problem ist, dass das Geld nicht reicht, um den Bau der Vogelge zu starten Entscheider in der Frage wird J\u00e1nos L\u00e1z\u00e1r sein, der Minister f\u00fcr Bau und Investitionen.<\/p>\n<p><a class=\"dnh-embed-link\" href=\"https:\/\/dailynewshungary.com\/de\/video-fotos-bruckenlastprufung-an-der-symboltrachtigen-kettenbrucke-budapests\/\"><\/a><\/p>\n<p><a class=\"dnh-embed-link\" href=\"https:\/\/dailynewshungary.com\/de\/video-fotos-bruckenlastprufung-an-der-symboltrachtigen-kettenbrucke-budapests\/\"><\/p>\n<div class=\"dnh-embed\">\n<div class=\"dnh-embed-thumb\"><\/div>\n<h5 class=\"dnh-embed-title\"><span>Lesen Sie auch<\/span>VIDEO, FOTOS: Br\u00fcckenlastpr\u00fcfung an der symboltr\u00e4chtigen Kettenbr\u00fccke Budapests<\/h5>\n<\/div>\n<p><\/a><\/p>\n<p><a class=\"dnh-embed-link\" href=\"https:\/\/dailynewshungary.com\/de\/video-fotos-bruckenlastprufung-an-der-symboltrachtigen-kettenbrucke-budapests\/\"><\/a><\/p>\n","protected":false},"excerpt":{"rendered":"<p>Zwischen der Insel Csepel (dem 21. Bezirk von Budapest) und dem 22. Bezirk der Hauptstadt wird die neueste Br\u00fccke Budapests gebaut, der Bauprozess der Galvani-Br\u00fccke hat gestern einen neuen Meilenstein erreicht, seit der Torbogen seine rechtsverbindliche Baugenehmigung bekommen hat. Der Planungsprozess der neuen Br\u00fccke von S\u00fcd-Budest startete bereits 2018 und war gestern beendet, so Bal\u00e1zs [&hellip;]<\/p>\n","protected":false},"author":18,"featured_media":0,"comment_status":"open","ping_status":"open","sticky":false,"template":"","format":"standard","meta":{"_acf_changed":false,"_display_image":"","footnotes":""},"categories":[1098],"tags":[1196,1406,1145],"class_list":["post-681426","post","type-post","status-publish","format-standard","hentry","category-gesellschaft","tag-fotogalerie","tag-kumpel","tag-verkehr"],"blocksy_meta":[],"acf":[],"author_username":"johnwoods","telegram_post":"","public_post_metadata":{"breaking_news":"yes","important":"no","csempe":"no","center_tile":"no","disable_thumbnail":"no","target_lang":"","_featured_image_style":"","telegram_post":"","_xlat_group_id":""},"public_rank_math_data":{"title":"%title% %sep% %sitename%","description":"Budapests neueste Br\u00fccke wird zwischen der Insel Csepel (dem 21. Bezirk von Budapest) und dem 22. Bezirk der Hauptstadt gebaut.","focus_keyword":"Br\u00fccke","canonical_url":"","robots":"","primary_category":"1098","breadcrumb_title":"","facebook_title":"","facebook_description":"","facebook_image":"","facebook_image_id":"","twitter_title":"","twitter_description":"","twitter_image":"","twitter_image_id":"","twitter_card_type":"","twitter_use_facebook":"","advanced_robots":"","pillar_content":"","seo_score":"65","contentai_score":"","rich_snippet":""},"_links":{"self":[{"href":"https:\/\/dailynewshungary.com\/de\/wp-json\/wp\/v2\/posts\/681426","targetHints":{"allow":["GET"]}}],"collection":[{"href":"https:\/\/dailynewshungary.com\/de\/wp-json\/wp\/v2\/posts"}],"about":[{"href":"https:\/\/dailynewshungary.com\/de\/wp-json\/wp\/v2\/types\/post"}],"author":[{"embeddable":true,"href":"https:\/\/dailynewshungary.com\/de\/wp-json\/wp\/v2\/users\/18"}],"replies":[{"embeddable":true,"href":"https:\/\/dailynewshungary.com\/de\/wp-json\/wp\/v2\/comments?post=681426"}],"version-history":[{"count":0,"href":"https:\/\/dailynewshungary.com\/de\/wp-json\/wp\/v2\/posts\/681426\/revisions"}],"wp:attachment":[{"href":"https:\/\/dailynewshungary.com\/de\/wp-json\/wp\/v2\/media?parent=681426"}],"wp:term":[{"taxonomy":"category","embeddable":true,"href":"https:\/\/dailynewshungary.com\/de\/wp-json\/wp\/v2\/categories?post=681426"},{"taxonomy":"post_tag","embeddable":true,"href":"https:\/\/dailynewshungary.com\/de\/wp-json\/wp\/v2\/tags?post=681426"}],"curies":[{"name":"wp","href":"https:\/\/api.w.org\/{rel}","templated":true}]}}