{"id":681483,"date":"2022-12-01T15:15:34","date_gmt":"2022-12-01T14:15:34","guid":{"rendered":"https:\/\/dailynewshungary.com\/de\/ungarischer-fm-frieden-muss-so-schnell-wie-moglich-kommen\/"},"modified":"2022-12-01T15:15:34","modified_gmt":"2022-12-01T14:15:34","slug":"ungarischer-fm-frieden-muss-so-schnell-wie-moglich-kommen","status":"publish","type":"post","link":"https:\/\/dailynewshungary.com\/de\/ungarischer-fm-frieden-muss-so-schnell-wie-moglich-kommen\/","title":{"rendered":"Ungarischer FM: \u201cFrieden muss so schnell wie m\u00f6glich kommen\u201d"},"content":{"rendered":"<p><strong>Der nahende Winter weckt das Gespenst einer humanit\u00e4ren Katastrophe in der Ukraine, wo \u201cder Frieden so schnell wie m\u00f6glich kommen muss\u201d, sagte Au\u00dfenminister P\u00e9ter Szijj\u00e1rt\u00f3 am Donnerstag in Genf und f\u00fcgte hinzu, dass Europa auch unter dem \u201cdoppelten Druck durch die Folgen von Krieg und illegaler Migration\u201d leide.<\/strong><\/p>\n<p>Szijj\u00e1rt\u00f3 sprach bei der Generaldebatte eines Treffens der Internationalen Organisation f\u00fcr Migration (IOM) der Vereinten Nationen, teilte das Au\u00dfenministerium MTI mit.<\/p>\n<p>Ungarn, das geografisch beiden Druckquellen ausgesetzt ist, f\u00fchrt die gr\u00f6\u00dfte humanit\u00e4re Aktion seiner Geschichte durch, um den Fl\u00fcchtlingen zu helfen, die vor dem Konflikt in der benachbarten Ukraine fliehen, sagte er. Es hat rund 1 Million Menschen aufgenommen und bietet Schulbildung und Versorgung f\u00fcr diejenigen an, die bleiben m\u00f6chten, sagte er.<\/p>\n<p>Gleichzeitig drohe der kommende Winter mit einer humanit\u00e4ren Katastrophe und \u201cdie Aussichten sind schrecklich\u201d f\u00fcr die Ukraine, sagte Szijj\u00e1rt\u00f3.<\/p>\n<p>\u201cWann, wenn nicht jetzt, sollten wir so bald wie m\u00f6glich zum Frieden aufrufen und diejenigen warnen, die den Krieg weiter eskalieren lassen, anstatt zu helfen, ihn zu stoppen?\u201d, sagte er.<\/p>\n<p><a class=\"dnh-embed-link\" href=\"https:\/\/dailynewshungary.com\/de\/ministerin-verriet-welches-land-der-nato-beitritt-ungarns-unterstutzen-werde\/\"><\/a><\/p>\n<p><a class=\"dnh-embed-link\" href=\"https:\/\/dailynewshungary.com\/de\/ministerin-verriet-welches-land-der-nato-beitritt-ungarns-unterstutzen-werde\/\"><\/p>\n<div class=\"dnh-embed\">\n<div class=\"dnh-embed-thumb\"><\/div>\n<h5 class=\"dnh-embed-title\"><span>Lesen Sie auch<\/span> Ministerin verriet, welches Land der NATO-Beitritt Ungarns unterst\u00fctzen werde <\/h5>\n<\/div>\n<p><\/a><\/p>\n<p><a class=\"dnh-embed-link\" href=\"https:\/\/dailynewshungary.com\/de\/ministerin-verriet-welches-land-der-nato-beitritt-ungarns-unterstutzen-werde\/\"><\/a><\/p>\n<p>Unterdessen stehe Ungarn auch an seiner S\u00fcdgrenze vor einer \u201cBelagerung\u201d, wo es nur in diesem Jahr 255.000 illegale Einreiseversuche vereitelt habe, sagte er.<\/p>\n<p>\u201cEine neue Dimension von Gewalt und Aggression\u201d sei auch entstanden, als bewaffnete Migranten sich gegenseitig angriffen und dort Grenzpatrouillen durchf\u00fchrten, sagte er.<\/p>\n<p>Die Zahl der Neuank\u00f6mmlinge w\u00e4chst, wie die 1.500 Aktionen zeigen, die die Beh\u00f6rden gegen Menschenschmuggler eingeleitet haben, eine Zahl, \u201c\u00e4hnlich denen w\u00e4hrend der Migrationskrise von 2015\u201d, sagte er.<\/p>\n<p>Ungarn sei bereit, alle Fl\u00fcchtlinge aus der Ukraine als erstes sicheres Land f\u00fcr die Kriegsfl\u00fcchtlinge aufzunehmen, werde aber diejenigen, die \u201cf\u00fcnf oder sechs Staaten durchquert haben\u201d, ablehnen, an seine S\u00fcdgrenze zu kommen, sagte er.<\/p>\n<p>\u201cWir werden unsere Grenzen immer sch\u00fctzen und unsere nationalen und europ\u00e4ischen Pflichten erf\u00fcllen\u201d, sagte er.<\/p>\n<p>Er forderte ein Ende der \u201cMigrationsfreundlichkeit\u201d &#8211; Politik der EU, forderte Unterst\u00fctzung f\u00fcr die Mitgliedstaaten beim Schutz ihres Territoriums \u201cMigrationsfreundliche\u201d Politiken unterst\u00fctzen das \u201cGesch\u00e4ftsmodell\u201d der Menschenschmuggler, sagte er \u201cDie sogenannten NGOs, die Asylsuchende \u00fcber die Grenzen zu sicheren L\u00e4ndern oder \u00fcber gef\u00e4hrliche Routen \u00fcber das Mittelmeer auf den Kontinent bringen, z\u00e4hlen ebenfalls zu den Menschenschmugglern\u201d, sagte er.<\/p>\n<p><a class=\"dnh-embed-link\" href=\"https:\/\/dailynewshungary.com\/de\/endgultige-entscheidung-die-eu-schaltet-milliarden-euro-fur-ungarn-frei-aktualisiert\/\"><\/a><\/p>\n<p><a class=\"dnh-embed-link\" href=\"https:\/\/dailynewshungary.com\/de\/endgultige-entscheidung-die-eu-schaltet-milliarden-euro-fur-ungarn-frei-aktualisiert\/\"><\/p>\n<div class=\"dnh-embed\">\n<div class=\"dnh-embed-thumb\"><img loading=\"lazy\" decoding=\"async\" width=\"1024\" height=\"450\" src=\"https:\/\/contentf5.dailynewshungary.com\/wp-content\/uploads\/2022\/11\/Billions-of-euros-1024x450.webp\" class=\"attachment-embed_thumbnail size-embed_thumbnail wp-post-image\" alt=\"Milliarden Euro\"><\/div>\n<h5 class=\"dnh-embed-title\"><span>Lesen Sie auch<\/span>Endg\u00fcltige Entscheidung: Die EU schaltet Milliarden Euro f\u00fcr Ungarn frei! \u2013 AKTUALISIERT<\/h5>\n<\/div>\n<p><\/a><\/p>\n<p><a class=\"dnh-embed-link\" href=\"https:\/\/dailynewshungary.com\/de\/endgultige-entscheidung-die-eu-schaltet-milliarden-euro-fur-ungarn-frei-aktualisiert\/\"><\/a><\/p>\n","protected":false},"excerpt":{"rendered":"<p>Der nahende Winter weckt das Gespenst einer humanit\u00e4ren Katastrophe in der Ukraine, wo \u201cder Frieden so schnell wie m\u00f6glich kommen muss\u201d, sagte Au\u00dfenminister P\u00e9ter Szijj\u00e1rt\u00f3 am Donnerstag in Genf und f\u00fcgte hinzu, dass Europa auch unter dem \u201cdoppelten Druck durch die Folgen von Krieg und illegaler Migration\u201d leide. Szijj\u00e1rt\u00f3 sprach bei der Generaldebatte eines Treffens [&hellip;]<\/p>\n","protected":false},"author":33,"featured_media":681484,"comment_status":"open","ping_status":"open","sticky":false,"template":"","format":"standard","meta":{"_acf_changed":false,"_display_image":"no","footnotes":""},"categories":[1081],"tags":[1169,1082,1084,1076],"class_list":["post-681483","post","type-post","status-publish","format-standard","has-post-thumbnail","hentry","category-politik","tag-aussenministerium-von-ungarn","tag-europaische-union","tag-krieg-in-der-ukraine","tag-ungarn"],"blocksy_meta":[],"acf":[],"author_username":"ugyelet","telegram_post":"","public_post_metadata":{"breaking_news":"yes","important":"no","csempe":"no","center_tile":"no","disable_thumbnail":"no","target_lang":"","_featured_image_style":"hidden","telegram_post":"","_xlat_group_id":""},"public_rank_math_data":{"title":"%title% %sep% %sitename%","description":"Der nahende Winter l\u00e4sst das Gespenst einer humanit\u00e4ren Katastrophe in der Ukraine aufkommen, wo \"der Frieden so bald wie m\u00f6glich kommen muss\",","focus_keyword":"Frieden","canonical_url":"","robots":"","primary_category":"1081","breadcrumb_title":"","facebook_title":"","facebook_description":"","facebook_image":"","facebook_image_id":"","twitter_title":"","twitter_description":"","twitter_image":"","twitter_image_id":"","twitter_card_type":"","twitter_use_facebook":"","advanced_robots":"","pillar_content":"","seo_score":"","contentai_score":"","rich_snippet":""},"_links":{"self":[{"href":"https:\/\/dailynewshungary.com\/de\/wp-json\/wp\/v2\/posts\/681483","targetHints":{"allow":["GET"]}}],"collection":[{"href":"https:\/\/dailynewshungary.com\/de\/wp-json\/wp\/v2\/posts"}],"about":[{"href":"https:\/\/dailynewshungary.com\/de\/wp-json\/wp\/v2\/types\/post"}],"author":[{"embeddable":true,"href":"https:\/\/dailynewshungary.com\/de\/wp-json\/wp\/v2\/users\/33"}],"replies":[{"embeddable":true,"href":"https:\/\/dailynewshungary.com\/de\/wp-json\/wp\/v2\/comments?post=681483"}],"version-history":[{"count":0,"href":"https:\/\/dailynewshungary.com\/de\/wp-json\/wp\/v2\/posts\/681483\/revisions"}],"wp:featuredmedia":[{"embeddable":true,"href":"https:\/\/dailynewshungary.com\/de\/wp-json\/wp\/v2\/media\/681484"}],"wp:attachment":[{"href":"https:\/\/dailynewshungary.com\/de\/wp-json\/wp\/v2\/media?parent=681483"}],"wp:term":[{"taxonomy":"category","embeddable":true,"href":"https:\/\/dailynewshungary.com\/de\/wp-json\/wp\/v2\/categories?post=681483"},{"taxonomy":"post_tag","embeddable":true,"href":"https:\/\/dailynewshungary.com\/de\/wp-json\/wp\/v2\/tags?post=681483"}],"curies":[{"name":"wp","href":"https:\/\/api.w.org\/{rel}","templated":true}]}}