{"id":681499,"date":"2022-12-01T06:34:06","date_gmt":"2022-12-01T05:34:06","guid":{"rendered":"https:\/\/dailynewshungary.com\/de\/mdep-gyongyosi-gemeinsame-eu-masnahmen-sind-die-einzige-moglichkeit-mit-illegaler-migration-umzugehen\/"},"modified":"2022-12-01T06:34:06","modified_gmt":"2022-12-01T05:34:06","slug":"mdep-gyongyosi-gemeinsame-eu-masnahmen-sind-die-einzige-moglichkeit-mit-illegaler-migration-umzugehen","status":"publish","type":"post","link":"https:\/\/dailynewshungary.com\/de\/mdep-gyongyosi-gemeinsame-eu-masnahmen-sind-die-einzige-moglichkeit-mit-illegaler-migration-umzugehen\/","title":{"rendered":"MdEP Gy\u00f6ngy\u00f6si: Gemeinsame EU-Ma\u00dfnahmen sind die einzige M\u00f6glichkeit, mit illegaler Migration umzugehen"},"content":{"rendered":"<div class=\"et_pb_section et_pb_section_1 et_section_regular et_had_animation\">\n<div class=\"et_pb_row et_pb_row_0 et_pb_gutters2 et_pb_row_3-4_1-4\">\n<div class=\"et_pb_column et_pb_column_3_4 et_pb_column_0  et_pb_css_mix_blend_mode_passthrough\">\n<div class=\"et_pb_with_border et_pb_module et_pb_text et_pb_text_0  et_pb_text_align_left et_pb_bg_layout_light\"><\/div>\n<\/div>\n<div class=\"et_pb_column et_pb_column_1_4 et_pb_column_1  et_pb_css_mix_blend_mode_passthrough et-last-child\">\n<div class=\"et_pb_module et_pb_blurb et_pb_blurb_1 et_hover_enabled  et_pb_text_align_center  et_pb_blurb_position_left et_pb_bg_layout_light\">\n<div class=\"et_pb_blurb_content\">\n<div class=\"et_pb_blurb_container\">\n<p style=\"text-align: center;\"><span style=\"color: #808080;\"><em><strong>Gesponserte Inhalte<\/strong><\/em><\/span><\/p>\n<p><strong>Die Gedanken des Europaabgeordneten M\u00e1rton Gy\u00f6ngy\u00f6si (Nicht gebunden) via <a href=\"https:\/\/www.gyongyosimarton.com\/2022\/11\/27\/joint-eu-action-is-the-only-way-to-handle-illegal-migration-the-weekly-115\/\" target=\"_blank\" rel=\"noopener\">Pressemitteilung<\/a>:<\/strong><\/p>\n<p class=\"et_pb_module_header\">Das k\u00fcrzlich vorgelegte Migrationspaket der Europ\u00e4ischen Kommission enth\u00e4lt kaum Durchbruchsvorschl\u00e4ge, andererseits enth\u00e4lt es, wie ich bereits im Plenum des Europ\u00e4ischen Parlaments sagte, wichtige Elemente, auf die sich unsere Gemeinschaft in Zukunft verlassen kann.<\/p>\n<\/div>\n<\/div>\n<\/div>\n<\/div>\n<\/div>\n<\/div>\n<div class=\"et_pb_with_border et_pb_section et_pb_section_2 et_section_regular et_had_animation\">\n<div class=\"et_pb_row et_pb_row_1\">\n<div class=\"et_pb_column et_pb_column_4_4 et_pb_column_2  et_pb_css_mix_blend_mode_passthrough et-last-child\">\n<div class=\"et_pb_module et_pb_text et_pb_text_2  et_pb_text_align_center et_pb_bg_layout_light\">\n<div class=\"et_pb_text_inner\">\n<p>Die j\u00fcngsten Medienberichte zu den von NGOs betriebenen \u201cRettungsbooten\u201d zeigen deutlich, wie uns die Migrationsfrage noch immer begleitet und auf eine L\u00f6sung wartet, Nat\u00fcrlich brachten die Auseinandersetzungen wieder einmal gewisse extreme Meinungen an die Oberfl\u00e4che: Manche sagen, es sei ein Grundrecht f\u00fcr jeden, illegal nach Europa zu kommen, w\u00e4hrend die andere Seite vorschl\u00e4gt, in diesem Fall selbst die grundlegendsten humanit\u00e4ren Erw\u00e4gungen au\u00dfer Acht zu lassen.<\/p>\n<\/div>\n<\/div>\n<div class=\"et_pb_module et_pb_text et_pb_text_4  et_pb_text_align_justified et_pb_bg_layout_light\">\n<div class=\"et_pb_text_inner\">\n<blockquote>\n<p><b>In einem solchen stark politisierten Umfeld versucht die Kommission mit ihrem Paket, einige Grundprinzipien festzulegen.<\/b><b><span class=\"Apple-converted-space\">&nbsp;<\/span><\/b><\/p>\n<\/blockquote>\n<\/div>\n<\/div>\n<div class=\"et_pb_module et_pb_text et_pb_text_5  et_pb_text_align_justified et_pb_bg_layout_light\">\n<div class=\"et_pb_text_inner\">\n<p>Ich pers\u00f6nlich denke, es war an der Zeit, es zu tun, so wie es h\u00f6chste Zeit ist, einige Unsicherheiten in Bezug auf die europ\u00e4ische Migrationspolitik zu kl\u00e4ren, nicht zuletzt, weil es ein notwendiger Schritt ist, um die populistischen Politiker loszuwerden, die von Angstmacherei profitieren.<\/p>\n<p>Ich halte es f\u00fcr sehr wichtig, den Status von NGO-betriebenen Schiffen zu regeln, dass wir das Leben der vom Meer in Lebensgefahr umhergeworfenen Menschen retten m\u00fcssen, steht f\u00fcr uns dagegen v\u00f6llig au\u00dfer Frage, dass viele NGOs mit Menschenh\u00e4ndlern unter einer Decke stecken Tats\u00e4chlich segeln einige von ihnen sogar bis an die afrikanischen K\u00fcsten, um illegale Einwanderer zu \u201cretten\u201d und so den Druck weiter zu erh\u00f6hen und Migranten zu ermutigen, die Reise nach Europa auf dem Seeweg zu riskierenDas ist keine humanit\u00e4re Aktion, das ist organisierte Kriminalit\u00e4t.<\/p>\n<p>Es gibt jedoch noch eine andere Sache, die wir alle verstehen m\u00fcssen: Wenn die Europa-gebundenen Migranten sich bereits am Meer anstellen, ist es zu sp\u00e4t, um alles andere als eine oberfl\u00e4chliche Behandlung der Symptome zu erm\u00f6glichen Tats\u00e4chlich gibt es keine effiziente Grenzkontrolle und Migrationspolitik ohne Einbeziehung der afrikanischen und asiatischen Regierungen.<span class=\"Apple-converted-space\">&nbsp;<\/span><\/p>\n<\/div>\n<\/div>\n<div class=\"et_pb_module et_pb_text et_pb_text_6  et_pb_text_align_justified et_pb_bg_layout_light\">\n<div class=\"et_pb_text_inner\">\n<blockquote>\n<p><b>Es ist f\u00fcr uns sowohl ein humanit\u00e4res als auch ein praktisches Interesse, den B\u00fcrgern von Entwicklungsl\u00e4ndern eine Perspektive zu bieten und ihnen zu helfen, zu Hause erfolgreich zu sein, anstatt ihr Leben auf einer gef\u00e4hrlichen Reise nach Europa zu riskieren.<span class=\"Apple-converted-space\">&nbsp;<\/span><\/b><\/p>\n<\/blockquote>\n<\/div>\n<\/div>\n<div class=\"et_pb_module et_pb_text et_pb_text_7  et_pb_text_align_justified et_pb_bg_layout_light\">\n<div class=\"et_pb_text_inner\">\n<p>Wir m\u00fcssen uns auch dar\u00fcber im Klaren sein, dass wir mit europ\u00e4ischem Geld solche Regierungen nicht unterst\u00fctzen k\u00f6nnen, die heimlich und teilweise ganz offen mit den Menschenhandelsorganisationen unter einer Decke steckenLasst uns nicht um den hei\u00dfen Brei herumreden: Menschenh\u00e4ndler sind tats\u00e4chliche Terroristen! wie soll man die noch nennen, die mitten auf dem Meer hunderte Menschen ihrem Schicksal \u00fcberlassen? mit Terroristen wird nicht umgegangen Auch ihrer Erpressung d\u00fcrfen wir nicht nachgeben.<\/p>\n<p>Der dritte Kernpunkt besteht darin, Frontex zu einer vollwertigen gemeinsamen europ\u00e4ischen Grenzkontrollagentur auszubauenWir m\u00fcssen uns dar\u00fcber im Klaren sein, dass die Mitgliedstaaten nicht mehr in der Lage sind, ein so globales Ph\u00e4nomen wie die illegale Migration effizient zu bek\u00e4mpfen.<\/p>\n<\/div>\n<\/div>\n<div class=\"et_pb_module et_pb_text et_pb_text_8  et_pb_text_align_justified et_pb_bg_layout_light\">\n<div class=\"et_pb_text_inner\">\n<blockquote>\n<p><b>Die L\u00f6sung besteht darin, die Grenzkontrolleinheiten der Mitgliedstaaten in ein gr\u00f6\u00dferes System zu integrieren, in dem sie unter einem gemeinsamen Kommando operieren k\u00f6nnten.<\/b><\/p>\n<\/blockquote>\n<\/div>\n<\/div>\n<div class=\"et_pb_module et_pb_text et_pb_text_9  et_pb_text_align_justified et_pb_bg_layout_light\">\n<div class=\"et_pb_text_inner\">\n<p>Ich finde es ermutigend, dass Europa nach den Fehlern und naiven Ideen des Jahres 2010 erkannt hat, dass Migration eine Herausforderung ist, die wir nicht bew\u00e4ltigen k\u00f6nnen, ohne die Existenz des Problems anzuerkennen, seine Grundursachen anzugehen und uns vor seinen negativen Folgen zu sch\u00fctzen.<\/p>\n<p><em>Haftungsausschluss: die alleinige Haftung f\u00fcr die abgegebenen Stellungnahmen liegt beim Autor (den Verfassern) Diese Stellungnahmen geben nicht unbedingt die offizielle Position des Europ\u00e4ischen Parlaments wieder.<\/em><\/p>\n<p><a class=\"dnh-embed-link\" href=\"https:\/\/dailynewshungary.com\/de\/mdep-gyongyosi-harte-zeiten-fur-us-partys-kommen\/\"><\/a><\/p>\n<p><a class=\"dnh-embed-link\" href=\"https:\/\/dailynewshungary.com\/de\/mdep-gyongyosi-harte-zeiten-fur-us-partys-kommen\/\"><\/p>\n<div class=\"dnh-embed\">\n<div class=\"dnh-embed-thumb\"><img loading=\"lazy\" decoding=\"async\" width=\"410\" height=\"110\" src=\"https:\/\/contentf5.dailynewshungary.com\/wp-content\/uploads\/2022\/07\/USA-agreement-statue-of-liberty-tax-410x110.jpg\" class=\"attachment-embed_thumbnail size-embed_thumbnail wp-post-image\" alt=\"Freiheitsstatue\"><\/div>\n<h5 class=\"dnh-embed-title\"><span>Lesen Sie auch<\/span>MdEP Gy\u00f6ngy\u00f6si: Harte Zeiten f\u00fcr US-Partys kommen<\/h5>\n<\/div>\n<p><\/a><\/p>\n<p><a class=\"dnh-embed-link\" href=\"https:\/\/dailynewshungary.com\/de\/mdep-gyongyosi-harte-zeiten-fur-us-partys-kommen\/\"><\/a><\/p>\n<\/div>\n<\/div>\n<\/div>\n<\/div>\n<\/div>\n","protected":false},"excerpt":{"rendered":"<p>Gesponserte Inhalte Die Gedanken des Europaabgeordneten M\u00e1rton Gy\u00f6ngy\u00f6si (Nicht gebunden) via Pressemitteilung: Das k\u00fcrzlich vorgelegte Migrationspaket der Europ\u00e4ischen Kommission enth\u00e4lt kaum Durchbruchsvorschl\u00e4ge, andererseits enth\u00e4lt es, wie ich bereits im Plenum des Europ\u00e4ischen Parlaments sagte, wichtige Elemente, auf die sich unsere Gemeinschaft in Zukunft verlassen kann. Die j\u00fcngsten Medienberichte zu den von NGOs betriebenen \u201cRettungsbooten\u201d zeigen [&hellip;]<\/p>\n","protected":false},"author":2,"featured_media":681500,"comment_status":"open","ping_status":"open","sticky":false,"template":"","format":"standard","meta":{"_acf_changed":false,"_display_image":"no","footnotes":""},"categories":[1081],"tags":[1426,1082,1445],"class_list":["post-681499","post","type-post","status-publish","format-standard","has-post-thumbnail","hentry","category-politik","tag-europaische-kommission","tag-europaische-union","tag-migration"],"blocksy_meta":[],"acf":[],"author_username":"alk","telegram_post":"","public_post_metadata":{"breaking_news":"yes","important":"no","csempe":"no","center_tile":"no","disable_thumbnail":"no","target_lang":"","_featured_image_style":"hidden","telegram_post":"","_xlat_group_id":""},"public_rank_math_data":{"title":"%title% %sep% %sitename%","description":"Das k\u00fcrzlich vorgelegte Migrationspaket der Europ\u00e4ischen Kommission enth\u00e4lt kaum Durchbruchsvorschl\u00e4ge.","focus_keyword":"Migration","canonical_url":"","robots":"","primary_category":"1081","breadcrumb_title":"","facebook_title":"","facebook_description":"","facebook_image":"","facebook_image_id":"","twitter_title":"","twitter_description":"","twitter_image":"","twitter_image_id":"","twitter_card_type":"","twitter_use_facebook":"","advanced_robots":"","pillar_content":"","seo_score":"66","contentai_score":"","rich_snippet":""},"_links":{"self":[{"href":"https:\/\/dailynewshungary.com\/de\/wp-json\/wp\/v2\/posts\/681499","targetHints":{"allow":["GET"]}}],"collection":[{"href":"https:\/\/dailynewshungary.com\/de\/wp-json\/wp\/v2\/posts"}],"about":[{"href":"https:\/\/dailynewshungary.com\/de\/wp-json\/wp\/v2\/types\/post"}],"author":[{"embeddable":true,"href":"https:\/\/dailynewshungary.com\/de\/wp-json\/wp\/v2\/users\/2"}],"replies":[{"embeddable":true,"href":"https:\/\/dailynewshungary.com\/de\/wp-json\/wp\/v2\/comments?post=681499"}],"version-history":[{"count":0,"href":"https:\/\/dailynewshungary.com\/de\/wp-json\/wp\/v2\/posts\/681499\/revisions"}],"wp:featuredmedia":[{"embeddable":true,"href":"https:\/\/dailynewshungary.com\/de\/wp-json\/wp\/v2\/media\/681500"}],"wp:attachment":[{"href":"https:\/\/dailynewshungary.com\/de\/wp-json\/wp\/v2\/media?parent=681499"}],"wp:term":[{"taxonomy":"category","embeddable":true,"href":"https:\/\/dailynewshungary.com\/de\/wp-json\/wp\/v2\/categories?post=681499"},{"taxonomy":"post_tag","embeddable":true,"href":"https:\/\/dailynewshungary.com\/de\/wp-json\/wp\/v2\/tags?post=681499"}],"curies":[{"name":"wp","href":"https:\/\/api.w.org\/{rel}","templated":true}]}}