{"id":681524,"date":"2022-11-30T13:34:02","date_gmt":"2022-11-30T12:34:02","guid":{"rendered":"https:\/\/dailynewshungary.com\/de\/landwirtschaftsminister-gab-bekannt-wann-die-lebensmittelpreisobergrenzen-in-ungarn-enden-wurden\/"},"modified":"2022-11-30T13:34:02","modified_gmt":"2022-11-30T12:34:02","slug":"landwirtschaftsminister-gab-bekannt-wann-die-lebensmittelpreisobergrenzen-in-ungarn-enden-wurden","status":"publish","type":"post","link":"https:\/\/dailynewshungary.com\/de\/landwirtschaftsminister-gab-bekannt-wann-die-lebensmittelpreisobergrenzen-in-ungarn-enden-wurden\/","title":{"rendered":"Landwirtschaftsminister gab bekannt, wann die Lebensmittelpreisobergrenzen in Ungarn enden w\u00fcrden"},"content":{"rendered":"<p><strong>Die ungarische Regierung f\u00fchrte vor den Parlamentswahlen im April in Ungarn Lebensmittelpreisobergrenzen ein Experten dachten, die Regierung werde die Ma\u00dfnahme nach ihrem vierten Erdrutschsieg beenden, stattdessen weiteten sie sie vor Wochen auf Kartoffeln und Eier aus Istv\u00e1n Nagy, Ungarns Landwirtschaftsminister, sagte Infor\u00e1di\u00f3, wann das Vorhaben enden w\u00fcrde.<\/strong><\/p>\n<p>Er sagte, die Menschen sollten die Lebensmittelpreisobergrenze als Rabatte betrachten. Er f\u00fcgte hinzu, dass der n\u00e4chste Sommer wahrscheinlich das Ende der Regelung bedeuten w\u00fcrde, da der Krieg nicht ewig dauern k\u00f6nne. Herr Nagy r\u00e4umte ein, dass Einzelh\u00e4ndler die Kosten f\u00fcr die Obergrenzen in den Preisen anderer Produkte eintreiben w\u00fcrden Er betonte, dass das Ende des Krieges den Beginn einer Normalisierungsphase ausl\u00f6sen und die Inflation stoppen w\u00fcrde.<\/p>\n<p><a class=\"dnh-embed-link\" href=\"https:\/\/dailynewshungary.com\/de\/der-anstieg-der-lebensmittelpreise-konnte-weihnachten-in-ungarn-ruinieren-das-schlimmste-steht-noch-bevor\/\"><\/a><\/p>\n<p><a class=\"dnh-embed-link\" href=\"https:\/\/dailynewshungary.com\/de\/der-anstieg-der-lebensmittelpreise-konnte-weihnachten-in-ungarn-ruinieren-das-schlimmste-steht-noch-bevor\/\"><\/p>\n<div class=\"dnh-embed\">\n<div class=\"dnh-embed-thumb\"><img loading=\"lazy\" decoding=\"async\" width=\"350\" height=\"263\" src=\"https:\/\/contentf5.dailynewshungary.com\/wp-content\/uploads\/2021\/12\/Beigli-Hungarian-Christmas-cookie-recipes-2-350x263.jpg\" class=\"attachment-embed_thumbnail size-embed_thumbnail wp-post-image\" alt=\"Bejgli Ungarische Weihnachtskeks Rezepte\" srcset=\"https:\/\/contentf5.dailynewshungary.com\/wp-content\/uploads\/2021\/12\/Beigli-Hungarian-Christmas-cookie-recipes-2-350x263.jpg 350w, https:\/\/contentf5.dailynewshungary.com\/wp-content\/uploads\/2021\/12\/Beigli-Hungarian-Christmas-cookie-recipes-2-768x576.jpg 768w, https:\/\/contentf5.dailynewshungary.com\/wp-content\/uploads\/2021\/12\/Beigli-Hungarian-Christmas-cookie-recipes-2-248x186.jpg 248w, https:\/\/contentf5.dailynewshungary.com\/wp-content\/uploads\/2021\/12\/Beigli-Hungarian-Christmas-cookie-recipes-2-195x146.jpg 195w, https:\/\/contentf5.dailynewshungary.com\/wp-content\/uploads\/2021\/12\/Beigli-Hungarian-Christmas-cookie-recipes-2-50x38.jpg 50w, https:\/\/contentf5.dailynewshungary.com\/wp-content\/uploads\/2021\/12\/Beigli-Hungarian-Christmas-cookie-recipes-2-100x75.jpg 100w, https:\/\/contentf5.dailynewshungary.com\/wp-content\/uploads\/2021\/12\/Beigli-Hungarian-Christmas-cookie-recipes-2-960x720.jpg 960w, https:\/\/contentf5.dailynewshungary.com\/wp-content\/uploads\/2021\/12\/Beigli-Hungarian-Christmas-cookie-recipes-2-1020x768.jpg 1020w, https:\/\/contentf5.dailynewshungary.com\/wp-content\/uploads\/2021\/12\/Beigli-Hungarian-Christmas-cookie-recipes-2.jpg 1024w\" sizes=\"auto, (max-width: 350px) 100vw, 350px\"><\/div>\n<h5 class=\"dnh-embed-title\"><span>Lesen Sie auch<\/span>Der Anstieg der Lebensmittelpreise k\u00f6nnte Weihnachten in Ungarn ruinieren, das Schlimmste steht noch bevor<\/h5>\n<\/div>\n<p><\/a><\/p>\n<p><a class=\"dnh-embed-link\" href=\"https:\/\/dailynewshungary.com\/de\/der-anstieg-der-lebensmittelpreise-konnte-weihnachten-in-ungarn-ruinieren-das-schlimmste-steht-noch-bevor\/\"><\/a><\/p>\n<h2>Der ungarische Dienstleistungshandel weist im Q3 einen \u00dcberschuss von 2,7 Mrd. EUR auf<\/h2>\n<p>Ungarn habe im dritten Quartal einen \u00dcberschuss von 2,69 Milliarden Euro im Dienstleistungshandel gehabt, der sich von 2,116 Milliarden im Vorquartal ausweitete, teilte das Statistische Zentralamt (KSH) am Mittwoch mitDie Exporte von Dienstleistungen stiegen im Zeitraum um 25,1 Prozent auf 7,859 Milliarden EuroDie Importe von Dienstleistungen stiegen um 16,5 Prozent auf 5,2 Milliarden.<\/p>\n<p>Der \u00dcberschuss bei den Tourismusdienstleistungen erreichte 983 Millionen Euro und stieg damit von 757 Millionen im Q2.<\/p>\n<p><a class=\"dnh-embed-link\" href=\"https:\/\/dailynewshungary.com\/de\/fotos-lang-erwartete-entwicklung-am-flughafen-budapest-eingeweiht\/\"><\/a><\/p>\n<p><a class=\"dnh-embed-link\" href=\"https:\/\/dailynewshungary.com\/de\/fotos-lang-erwartete-entwicklung-am-flughafen-budapest-eingeweiht\/\"><\/p>\n<div class=\"dnh-embed\">\n<div class=\"dnh-embed-thumb\"><img loading=\"lazy\" decoding=\"async\" width=\"1025\" height=\"450\" src=\"https:\/\/contentf5.dailynewshungary.com\/wp-content\/uploads\/2022\/10\/Hungarian-Budapest-airport-1025x450.webp\" class=\"attachment-embed_thumbnail size-embed_thumbnail wp-post-image\" alt=\"Ungarischer Budapester Flughafen\"><\/div>\n<h5 class=\"dnh-embed-title\"><span>Lesen Sie auch<\/span>FOTOS: lang erwartete Entwicklung am Flughafen Budapest eingeweiht<\/h5>\n<\/div>\n<p><\/a><\/p>\n<p><a class=\"dnh-embed-link\" href=\"https:\/\/dailynewshungary.com\/de\/fotos-lang-erwartete-entwicklung-am-flughafen-budapest-eingeweiht\/\"><\/a><\/p>\n","protected":false},"excerpt":{"rendered":"<p>Die ungarische Regierung f\u00fchrte vor den Parlamentswahlen im April in Ungarn Lebensmittelpreisobergrenzen ein Experten dachten, die Regierung werde die Ma\u00dfnahme nach ihrem vierten Erdrutschsieg beenden, stattdessen weiteten sie sie vor Wochen auf Kartoffeln und Eier aus Istv\u00e1n Nagy, Ungarns Landwirtschaftsminister, sagte Infor\u00e1di\u00f3, wann das Vorhaben enden w\u00fcrde. Er sagte, die Menschen sollten die Lebensmittelpreisobergrenze als [&hellip;]<\/p>\n","protected":false},"author":18,"featured_media":681525,"comment_status":"open","ping_status":"open","sticky":false,"template":"","format":"standard","meta":{"_acf_changed":false,"_display_image":"yes","footnotes":""},"categories":[1281],"tags":[1473,1102],"class_list":["post-681524","post","type-post","status-publish","format-standard","has-post-thumbnail","hentry","category-geschaft","tag-essen","tag-ungarische-regierung"],"blocksy_meta":[],"acf":[],"author_username":"johnwoods","telegram_post":"","public_post_metadata":{"breaking_news":"yes","important":"no","csempe":"no","center_tile":"no","disable_thumbnail":"no","target_lang":"","_featured_image_style":"hidden","telegram_post":"","_xlat_group_id":""},"public_rank_math_data":{"title":"%title% %sep% %sitename%","description":"Istv\u00e1n Nagy, Ungarns Landwirtschaftsminister, sagte gegen\u00fcber Infor\u00e1di\u00f3, wann das Programm zur Obergrenze der Lebensmittelpreise in Ungarn voraussichtlich enden werde.","focus_keyword":"Nahrung","canonical_url":"","robots":"","primary_category":"1281","breadcrumb_title":"","facebook_title":"","facebook_description":"","facebook_image":"","facebook_image_id":"","twitter_title":"","twitter_description":"","twitter_image":"","twitter_image_id":"","twitter_card_type":"","twitter_use_facebook":"","advanced_robots":"","pillar_content":"","seo_score":"62","contentai_score":"","rich_snippet":""},"_links":{"self":[{"href":"https:\/\/dailynewshungary.com\/de\/wp-json\/wp\/v2\/posts\/681524","targetHints":{"allow":["GET"]}}],"collection":[{"href":"https:\/\/dailynewshungary.com\/de\/wp-json\/wp\/v2\/posts"}],"about":[{"href":"https:\/\/dailynewshungary.com\/de\/wp-json\/wp\/v2\/types\/post"}],"author":[{"embeddable":true,"href":"https:\/\/dailynewshungary.com\/de\/wp-json\/wp\/v2\/users\/18"}],"replies":[{"embeddable":true,"href":"https:\/\/dailynewshungary.com\/de\/wp-json\/wp\/v2\/comments?post=681524"}],"version-history":[{"count":0,"href":"https:\/\/dailynewshungary.com\/de\/wp-json\/wp\/v2\/posts\/681524\/revisions"}],"wp:featuredmedia":[{"embeddable":true,"href":"https:\/\/dailynewshungary.com\/de\/wp-json\/wp\/v2\/media\/681525"}],"wp:attachment":[{"href":"https:\/\/dailynewshungary.com\/de\/wp-json\/wp\/v2\/media?parent=681524"}],"wp:term":[{"taxonomy":"category","embeddable":true,"href":"https:\/\/dailynewshungary.com\/de\/wp-json\/wp\/v2\/categories?post=681524"},{"taxonomy":"post_tag","embeddable":true,"href":"https:\/\/dailynewshungary.com\/de\/wp-json\/wp\/v2\/tags?post=681524"}],"curies":[{"name":"wp","href":"https:\/\/api.w.org\/{rel}","templated":true}]}}