{"id":681866,"date":"2022-11-21T14:34:00","date_gmt":"2022-11-21T13:34:00","guid":{"rendered":"https:\/\/dailynewshungary.com\/de\/mdep-gyongyosi-harte-zeiten-fur-us-partys-kommen\/"},"modified":"2022-11-21T14:34:00","modified_gmt":"2022-11-21T13:34:00","slug":"mdep-gyongyosi-harte-zeiten-fur-us-partys-kommen","status":"publish","type":"post","link":"https:\/\/dailynewshungary.com\/de\/mdep-gyongyosi-harte-zeiten-fur-us-partys-kommen\/","title":{"rendered":"MdEP Gy\u00f6ngy\u00f6si: Harte Zeiten f\u00fcr US-Partys kommen"},"content":{"rendered":"<p style=\"text-align: center;\"><span style=\"color: #808080;\"><em><strong>Gesponserte Inhalte<\/strong><\/em><\/span><\/p>\n<p><strong>MdEP M\u00e1rton Gy\u00f6ngy\u00f6sis (nicht angeschlossen)<\/strong> Gedanken \u00fcber <a href=\"https:\/\/www.gyongyosimarton.com\/2022\/11\/20\/hard-times-coming-for-us-parties-the-weekly-114\/\" target=\"_blank\" rel=\"noopener\">Pressemitteilung<\/a>:<\/p>\n<div class=\"et_pb_module et_pb_text et_pb_text_1  et_pb_text_align_justified et_pb_bg_layout_light\">\n<div class=\"et_pb_text_inner\">\n<p><b>Die j\u00fcngsten US-Zwischenwahlen scheinen die bestehenden Trends durcheinander gebracht zu haben Ihre Bedeutung reicht jedoch weit dar\u00fcber hinaus, da sie tats\u00e4chlich das Ende des Trumpismus und Rechtspopulismus, wie wir ihn kennen, markieren k\u00f6nnten Die Frage ist, wie die Republikanische Partei auf die neuesten Entwicklungen reagieren wird Egal was passiert, aber auch die Demokraten werden in schwere Zeiten geraten.<\/b><\/p>\n<\/div>\n<\/div>\n<div>\n<div class=\"et_pb_module et_pb_text et_pb_text_3  et_pb_text_align_justified et_pb_bg_layout_light\">\n<div class=\"et_pb_text_inner\">\n<p>Es ist eine lange gehegte \u00dcberzeugung, dass die US-amerikanischen Zwischenwahlen typischerweise die Partei des amtierenden Pr\u00e4sidenten schw\u00e4chenW\u00e4hrend die Demokraten in der Tat ihre Mehrheit im Repr\u00e4sentantenhaus verloren haben, waren die Ergebnisse der Republikaner weit von einem Erdrutschsieg entfernt Tats\u00e4chlich waren sie recht d\u00fcrftig.<\/p>\n<\/div>\n<\/div>\n<div class=\"et_pb_module et_pb_text et_pb_text_4  et_pb_text_align_justified et_pb_bg_layout_light\">\n<div class=\"et_pb_text_inner\">\n<div class=\"et_pb_module et_pb_text et_pb_text_4  et_pb_text_align_justified et_pb_bg_layout_light\">\n<div class=\"et_pb_text_inner\">\n<blockquote>\n<p>Auch wenn es gen\u00fcgend Gr\u00fcnde f\u00fcr eine Ver\u00e4nderung gab, gaben weder die Schwierigkeiten der vergangenen Jahre noch Joe Bidens wenig charismatische Leistung Anlass, ein so gutes Ergebnis f\u00fcr die Demokraten vorherzusagen.<\/p>\n<\/blockquote>\n<\/div>\n<\/div>\n<div class=\"et_pb_module et_pb_text et_pb_text_5  et_pb_text_align_justified et_pb_bg_layout_light\">\n<div class=\"et_pb_text_inner\">\n<div class=\"et_pb_module et_pb_text et_pb_text_5  et_pb_text_align_justified et_pb_bg_layout_light\">\n<div class=\"et_pb_text_inner\">\n<p>Amerikanisch-konservative W\u00e4hler scheinen die Republikanische Partei f\u00fcr Donald Trumps Politik bestraft zu haben \u2013 die vom ehemaligen Pr\u00e4sidenten unterst\u00fctzten Kandidaten konnten nicht einmal in den traditionellen Hochburgen ihrer Partei gewinnen. In der Zwischenzeit erschien ein neuer Herausforderer, der Gouverneur von Florida, Ron DeSantis. Er konnte Themen vertreten, die Trump ohne die unappetitlichen Charaktereigenschaften des Ex-Pr\u00e4sidenten unternommen hatte \u201eund das auch recht erfolgreich.&nbsp;<\/p>\n<\/div>\n<\/div>\n<div class=\"et_pb_module et_pb_text et_pb_text_6  et_pb_text_align_justified et_pb_bg_layout_light\">\n<div class=\"et_pb_text_inner\">\n<div class=\"et_pb_module et_pb_text et_pb_text_6  et_pb_text_align_justified et_pb_bg_layout_light\">\n<div class=\"et_pb_text_inner\">\n<blockquote>\n<p>Die Republikanische Partei steht also nun vor der gr\u00f6\u00dften Frage der nahen Zukunft: Soll sie an dem sicherlich charismatischen, aber eher polarisierenden Trump festhalten oder soll sie sich f\u00fcr die n\u00e4chsten Pr\u00e4sidentschaftswahlen ein neues Gesicht aussuchen, um anzutreten?<span class=\"Apple-converted-space\">&nbsp;<\/span><\/p>\n<\/blockquote>\n<\/div>\n<\/div>\n<div class=\"et_pb_module et_pb_text et_pb_text_7  et_pb_text_align_justified et_pb_bg_layout_light\">\n<div class=\"et_pb_text_inner\">\n<p>W\u00e4hrend die Republikaner einige angespannte Momente erleben, in denen sie ihren besten Kandidaten finden, stehen die Demokraten vor einer Entscheidung, die vielleicht noch schwieriger ist: Wer sollte die Nachfolge von Joe Biden antreten?<\/p>\n<p>Eine weitere Amtszeit wird der jetzige Pr\u00e4sident wohl kaum durchziehen Andererseits haben die Demokraten kaum eine F\u00fclle von potentiellen Kandidaten, die eine gem\u00e4\u00dfigte oder integrative Politik vertreten k\u00f6nnten.<\/p>\n<div class=\"et_pb_row et_pb_row_1\">\n<div class=\"et_pb_column et_pb_column_4_4 et_pb_column_2  et_pb_css_mix_blend_mode_passthrough et-last-child\">\n<div class=\"et_pb_module et_pb_text et_pb_text_7  et_pb_text_align_justified et_pb_bg_layout_light\">\n<div class=\"et_pb_text_inner\">\n<p>So oder so soll der amerikanische politische Diskurs einer \u00e4u\u00dferst aufregenden Zeit entgegentreten, w\u00e4hrend die Parteien den Weg finden m\u00fcssen, ihre eigene Identit\u00e4t und Werte sowie die besten Politiker, die sie vertreten, effizient zum Ausdruck zu bringen.<\/p>\n<p><em>Haftungsausschluss: die alleinige Haftung f\u00fcr die abgegebenen Stellungnahmen liegt beim Autor (den Verfassern) Diese Stellungnahmen geben nicht unbedingt die offizielle Position des Europ\u00e4ischen Parlaments wieder.<\/em><\/p>\n<\/div>\n<\/div>\n<\/div>\n<\/div>\n<\/div>\n<\/div>\n<\/div>\n<\/div>\n<\/div>\n<\/div>\n<\/div>\n<\/div>\n<\/div>\n","protected":false},"excerpt":{"rendered":"<p>Gesponserte Inhalte MdEP M\u00e1rton Gy\u00f6ngy\u00f6sis (nicht angeschlossen) Gedanken \u00fcber Pressemitteilung: Die j\u00fcngsten US-Zwischenwahlen scheinen die bestehenden Trends durcheinander gebracht zu haben Ihre Bedeutung reicht jedoch weit dar\u00fcber hinaus, da sie tats\u00e4chlich das Ende des Trumpismus und Rechtspopulismus, wie wir ihn kennen, markieren k\u00f6nnten Die Frage ist, wie die Republikanische Partei auf die neuesten Entwicklungen reagieren [&hellip;]<\/p>\n","protected":false},"author":33,"featured_media":681867,"comment_status":"open","ping_status":"open","sticky":false,"template":"","format":"standard","meta":{"_acf_changed":false,"_display_image":"","footnotes":""},"categories":[1081],"tags":[1076,1157,1447],"class_list":["post-681866","post","type-post","status-publish","format-standard","has-post-thumbnail","hentry","category-politik","tag-ungarn","tag-vereinigte-staaten","tag-wahl"],"blocksy_meta":[],"acf":[],"author_username":"ugyelet","telegram_post":"","public_post_metadata":{"breaking_news":"yes","important":"no","csempe":"no","center_tile":"no","disable_thumbnail":"no","target_lang":"","_featured_image_style":"","telegram_post":"","_xlat_group_id":""},"public_rank_math_data":{"title":"%title% %sep% %sitename%","description":"Europaabgeordneter Gy\u00f6ngy\u00f6si: Egal, was passiert, sowohl Republikaner als auch Demokraten werden in schwere Zeiten geraten.","focus_keyword":"Gy\u00f6ngy\u00f6si","canonical_url":"","robots":"","primary_category":"1081","breadcrumb_title":"","facebook_title":"","facebook_description":"","facebook_image":"","facebook_image_id":"","twitter_title":"","twitter_description":"","twitter_image":"","twitter_image_id":"","twitter_card_type":"","twitter_use_facebook":"","advanced_robots":"","pillar_content":"","seo_score":"60","contentai_score":"","rich_snippet":""},"_links":{"self":[{"href":"https:\/\/dailynewshungary.com\/de\/wp-json\/wp\/v2\/posts\/681866","targetHints":{"allow":["GET"]}}],"collection":[{"href":"https:\/\/dailynewshungary.com\/de\/wp-json\/wp\/v2\/posts"}],"about":[{"href":"https:\/\/dailynewshungary.com\/de\/wp-json\/wp\/v2\/types\/post"}],"author":[{"embeddable":true,"href":"https:\/\/dailynewshungary.com\/de\/wp-json\/wp\/v2\/users\/33"}],"replies":[{"embeddable":true,"href":"https:\/\/dailynewshungary.com\/de\/wp-json\/wp\/v2\/comments?post=681866"}],"version-history":[{"count":0,"href":"https:\/\/dailynewshungary.com\/de\/wp-json\/wp\/v2\/posts\/681866\/revisions"}],"wp:featuredmedia":[{"embeddable":true,"href":"https:\/\/dailynewshungary.com\/de\/wp-json\/wp\/v2\/media\/681867"}],"wp:attachment":[{"href":"https:\/\/dailynewshungary.com\/de\/wp-json\/wp\/v2\/media?parent=681866"}],"wp:term":[{"taxonomy":"category","embeddable":true,"href":"https:\/\/dailynewshungary.com\/de\/wp-json\/wp\/v2\/categories?post=681866"},{"taxonomy":"post_tag","embeddable":true,"href":"https:\/\/dailynewshungary.com\/de\/wp-json\/wp\/v2\/tags?post=681866"}],"curies":[{"name":"wp","href":"https:\/\/api.w.org\/{rel}","templated":true}]}}