{"id":682049,"date":"2022-11-16T16:04:00","date_gmt":"2022-11-16T15:04:00","guid":{"rendered":"https:\/\/dailynewshungary.com\/de\/fuhrender-ungarischer-politiker-auf-der-todesliste-der-ukraine\/"},"modified":"2022-11-16T16:04:00","modified_gmt":"2022-11-16T15:04:00","slug":"fuhrender-ungarischer-politiker-auf-der-todesliste-der-ukraine","status":"publish","type":"post","link":"https:\/\/dailynewshungary.com\/de\/fuhrender-ungarischer-politiker-auf-der-todesliste-der-ukraine\/","title":{"rendered":"F\u00fchrender ungarischer Politiker auf der Todesliste der Ukraine"},"content":{"rendered":"<p><strong>L\u00e1szl\u00f3 Toroczkai, der Vorsitzende und Fraktionsvorsitzende der rechtsradikalen Mi Haz\u00e1nk Mozgalom (Bewegung Unser Heimatland), mit sechs Sitzen im ungarischen Parlament, wurde auf die \u201cTodesliste\u201d der Ukraine gesetzt. Er sagte, er habe keine Angst. Weitere Details finden Sie vielleicht unten.<\/strong><\/p>\n<h2>Todesliste der Ukraine<\/h2>\n<p>Herr Toroczkai wurde in letzter Zeit von der Ukraine bedroht und stand auf der Liste der \u201cFeinde der Ukraine\u201d Die Liste wurde im Internet ver\u00f6ffentlicht, aber der Parteivorsitzende und Fraktionsvorsitzende sagte, es sei eine Ehre, darauf zu stehen, statt eine echte Bedrohung f\u00fcr ihn darzustellen.<\/p>\n<p>Er begr\u00fc\u00dfte Polen an seinem Nationalfeiertag am 11. November, indem er ein Foto twitterte, das den Handschlag polnischer und ungarischer Soldaten an der neu errichteten polnisch-ungarischen Grenze nach der R\u00fcckkehr Transkarpatiens (heute ein Kreis der Ukraine) im Jahr 1939 zeigt. Die ukrainische Diplomatie war entsetzt Das ist nicht verwunderlich Abgesehen davon, dass sie sich im Krieg um Unabh\u00e4ngigkeit und Freiheit gegen Russland befinden, schlagen russische Machthaber wie Dmitri Medwedew, der ehemalige Pr\u00e4sident des Landes, regelm\u00e4\u00dfig vor, dass Rum\u00e4nien, Ungarn und Polen das zur\u00fcckfordern sollten, was ihnen einst geh\u00f6rte Ukraine.<\/p>\n<p><a class=\"dnh-embed-link\" href=\"https:\/\/dailynewshungary.com\/de\/russland-wurde-einen-teil-der-ukraine-an-ungarn-abgeben\/\"><\/p>\n<div class=\"dnh-embed\">\n<div class=\"dnh-embed-thumb\"><img loading=\"lazy\" decoding=\"async\" width=\"410\" height=\"110\" src=\"https:\/\/contentf5.dailynewshungary.com\/wp-content\/uploads\/2022\/07\/Map-410x110.jpg\" class=\"attachment-embed_thumbnail size-embed_thumbnail wp-post-image\" alt=\"Karte Ukraine Ungarn Transkarpatien Russland Rum\u00e4nischer Rektor\"><\/div>\n<h5 class=\"dnh-embed-title\"><span>Lesen Sie auch<\/span>Russland w\u00fcrde einen Teil der Ukraine an Ungarn abgeben<\/h5>\n<\/div>\n<p><\/a><\/p>\n<h2>Drohungen erhielt er bereits vom Islamischen Staat<\/h2>\n<p>Toroczkai sagte, er habe nach seinem Tweet eine Drohbotschaft aus der Ukraine auf Twitter erhalten \u201cDas ist eine gute Quote angesichts des Wutanfalls, den sie gemacht haben\u201d, sagte der ungarische radikale Politiker <a href=\"https:\/\/www.blikk.hu\/politika\/magyar-politika\/toroczkai-laszlo-fenyegetes-ukrajna-halallista\/hqhvklb\" target=\"_blank\" rel=\"noopener\">Blikk<\/a>, eine ungarische Boulevardzeitung.<\/p>\n<p>Danach erschien er auf Mirotvorec, einer ukrainischen Website, auf der jene ausl\u00e4ndischen und ukrainischen Personen aufgef\u00fchrt sind, die ihrer Meinung nach eliminiert werden sollten. Der Grund daf\u00fcr ist, dass \u201eer die Souver\u00e4nit\u00e4t und territoriale Integrit\u00e4t der Ukraine gesch\u00e4digt hat\u201cSie schrieben, Toroczkai sei ein Politiker und Journalist, ein ehemaliger Anf\u00fchrer der revisionistischen Jugendbewegung der Vierundsechzig Landkreise, Gr\u00fcnder der Hunnia-Bewegung, Chefredakteur der Zeitschrift Magyar Jelen und ehemaliger stellvertretender Vorsitzender von Jobbik zwischen 2016 und 2018.<\/p>\n<p><a class=\"dnh-embed-link\" href=\"https:\/\/dailynewshungary.com\/de\/radikaler-politiker-spricht-von-einer-ungarisch-polnischen-grenze-die-ukraine-reagiert-schnell\/\"><\/p>\n<div class=\"dnh-embed\">\n<div class=\"dnh-embed-thumb\"><img loading=\"lazy\" decoding=\"async\" width=\"350\" height=\"197\" src=\"https:\/\/contentf5.dailynewshungary.com\/wp-content\/uploads\/2022\/01\/toroczkai-350x197.jpg\" class=\"attachment-embed_thumbnail size-embed_thumbnail wp-post-image\" alt=\"L\u00e1szl\u00f3 Toroczkai, Anf\u00fchrer von Mi Haz\u00e1nk Mozgalom und B\u00fcrgermeister von \u00c1sotthalom\" srcset=\"https:\/\/contentf5.dailynewshungary.com\/wp-content\/uploads\/2022\/01\/toroczkai-350x197.jpg 350w, https:\/\/contentf5.dailynewshungary.com\/wp-content\/uploads\/2022\/01\/toroczkai-768x433.jpg 768w, https:\/\/contentf5.dailynewshungary.com\/wp-content\/uploads\/2022\/01\/toroczkai-1536x866.jpg 1536w, https:\/\/contentf5.dailynewshungary.com\/wp-content\/uploads\/2022\/01\/toroczkai-248x140.jpg 248w, https:\/\/contentf5.dailynewshungary.com\/wp-content\/uploads\/2022\/01\/toroczkai-1920x1080.jpg 1920w, https:\/\/contentf5.dailynewshungary.com\/wp-content\/uploads\/2022\/01\/toroczkai-1030x580.jpg 1030w, https:\/\/contentf5.dailynewshungary.com\/wp-content\/uploads\/2022\/01\/toroczkai-260x146.jpg 260w, https:\/\/contentf5.dailynewshungary.com\/wp-content\/uploads\/2022\/01\/toroczkai-50x28.jpg 50w, https:\/\/contentf5.dailynewshungary.com\/wp-content\/uploads\/2022\/01\/toroczkai-133x75.jpg 133w, https:\/\/contentf5.dailynewshungary.com\/wp-content\/uploads\/2022\/01\/toroczkai.jpg 2048w\" sizes=\"auto, (max-width: 350px) 100vw, 350px\"><\/div>\n<h5 class=\"dnh-embed-title\"><span>Lesen Sie auch<\/span>Radikaler Politiker spricht von einer ungarisch-polnischen Grenze, die Ukraine reagiert schnell<\/h5>\n<\/div>\n<p><\/a><\/p>\n<p>Ukrainische Radikale setzten jene Menschen auf ihre \u201cTodesliste\u201d, die sie f\u00fcr Feinde der Ukraine halten, auf der Liste stand unter anderem die ermordete Darja Dugina, die Tochter von Putins Ideologen, Alexandr Dugin, nun ist sie immer noch da, aber mit dem erschreckenden Tag: \u201cliquidiert\u201d.<\/p>\n<p>Toroczkai sagte, er habe keine Angst \u201cEs ist eine Ehre, auf dieser Liste zu stehen\u201d Er f\u00fcgte hinzu, dass die meisten F\u00fchrer der transkarpatischen Ungarn bereits darauf standen. Die Drohungen des Islamischen Staates im Jahr 2016 wegen Verbeugung gegen illegale Migration hielt er f\u00fcr ernsterNat\u00fcrlich f\u00fcgte er hinzu, dass niemand eine Drohung h\u00e4tte ignorieren d\u00fcrfen, insbesondere nachdem Darya Dugina au\u00dferhalb der Ukraine in ihrem eigenen Auto in die Luft gesprengt wurde, nur weil sie ihre Meinung teilte.<\/p>\n<p>\u201cAber ich mache mir keine SorgenIch war es nie, und ich werde nie Angst haben\u201d, hob der ungarische Politiker hervor.<\/p>\n","protected":false},"excerpt":{"rendered":"<p>L\u00e1szl\u00f3 Toroczkai, der Vorsitzende und Fraktionsvorsitzende der rechtsradikalen Mi Haz\u00e1nk Mozgalom (Bewegung Unser Heimatland), mit sechs Sitzen im ungarischen Parlament, wurde auf die \u201cTodesliste\u201d der Ukraine gesetzt. Er sagte, er habe keine Angst. Weitere Details finden Sie vielleicht unten. Todesliste der Ukraine Herr Toroczkai wurde in letzter Zeit von der Ukraine bedroht und stand auf [&hellip;]<\/p>\n","protected":false},"author":18,"featured_media":682050,"comment_status":"open","ping_status":"open","sticky":false,"template":"","format":"standard","meta":{"_acf_changed":false,"_display_image":"","footnotes":""},"categories":[1081],"tags":[1336,1084,1557,1092,1558],"class_list":["post-682049","post","type-post","status-publish","format-standard","has-post-thumbnail","hentry","category-politik","tag-hungrig","tag-krieg-in-der-ukraine","tag-mi-hazank","tag-ukraine","tag-unser-heimatland"],"blocksy_meta":[],"acf":[],"author_username":"johnwoods","telegram_post":"","public_post_metadata":{"breaking_news":"yes","important":"no","csempe":"no","center_tile":"no","disable_thumbnail":"no","target_lang":"","_featured_image_style":"","telegram_post":"","_xlat_group_id":""},"public_rank_math_data":{"title":"%title% %sep% %sitename%","description":"Er wurde auf die \"Todesliste\" ukrainischer Radikaler gesetzt, weil er ein Foto polnischer und ungarischer Soldaten gepostet hatte, N\u00e4heres teilte er Blikk mit","focus_keyword":"Tod","canonical_url":"","robots":"","primary_category":"1081","breadcrumb_title":"","facebook_title":"","facebook_description":"","facebook_image":"","facebook_image_id":"","twitter_title":"","twitter_description":"","twitter_image":"","twitter_image_id":"","twitter_card_type":"","twitter_use_facebook":"","advanced_robots":"","pillar_content":"","seo_score":"65","contentai_score":"","rich_snippet":""},"_links":{"self":[{"href":"https:\/\/dailynewshungary.com\/de\/wp-json\/wp\/v2\/posts\/682049","targetHints":{"allow":["GET"]}}],"collection":[{"href":"https:\/\/dailynewshungary.com\/de\/wp-json\/wp\/v2\/posts"}],"about":[{"href":"https:\/\/dailynewshungary.com\/de\/wp-json\/wp\/v2\/types\/post"}],"author":[{"embeddable":true,"href":"https:\/\/dailynewshungary.com\/de\/wp-json\/wp\/v2\/users\/18"}],"replies":[{"embeddable":true,"href":"https:\/\/dailynewshungary.com\/de\/wp-json\/wp\/v2\/comments?post=682049"}],"version-history":[{"count":0,"href":"https:\/\/dailynewshungary.com\/de\/wp-json\/wp\/v2\/posts\/682049\/revisions"}],"wp:featuredmedia":[{"embeddable":true,"href":"https:\/\/dailynewshungary.com\/de\/wp-json\/wp\/v2\/media\/682050"}],"wp:attachment":[{"href":"https:\/\/dailynewshungary.com\/de\/wp-json\/wp\/v2\/media?parent=682049"}],"wp:term":[{"taxonomy":"category","embeddable":true,"href":"https:\/\/dailynewshungary.com\/de\/wp-json\/wp\/v2\/categories?post=682049"},{"taxonomy":"post_tag","embeddable":true,"href":"https:\/\/dailynewshungary.com\/de\/wp-json\/wp\/v2\/tags?post=682049"}],"curies":[{"name":"wp","href":"https:\/\/api.w.org\/{rel}","templated":true}]}}