{"id":682100,"date":"2022-11-15T14:34:00","date_gmt":"2022-11-15T13:34:00","guid":{"rendered":"https:\/\/dailynewshungary.com\/de\/eine-starke-verteidigungsindustrie-liege-im-interesse-ungarns-sagt-verteidigungsminister\/"},"modified":"2022-11-15T14:34:00","modified_gmt":"2022-11-15T13:34:00","slug":"eine-starke-verteidigungsindustrie-liege-im-interesse-ungarns-sagt-verteidigungsminister","status":"publish","type":"post","link":"https:\/\/dailynewshungary.com\/de\/eine-starke-verteidigungsindustrie-liege-im-interesse-ungarns-sagt-verteidigungsminister\/","title":{"rendered":"Eine starke Verteidigungsindustrie liege im Interesse Ungarns, sagt Verteidigungsminister"},"content":{"rendered":"<p><strong>Der Aufbau einer starken Verteidigungsindustrie liege im Sicherheitsinteresse Ungarns, Investitionen in den Sektoren sicherten dem Land einen strategischen Fortschritt, sagte der Verteidigungsminister am Dienstag in Br\u00fcssel am Rande eines Treffens der EU-Verteidigungsminister.<\/strong><\/p>\n<p>Die Regierung werde ein nationales Verteidigungsinnovationssystem einrichten, das mit dem internationalen Netzwerk verbunden sei, sagte Krist\u00f3f Szalay-Bobrovniczky gegen\u00fcber MTI.<\/p>\n<p>Im Rahmen der laufenden Umbildungen des Ministeriums werde die N7 National Defense Industry Innovation Holding Ltd vom Technologie- und Industrieministerium in das Verteidigungsministerium verlegt, sagte er. Das Unternehmen werde vom scheidenden Technologie- und Innovationsminister L\u00e1szl\u00f3 Palkovics geleitet, f\u00fcgte Szalay-Bobrovniczky hinzu.<\/p>\n<ul>\n<li>Lesen Sie auch: <a href=\"https:\/\/dailynewshungary.com\/de\/rumanien-ungarische-inschriften-werden-auf-offentlichen-gebauden-und-kunstwerken-obligatorisch-sein\/\">Rum\u00e4nien: Ungarische Inschriften werden auf \u00f6ffentlichen Geb\u00e4uden und Kunstwerken obligatorisch sein<\/a><\/li>\n<\/ul>\n<p>Die Umstrukturierung habe auch Ver\u00e4nderungen und Straffungen im Verteidigungsministerium mit sich gebracht, sagte Szalay-Bobrovniczky. Er sagte, dass G\u00e1sp\u00e1r Mar\u00f3th, der Staatssekret\u00e4r f\u00fcr Verteidigungsentwicklungen, seinen Posten zum 15. November aufgeben werde und seine Aufgaben von G\u00e1bor Gion, Staatssekret\u00e4r f\u00fcr strategische Analyse, \u00fcbernommen w\u00fcrden.<\/p>\n<p>Szalay-Bobrovniczky lobte den \u201czeitlosen Verdienst\u201d von Mar\u00f3ths Arbeit als Regierungskommissar und Staatssekret\u00e4r bei der Vorbereitung des ungarischen Verteidigungs- und Armeeentwicklungsplans.<\/p>\n","protected":false},"excerpt":{"rendered":"<p>Der Aufbau einer starken Verteidigungsindustrie liege im Sicherheitsinteresse Ungarns, Investitionen in den Sektoren sicherten dem Land einen strategischen Fortschritt, sagte der Verteidigungsminister am Dienstag in Br\u00fcssel am Rande eines Treffens der EU-Verteidigungsminister. Die Regierung werde ein nationales Verteidigungsinnovationssystem einrichten, das mit dem internationalen Netzwerk verbunden sei, sagte Krist\u00f3f Szalay-Bobrovniczky gegen\u00fcber MTI. Im Rahmen der laufenden [&hellip;]<\/p>\n","protected":false},"author":33,"featured_media":682101,"comment_status":"open","ping_status":"open","sticky":false,"template":"","format":"standard","meta":{"_acf_changed":false,"_display_image":"yes","footnotes":""},"categories":[1081],"tags":[1203,1082,1076],"class_list":["post-682100","post","type-post","status-publish","format-standard","has-post-thumbnail","hentry","category-politik","tag-armee","tag-europaische-union","tag-ungarn"],"blocksy_meta":[],"acf":[],"author_username":"ugyelet","telegram_post":"","public_post_metadata":{"breaking_news":"yes","important":"no","csempe":"no","center_tile":"no","disable_thumbnail":"no","target_lang":"","_featured_image_style":"hidden","telegram_post":"","_xlat_group_id":""},"public_rank_math_data":{"title":"%title% %sep% %sitename%","description":"Investitionen in den Verteidigungssektor sichern Ungarn einen strategischen Fortschritt, sagte der Verteidigungsminister in Br\u00fcssel.","focus_keyword":"Verteidigung","canonical_url":"","robots":"","primary_category":"1081","breadcrumb_title":"","facebook_title":"","facebook_description":"","facebook_image":"","facebook_image_id":"","twitter_title":"","twitter_description":"","twitter_image":"","twitter_image_id":"","twitter_card_type":"","twitter_use_facebook":"","advanced_robots":"","pillar_content":"","seo_score":"62","contentai_score":"","rich_snippet":""},"_links":{"self":[{"href":"https:\/\/dailynewshungary.com\/de\/wp-json\/wp\/v2\/posts\/682100","targetHints":{"allow":["GET"]}}],"collection":[{"href":"https:\/\/dailynewshungary.com\/de\/wp-json\/wp\/v2\/posts"}],"about":[{"href":"https:\/\/dailynewshungary.com\/de\/wp-json\/wp\/v2\/types\/post"}],"author":[{"embeddable":true,"href":"https:\/\/dailynewshungary.com\/de\/wp-json\/wp\/v2\/users\/33"}],"replies":[{"embeddable":true,"href":"https:\/\/dailynewshungary.com\/de\/wp-json\/wp\/v2\/comments?post=682100"}],"version-history":[{"count":0,"href":"https:\/\/dailynewshungary.com\/de\/wp-json\/wp\/v2\/posts\/682100\/revisions"}],"wp:featuredmedia":[{"embeddable":true,"href":"https:\/\/dailynewshungary.com\/de\/wp-json\/wp\/v2\/media\/682101"}],"wp:attachment":[{"href":"https:\/\/dailynewshungary.com\/de\/wp-json\/wp\/v2\/media?parent=682100"}],"wp:term":[{"taxonomy":"category","embeddable":true,"href":"https:\/\/dailynewshungary.com\/de\/wp-json\/wp\/v2\/categories?post=682100"},{"taxonomy":"post_tag","embeddable":true,"href":"https:\/\/dailynewshungary.com\/de\/wp-json\/wp\/v2\/tags?post=682100"}],"curies":[{"name":"wp","href":"https:\/\/api.w.org\/{rel}","templated":true}]}}