{"id":682294,"date":"2022-11-10T10:35:15","date_gmt":"2022-11-10T09:35:15","guid":{"rendered":"https:\/\/dailynewshungary.com\/de\/usbekistan-ausgezeichnete-marktchance-fur-ungarische-unternehmen\/"},"modified":"2022-11-10T10:35:15","modified_gmt":"2022-11-10T09:35:15","slug":"usbekistan-ausgezeichnete-marktchance-fur-ungarische-unternehmen","status":"publish","type":"post","link":"https:\/\/dailynewshungary.com\/de\/usbekistan-ausgezeichnete-marktchance-fur-ungarische-unternehmen\/","title":{"rendered":"Usbekistan ausgezeichnete Marktchance f\u00fcr ungarische Unternehmen"},"content":{"rendered":"<p><strong>Usbekistan biete hervorragende Marktchancen f\u00fcr ungarische Unternehmen, die fortschrittliche Technologie einsetzen, sagte der Minister f\u00fcr ausw\u00e4rtige Angelegenheiten und Handel am Donnerstag in Samarkand, wo er ein usbekisch-ungarisches Wirtschaftsforum er\u00f6ffnete.<\/strong><\/p>\n<p>Die Regierungen Usbekistans und Ungarns h\u00e4tten die Voraussetzungen f\u00fcr eine f\u00fcr beide Seiten vorteilhafte Zusammenarbeit gegeben und \u201ces gebe keine politischen Auseinandersetzungen zwischen den beiden L\u00e4ndern\u201d, sagte P\u00e9ter Szijj\u00e1rt\u00f3 in seiner Ansprache.<\/p>\n<p>Er nannte das im letzten Jahr unterzeichnete bilaterale strategische Partnerschaftsabkommen wichtig, insbesondere \u201eim aktuellen Rezessionsumfeld\u201cf\u00fcr Ungarn, eine der zehn offensten Volkswirtschaften der Welt.<\/p>\n<p><a class=\"dnh-embed-link\" href=\"https:\/\/dailynewshungary.com\/de\/sprecher-feierte-wiedergeburt-des-ungarischen-staates\/\"><\/p>\n<div class=\"dnh-embed\">\n<div class=\"dnh-embed-thumb\"><img loading=\"lazy\" decoding=\"async\" width=\"1024\" height=\"450\" src=\"https:\/\/contentf5.dailynewshungary.com\/wp-content\/uploads\/2022\/11\/Speaker-Laszlo-Kover-1024x450.webp\" class=\"attachment-embed_thumbnail size-embed_thumbnail wp-post-image\" alt=\"Sprecher L\u00e1szl\u00f3 K\u00f6v\u00e9r\"><\/div>\n<h5 class=\"dnh-embed-title\"><span>Lesen Sie auch<\/span>Sprecher feierte Wiedergeburt des ungarischen Staates<\/h5>\n<\/div>\n<p><\/a><\/p>\n<p>Szijj\u00e1rt\u00f3 stellte fest, dass an dem Wirtschaftsforum Vertreter von 44 ungarischen Unternehmen teilnehmen und 180 Gesch\u00e4ftstreffen auf dem Programm stehen. Mit dem Ziel, die Zusammenarbeit zwischen ungarischen und usbekischen Unternehmen zu st\u00e4rken, habe die ungarische Eximbank eine Kreditlinie in H\u00f6he von 110 Millionen Dollar er\u00f6ffnet, sagte er.<\/p>\n<p>Als er \u00fcber laufende Projekte sprach, verwies Szijj\u00e1rt\u00f3 auf den Bau eines Gaskraftwerks sowie die Modernisierung und Verwaltung von Wasser- und Abwassersystemen unter ungarischer Beteiligung. Er sagte, dass Usbekistan ein vereinfachtes Genehmigungsverfahren f\u00fcr ungarische Arzneimittel genehmigen werde.<\/p>\n<p>Szijj\u00e1rt\u00f3 sagte, er hoffe, dass Usbekistan sich f\u00fcr eine ungarische Technologie f\u00fcr das K\u00fchlsystem eines von ihm gebauten Kernkraftwerks entscheiden werde.<\/p>\n<p><a class=\"dnh-embed-link\" href=\"https:\/\/dailynewshungary.com\/de\/regierung-ungarns-freunde-haben-in-der-us-halbzeit-gewonnen\/\"><\/p>\n<div class=\"dnh-embed\">\n<div class=\"dnh-embed-thumb\"><img loading=\"lazy\" decoding=\"async\" width=\"960\" height=\"450\" src=\"https:\/\/contentf5.dailynewshungary.com\/wp-content\/uploads\/2022\/10\/Szijjarto-1-960x450.jpg\" class=\"attachment-embed_thumbnail size-embed_thumbnail wp-post-image\" alt=\"Szijj\u00e1rt\u00f3 P\u00e9ter USA\"><\/div>\n<h5 class=\"dnh-embed-title\"><span>Lesen Sie auch<\/span> Regierung: Ungarns Freunde haben in der US-Halbzeit gewonnen <\/h5>\n<\/div>\n<p><\/a><\/p>\n","protected":false},"excerpt":{"rendered":"<p>Usbekistan biete hervorragende Marktchancen f\u00fcr ungarische Unternehmen, die fortschrittliche Technologie einsetzen, sagte der Minister f\u00fcr ausw\u00e4rtige Angelegenheiten und Handel am Donnerstag in Samarkand, wo er ein usbekisch-ungarisches Wirtschaftsforum er\u00f6ffnete. Die Regierungen Usbekistans und Ungarns h\u00e4tten die Voraussetzungen f\u00fcr eine f\u00fcr beide Seiten vorteilhafte Zusammenarbeit gegeben und \u201ces gebe keine politischen Auseinandersetzungen zwischen den beiden L\u00e4ndern\u201d, [&hellip;]<\/p>\n","protected":false},"author":33,"featured_media":682295,"comment_status":"open","ping_status":"open","sticky":false,"template":"","format":"standard","meta":{"_acf_changed":false,"_display_image":"no","footnotes":""},"categories":[1081],"tags":[1102,1076],"class_list":["post-682294","post","type-post","status-publish","format-standard","has-post-thumbnail","hentry","category-politik","tag-ungarische-regierung","tag-ungarn"],"blocksy_meta":[],"acf":[],"author_username":"ugyelet","telegram_post":"","public_post_metadata":{"breaking_news":"yes","important":"no","csempe":"no","center_tile":"no","disable_thumbnail":"no","target_lang":"","_featured_image_style":"hidden","telegram_post":"","_xlat_group_id":""},"public_rank_math_data":{"title":"%title% %sep% %sitename%","description":"Usbekistan bietet hervorragende Marktchancen f\u00fcr ungarische Unternehmen, die fortschrittliche Technologie einsetzen","focus_keyword":"Ungarn","canonical_url":"","robots":"","primary_category":"1081","breadcrumb_title":"","facebook_title":"","facebook_description":"","facebook_image":"","facebook_image_id":"","twitter_title":"","twitter_description":"","twitter_image":"","twitter_image_id":"","twitter_card_type":"","twitter_use_facebook":"","advanced_robots":"","pillar_content":"","seo_score":"48","contentai_score":"","rich_snippet":""},"_links":{"self":[{"href":"https:\/\/dailynewshungary.com\/de\/wp-json\/wp\/v2\/posts\/682294","targetHints":{"allow":["GET"]}}],"collection":[{"href":"https:\/\/dailynewshungary.com\/de\/wp-json\/wp\/v2\/posts"}],"about":[{"href":"https:\/\/dailynewshungary.com\/de\/wp-json\/wp\/v2\/types\/post"}],"author":[{"embeddable":true,"href":"https:\/\/dailynewshungary.com\/de\/wp-json\/wp\/v2\/users\/33"}],"replies":[{"embeddable":true,"href":"https:\/\/dailynewshungary.com\/de\/wp-json\/wp\/v2\/comments?post=682294"}],"version-history":[{"count":0,"href":"https:\/\/dailynewshungary.com\/de\/wp-json\/wp\/v2\/posts\/682294\/revisions"}],"wp:featuredmedia":[{"embeddable":true,"href":"https:\/\/dailynewshungary.com\/de\/wp-json\/wp\/v2\/media\/682295"}],"wp:attachment":[{"href":"https:\/\/dailynewshungary.com\/de\/wp-json\/wp\/v2\/media?parent=682294"}],"wp:term":[{"taxonomy":"category","embeddable":true,"href":"https:\/\/dailynewshungary.com\/de\/wp-json\/wp\/v2\/categories?post=682294"},{"taxonomy":"post_tag","embeddable":true,"href":"https:\/\/dailynewshungary.com\/de\/wp-json\/wp\/v2\/tags?post=682294"}],"curies":[{"name":"wp","href":"https:\/\/api.w.org\/{rel}","templated":true}]}}