{"id":682386,"date":"2022-11-07T21:14:00","date_gmt":"2022-11-07T20:14:00","guid":{"rendered":"https:\/\/dailynewshungary.com\/de\/auf-einer-pilgerreise-wurde-der-in-doberdo-und-isonzo-gefallenen-ungarischen-soldaten-gedacht\/"},"modified":"2022-11-07T21:14:00","modified_gmt":"2022-11-07T20:14:00","slug":"auf-einer-pilgerreise-wurde-der-in-doberdo-und-isonzo-gefallenen-ungarischen-soldaten-gedacht","status":"publish","type":"post","link":"https:\/\/dailynewshungary.com\/de\/auf-einer-pilgerreise-wurde-der-in-doberdo-und-isonzo-gefallenen-ungarischen-soldaten-gedacht\/","title":{"rendered":"Auf einer Pilgerreise wurde der in Doberdo und Isonzo gefallenen ungarischen Soldaten gedacht"},"content":{"rendered":"<p><strong>Anl\u00e4sslich des Allerseelen-Tages wurde eine vom Verteidigungsministerium organisierte Pilgerfahrt zum Gedenken an ungarische Soldaten abgehalten, die im Ersten Weltkrieg auf den Schlachtfeldern Doberdo und Isonzo in Norditalien gefallen waren, sagte ein Staatssekret\u00e4r des Ministeriums am Montag.<\/strong><\/p>\n<p>Die Pilger zollten ihren Tribut an einer Kapelle in Redipuglia und sp\u00e4ter auf dem \u00f6sterreichisch-ungarischen Soldatenfriedhof in Fogliano, sagte Tam\u00e1s Vargha gegen\u00fcber MTIAn der ungarischen Kapelle \u201cCapella Ungherese\u201d im Dorf Visintini in Doberdo Del Lago weihte Antal Sp\u00e1nyi, der Bischof von Szekesfeh\u00e9rv\u00e1r, eine neue Glocke, die aus Spenden von Einwohnern von Szekesfeh\u00e9rv\u00e1r hergestellt wurde, sagte er.<\/p>\n<p>Sie zollten auch ungarischen Soldaten Tribut, die an der Front auf dem Isonzo und bei Doberdo gefallen waren, f\u00fcgte Vargha hinzuDer Staatssekret\u00e4r bedankte sich bei seinen italienischen und slowenischen Kollegen f\u00fcr die Instandhaltung der Gedenkst\u00e4tten, die in der N\u00e4he der Schlachtfelder eingerichtet wurden, wo mehrere Zehntausend Soldaten der Armee der \u00d6sterreichisch-Ungarischen Monarchie starben.<\/p>\n<p>Die Schlacht von Doberdo war eines der blutigsten Schlachtfelder des Ersten Weltkriegs. In den Jahren 1915-16 wurden in Schlachten entlang des Flusses Isonzo etwa 100.000 ungarische Soldaten get\u00f6tet.<\/p>\n","protected":false},"excerpt":{"rendered":"<p>Anl\u00e4sslich des Allerseelen-Tages wurde eine vom Verteidigungsministerium organisierte Pilgerfahrt zum Gedenken an ungarische Soldaten abgehalten, die im Ersten Weltkrieg auf den Schlachtfeldern Doberdo und Isonzo in Norditalien gefallen waren, sagte ein Staatssekret\u00e4r des Ministeriums am Montag. Die Pilger zollten ihren Tribut an einer Kapelle in Redipuglia und sp\u00e4ter auf dem \u00f6sterreichisch-ungarischen Soldatenfriedhof in Fogliano, sagte [&hellip;]<\/p>\n","protected":false},"author":33,"featured_media":682387,"comment_status":"open","ping_status":"open","sticky":false,"template":"","format":"standard","meta":{"_acf_changed":false,"_display_image":"yes","footnotes":""},"categories":[1098],"tags":[1184,1126,1076],"class_list":["post-682386","post","type-post","status-publish","format-standard","has-post-thumbnail","hentry","category-gesellschaft","tag-krieg","tag-ungarische-geschichte","tag-ungarn"],"blocksy_meta":[],"acf":[],"author_username":"ugyelet","telegram_post":"","public_post_metadata":{"breaking_news":"yes","important":"no","csempe":"no","center_tile":"no","disable_thumbnail":"no","target_lang":"","_featured_image_style":"hidden","telegram_post":"","_xlat_group_id":""},"public_rank_math_data":{"title":"%title% %sep% %sitename%","description":"Zum Gedenken an die ungarischen Soldaten, die bei Doberdo und Isonzo in Italien gefallen waren, wurde eine vom Verteidigungsministerium organisierte Pilgerfahrt durchgef\u00fchrt.","focus_keyword":"Wallfahrt","canonical_url":"","robots":"","primary_category":"1098","breadcrumb_title":"","facebook_title":"","facebook_description":"","facebook_image":"","facebook_image_id":"","twitter_title":"","twitter_description":"","twitter_image":"","twitter_image_id":"","twitter_card_type":"","twitter_use_facebook":"","advanced_robots":"","pillar_content":"","seo_score":"53","contentai_score":"","rich_snippet":""},"_links":{"self":[{"href":"https:\/\/dailynewshungary.com\/de\/wp-json\/wp\/v2\/posts\/682386","targetHints":{"allow":["GET"]}}],"collection":[{"href":"https:\/\/dailynewshungary.com\/de\/wp-json\/wp\/v2\/posts"}],"about":[{"href":"https:\/\/dailynewshungary.com\/de\/wp-json\/wp\/v2\/types\/post"}],"author":[{"embeddable":true,"href":"https:\/\/dailynewshungary.com\/de\/wp-json\/wp\/v2\/users\/33"}],"replies":[{"embeddable":true,"href":"https:\/\/dailynewshungary.com\/de\/wp-json\/wp\/v2\/comments?post=682386"}],"version-history":[{"count":0,"href":"https:\/\/dailynewshungary.com\/de\/wp-json\/wp\/v2\/posts\/682386\/revisions"}],"wp:featuredmedia":[{"embeddable":true,"href":"https:\/\/dailynewshungary.com\/de\/wp-json\/wp\/v2\/media\/682387"}],"wp:attachment":[{"href":"https:\/\/dailynewshungary.com\/de\/wp-json\/wp\/v2\/media?parent=682386"}],"wp:term":[{"taxonomy":"category","embeddable":true,"href":"https:\/\/dailynewshungary.com\/de\/wp-json\/wp\/v2\/categories?post=682386"},{"taxonomy":"post_tag","embeddable":true,"href":"https:\/\/dailynewshungary.com\/de\/wp-json\/wp\/v2\/tags?post=682386"}],"curies":[{"name":"wp","href":"https:\/\/api.w.org\/{rel}","templated":true}]}}