{"id":682403,"date":"2022-11-07T14:34:00","date_gmt":"2022-11-07T13:34:00","guid":{"rendered":"https:\/\/dailynewshungary.com\/de\/fm-ungarn-ist-bereit-die-ukraine-weiterhin-zu-unterstutzen-nicht-jedoch-das-eu-darlehen-fur-diesen-zweck\/"},"modified":"2022-11-07T14:34:00","modified_gmt":"2022-11-07T13:34:00","slug":"fm-ungarn-ist-bereit-die-ukraine-weiterhin-zu-unterstutzen-nicht-jedoch-das-eu-darlehen-fur-diesen-zweck","status":"publish","type":"post","link":"https:\/\/dailynewshungary.com\/de\/fm-ungarn-ist-bereit-die-ukraine-weiterhin-zu-unterstutzen-nicht-jedoch-das-eu-darlehen-fur-diesen-zweck\/","title":{"rendered":"FM: Ungarn ist bereit, die Ukraine weiterhin zu unterst\u00fctzen, nicht jedoch das EU-Darlehen f\u00fcr diesen Zweck"},"content":{"rendered":"<p><strong>Ungarn sei bereit, der Ukraine weiterhin auf bilateraler Basis zu helfen, werde die Aufnahme eines Darlehens durch die Europ\u00e4ische Union zu diesem Zweck jedoch nicht unterst\u00fctzen, sagte Au\u00dfenminister P\u00e9ter Szijj\u00e1rt\u00f3 am Montag in Sofia.<\/strong><\/p>\n<p>Unter Bezugnahme auf Gesetzesentw\u00fcrfe, die die Europ\u00e4ische Kommission voraussichtlich diese Woche vorlegen wird und die eine monatliche Hilfe in H\u00f6he von 1,5 Milliarden Euro zur Deckung des Finanzierungsbedarfs des vom Krieg zerr\u00fctteten Landes vorschlagen, sagte Szijj\u00e1rt\u00f3 bei einem Treffen der Au\u00dfenminister der Mitteleurop\u00e4ischen Initiative, dass Ungarn die Unterst\u00fctzung des Landes unterst\u00fctzt habe Gesundheits-, Bildungs- und Kultur- und Religionseinrichtungen \u201ein H\u00f6he von mehreren zehn bis hundert Millionen Euro\u201cnoch vor dem Krieg.<\/p>\n<p>\u201cWir sind bereit, die Ukraine auf der Grundlage eines bilateralen Abkommens weiterhin zu unterst\u00fctzen\u201d, sagte er.<\/p>\n<p>Gleichzeitig werde Ungarn \u201cdie Aufnahme eines Kredits durch die EU definitiv nicht unterst\u00fctzen\u201d zu diesem Zweck, weil \u201cwir das schon einmal getan haben\u201d Wir haben den Kredit unterst\u00fctzt, den die EU w\u00e4hrend der Coronavirus-Pandemie aufgenommen hat, und das war mehr als genug, sagte er.<\/p>\n<ul>\n<li>Lesen Sie auch: <a href=\"https:\/\/dailynewshungary.com\/de\/ungarische-regierung-reagiert-auf-putins-worte-widerlegt-sie-aber-nicht\/\">Ungarische Regierung reagiert auf Putins Worte, widerlegt sie aber nicht<\/a><\/li>\n<\/ul>\n<p>Zu den Sanktionen, die gegen Russland als Reaktion auf dessen Angriff auf die Ukraine verh\u00e4ngt wurden, sagte Szijj\u00e1rt\u00f3, die Ma\u00dfnahmen h\u00e4tten das Gegenteil von dem bewirkt, was bei ihrer Einf\u00fchrung versprochen worden sei: \u201eDie Brutalit\u00e4t des Krieges w\u00e4chst und die europ\u00e4ische Wirtschaft und nicht die russische, wurde in die Knie gezwungen.\u201c\u201d Als Beispiel verwies er auf die wachsenden Energiekosten Ungarns: Im vergangenen Jahr gab das Land 7 Milliarden Euro f\u00fcr Energieimporte aus. Diese Summe stieg in diesem Jahr auf 19 Milliarden und wird voraussichtlich im Jahr 2023 bei rund 29 Milliarden liegen, \u201ewenn alles so l\u00e4uft, wie es war\u201d, sagte er.<\/p>\n<p>\u201cWir m\u00fcssen uns der Tatsache stellen, dass diese Ma\u00dfnahmen im Wesentlichen gescheitert sind Die europ\u00e4ische Wirtschaft leidet, und es scheint klar, wer profitiert,\u201d sagte erDie Regierung wird nicht zulassen, dass die Ungarn den Preis des Krieges zahlen m\u00fcssen, und sieht den Frieden als einzige L\u00f6sung, sagte erInzwischen steht Ungarn unter doppeltem Druck durch Migration, einem erheblichen Sicherheitsrisiko f\u00fcr das Land, sagte er.<\/p>\n<ul>\n<li>Lesen Sie auch: <a href=\"https:\/\/dailynewshungary.com\/de\/der-forint-ist-der-starkste-seit-einiger-zeit-positive-aussichten\/\">Der Forint ist der st\u00e4rkste seit einiger Zeit \u2013 positive Aussichten?<\/a><\/li>\n<\/ul>\n<p>Ungarn habe bisher etwa 1 Million ukrainische Fl\u00fcchtlinge aufgenommen, etwa 1300 Schulen und Kinderg\u00e4rten h\u00e4tten ukrainische Kinder aufgenommen, gleichzeitig \u201ck\u00f6nnen wir ohne \u00dcbertreibung sagen, dass unsere S\u00fcdgrenze belagert wird\u201d, sagte Szijj\u00e1rt\u00f3Bisher haben die Beh\u00f6rden allein in diesem Jahr rund 230.000 illegale Einreiseversuche dorthin vereitelt, sagte er.<\/p>\n<p>Die Zahlen seien nun \u201c\u00e4hnlich denen w\u00e4hrend der Migrationskrise von 2015, und einige Ank\u00f6mmlinge greifen sich und die Grenzschutzbeamten mit Waffen an\u201d, sagte erIndessen halte Br\u00fcssel an seinem \u201chypokritischen Ansatz fest, ermutige Migranten, sich auf den Weg nach Europa zu machen und halte damit das Gesch\u00e4ftsmodell der Menschenschmuggler aufrecht, was inakzeptabel sei\u201d, sagte Szijj\u00e1rt\u00f3.<\/p>\n","protected":false},"excerpt":{"rendered":"<p>Ungarn sei bereit, der Ukraine weiterhin auf bilateraler Basis zu helfen, werde die Aufnahme eines Darlehens durch die Europ\u00e4ische Union zu diesem Zweck jedoch nicht unterst\u00fctzen, sagte Au\u00dfenminister P\u00e9ter Szijj\u00e1rt\u00f3 am Montag in Sofia. Unter Bezugnahme auf Gesetzesentw\u00fcrfe, die die Europ\u00e4ische Kommission voraussichtlich diese Woche vorlegen wird und die eine monatliche Hilfe in H\u00f6he von [&hellip;]<\/p>\n","protected":false},"author":33,"featured_media":682404,"comment_status":"open","ping_status":"open","sticky":false,"template":"","format":"standard","meta":{"_acf_changed":false,"_display_image":"yes","footnotes":""},"categories":[1081],"tags":[1470,1082,1084,1092,1076],"class_list":["post-682403","post","type-post","status-publish","format-standard","has-post-thumbnail","hentry","category-politik","tag-ausenministerium-fur-ungarn","tag-europaische-union","tag-krieg-in-der-ukraine","tag-ukraine","tag-ungarn"],"blocksy_meta":[],"acf":[],"author_username":"ugyelet","telegram_post":"","public_post_metadata":{"breaking_news":"yes","important":"no","csempe":"no","center_tile":"no","disable_thumbnail":"no","target_lang":"","_featured_image_style":"hidden","telegram_post":"","_xlat_group_id":""},"public_rank_math_data":{"title":"%title% %sep% %sitename%","description":"Ungarn ist bereit, der Ukraine weiterhin auf bilateraler Basis zu helfen, wird die Aufnahme eines Darlehens durch die Europ\u00e4ische Union zu diesem Zweck jedoch nicht unterst\u00fctzen.","focus_keyword":"Ukraine","canonical_url":"","robots":"","primary_category":"1081","breadcrumb_title":"","facebook_title":"","facebook_description":"","facebook_image":"","facebook_image_id":"","twitter_title":"","twitter_description":"","twitter_image":"","twitter_image_id":"","twitter_card_type":"","twitter_use_facebook":"","advanced_robots":"","pillar_content":"","seo_score":"61","contentai_score":"","rich_snippet":""},"_links":{"self":[{"href":"https:\/\/dailynewshungary.com\/de\/wp-json\/wp\/v2\/posts\/682403","targetHints":{"allow":["GET"]}}],"collection":[{"href":"https:\/\/dailynewshungary.com\/de\/wp-json\/wp\/v2\/posts"}],"about":[{"href":"https:\/\/dailynewshungary.com\/de\/wp-json\/wp\/v2\/types\/post"}],"author":[{"embeddable":true,"href":"https:\/\/dailynewshungary.com\/de\/wp-json\/wp\/v2\/users\/33"}],"replies":[{"embeddable":true,"href":"https:\/\/dailynewshungary.com\/de\/wp-json\/wp\/v2\/comments?post=682403"}],"version-history":[{"count":0,"href":"https:\/\/dailynewshungary.com\/de\/wp-json\/wp\/v2\/posts\/682403\/revisions"}],"wp:featuredmedia":[{"embeddable":true,"href":"https:\/\/dailynewshungary.com\/de\/wp-json\/wp\/v2\/media\/682404"}],"wp:attachment":[{"href":"https:\/\/dailynewshungary.com\/de\/wp-json\/wp\/v2\/media?parent=682403"}],"wp:term":[{"taxonomy":"category","embeddable":true,"href":"https:\/\/dailynewshungary.com\/de\/wp-json\/wp\/v2\/categories?post=682403"},{"taxonomy":"post_tag","embeddable":true,"href":"https:\/\/dailynewshungary.com\/de\/wp-json\/wp\/v2\/tags?post=682403"}],"curies":[{"name":"wp","href":"https:\/\/api.w.org\/{rel}","templated":true}]}}