{"id":682726,"date":"2022-10-29T16:34:00","date_gmt":"2022-10-29T14:34:00","guid":{"rendered":"https:\/\/dailynewshungary.com\/de\/neuer-nationalfeiertag-soll-in-ungarn-eingefuhrt-werden\/"},"modified":"2022-10-29T16:34:00","modified_gmt":"2022-10-29T14:34:00","slug":"neuer-nationalfeiertag-soll-in-ungarn-eingefuhrt-werden","status":"publish","type":"post","link":"https:\/\/dailynewshungary.com\/de\/neuer-nationalfeiertag-soll-in-ungarn-eingefuhrt-werden\/","title":{"rendered":"Neuer Nationalfeiertag soll in Ungarn eingef\u00fchrt werden"},"content":{"rendered":"<p><strong>Die regierenden Parteien Fidesz und Christlich-Demokratische Partei haben dem Parlament am Freitag einen Gesetzentwurf \u00fcber die Bedeutung und den Tag der Goldenen Bulle von 1222 vorgelegt, ein Edikt, das verfassungsrechtliche Grenzen f\u00fcr die Macht der Monarchen festlegte.<\/strong><\/p>\n<p>Der Gesetzentwurf w\u00fcrde erkl\u00e4ren, dass die Mitglieder der ungarischen Nationalversammlung, \u201cdie die Errungenschaften der historischen Verfassung des Landes respektieren\u201d glauben, dass \u201cder Staat eine grundlegende Pflicht hat, unsere Identit\u00e4t zu sch\u00fctzen, die in unserer historischen Verfassung verwurzelt ist\u201d.<\/p>\n<p>Die Bef\u00fcrworter des Gesetzentwurfs sagen, er w\u00fcrde eine Anerkennung des Parlaments darstellen, dass die in dem 800 Jahre alten Dokument enthaltenen Ideen als intellektuell-historischer Vorl\u00e4ufer der modernen Demokratie angesehen werden k\u00f6nnen.<\/p>\n<p>Die Goldene Bulle, die K\u00f6nig Andreas II. am 24. April 1222 ausstellte, begr\u00fcndete die Rechte des Adels und diente jahrhundertelang als St\u00fctze des ungarischen Rechtssystems.<\/p>\n","protected":false},"excerpt":{"rendered":"<p>Die regierenden Parteien Fidesz und Christlich-Demokratische Partei haben dem Parlament am Freitag einen Gesetzentwurf \u00fcber die Bedeutung und den Tag der Goldenen Bulle von 1222 vorgelegt, ein Edikt, das verfassungsrechtliche Grenzen f\u00fcr die Macht der Monarchen festlegte. Der Gesetzentwurf w\u00fcrde erkl\u00e4ren, dass die Mitglieder der ungarischen Nationalversammlung, \u201cdie die Errungenschaften der historischen Verfassung des Landes [&hellip;]<\/p>\n","protected":false},"author":50,"featured_media":682727,"comment_status":"open","ping_status":"open","sticky":false,"template":"","format":"standard","meta":{"_acf_changed":false,"_display_image":"yes","footnotes":""},"categories":[1081],"tags":[1598,1102,1103],"class_list":["post-682726","post","type-post","status-publish","format-standard","has-post-thumbnail","hentry","category-politik","tag-nationalfeiertag","tag-ungarische-regierung","tag-ungarisches-parlament"],"blocksy_meta":[],"acf":[],"author_username":"dnh","telegram_post":"","public_post_metadata":{"breaking_news":"yes","important":"no","csempe":"no","center_tile":"no","disable_thumbnail":"no","target_lang":"","_featured_image_style":"hidden","telegram_post":"","_xlat_group_id":""},"public_rank_math_data":{"title":"%title% %sep% %sitename%","description":"","focus_keyword":"Ungarn erh\u00e4lt einen neuen Nationalfeiertag, an dem Feste und Konferenzen organisiert werden? Lesen Sie mehr unten.","canonical_url":"","robots":"","primary_category":"1081","breadcrumb_title":"","facebook_title":"","facebook_description":"","facebook_image":"","facebook_image_id":"","twitter_title":"","twitter_description":"","twitter_image":"","twitter_image_id":"","twitter_card_type":"","twitter_use_facebook":"","advanced_robots":"","pillar_content":"","seo_score":"","contentai_score":"","rich_snippet":""},"_links":{"self":[{"href":"https:\/\/dailynewshungary.com\/de\/wp-json\/wp\/v2\/posts\/682726","targetHints":{"allow":["GET"]}}],"collection":[{"href":"https:\/\/dailynewshungary.com\/de\/wp-json\/wp\/v2\/posts"}],"about":[{"href":"https:\/\/dailynewshungary.com\/de\/wp-json\/wp\/v2\/types\/post"}],"author":[{"embeddable":true,"href":"https:\/\/dailynewshungary.com\/de\/wp-json\/wp\/v2\/users\/50"}],"replies":[{"embeddable":true,"href":"https:\/\/dailynewshungary.com\/de\/wp-json\/wp\/v2\/comments?post=682726"}],"version-history":[{"count":0,"href":"https:\/\/dailynewshungary.com\/de\/wp-json\/wp\/v2\/posts\/682726\/revisions"}],"wp:featuredmedia":[{"embeddable":true,"href":"https:\/\/dailynewshungary.com\/de\/wp-json\/wp\/v2\/media\/682727"}],"wp:attachment":[{"href":"https:\/\/dailynewshungary.com\/de\/wp-json\/wp\/v2\/media?parent=682726"}],"wp:term":[{"taxonomy":"category","embeddable":true,"href":"https:\/\/dailynewshungary.com\/de\/wp-json\/wp\/v2\/categories?post=682726"},{"taxonomy":"post_tag","embeddable":true,"href":"https:\/\/dailynewshungary.com\/de\/wp-json\/wp\/v2\/tags?post=682726"}],"curies":[{"name":"wp","href":"https:\/\/api.w.org\/{rel}","templated":true}]}}