{"id":682765,"date":"2022-10-28T14:34:00","date_gmt":"2022-10-28T12:34:00","guid":{"rendered":"https:\/\/dailynewshungary.com\/de\/der-ungarische-ausenminister-teilte-mit-wie-der-krieg-in-der-ukraine-schnell-beendet-werden-konne\/"},"modified":"2022-10-28T14:34:00","modified_gmt":"2022-10-28T12:34:00","slug":"der-ungarische-ausenminister-teilte-mit-wie-der-krieg-in-der-ukraine-schnell-beendet-werden-konne","status":"publish","type":"post","link":"https:\/\/dailynewshungary.com\/de\/der-ungarische-ausenminister-teilte-mit-wie-der-krieg-in-der-ukraine-schnell-beendet-werden-konne\/","title":{"rendered":"Der ungarische Au\u00dfenminister teilte mit, wie der Krieg in der Ukraine schnell beendet werden k\u00f6nne"},"content":{"rendered":"<p><strong>Der Glaube, dass Gespr\u00e4che zwischen Russland und der Ukraine den Krieg zwischen den beiden L\u00e4ndern beenden k\u00f6nnen, sei eine \u201cnaive Illusion\u201d, sagte Au\u00dfenminister P\u00e9ter Szijj\u00e1rt\u00f3 am Donnerstag und f\u00fcgte hinzu, dass Gespr\u00e4che zwischen den USA und Russland erforderlich seien, um den Konflikt zu beenden.<\/strong><\/p>\n<p>Damit solche Gespr\u00e4che stattfinden k\u00f6nnten, sei es jedoch wichtig, dass sich die Staats- und Regierungschefs der Vereinigten Staaten und Russlands beim bevorstehenden G20-Gipfel in Indonesien treffen, zitierte das Au\u00dfenministerium Szijj\u00e1rt\u00f3 im Vorfeld eines Treffens zwischen den Au\u00dfenministern von die Europ\u00e4ische Union und die Gemeinschaft Lateinamerikanischer und Karibischer Staaten (CELAC) in Buenos Aires.<\/p>\n<p>\u201cWenn sie bereits am selben Ort sind, w\u00e4re es meiner Meinung nach sehr schwer, irgendjemandem auf der Erde zu erkl\u00e4ren, warum sie sich nicht miteinander trafen\u201d, sagte Szijj\u00e1rt\u00f3 \u201cWir verstehen, dass Protokoll wichtig ist, wir verstehen, dass es wichtig ist, dass sich jeder stark und st\u00e4rker als der andere macht. Aber es sterben Hunderttausende, Millionen fliehen, die ganze Welt ist in die Krise gesto\u00dfen und dieser regionale Krieg muss verhindert werden, dass er zu einem Weltkrieg eskaliert\u201d<\/p>\n<p>Obwohl es sich bei dem Konflikt in der Ukraine um einen regionalen Konflikt handele, habe er schwerwiegende negative Auswirkungen auf die ganze Welt, sagte der Minister.<\/p>\n<p><a class=\"dnh-embed-link\" href=\"https:\/\/dailynewshungary.com\/de\/orban-ich-wusste-vor-dem-krieg-dass-mit-putin-etwas-nicht-stimmt\/\"><\/p>\n<div class=\"dnh-embed\">\n<div class=\"dnh-embed-thumb\"><img loading=\"lazy\" decoding=\"async\" width=\"350\" height=\"233\" src=\"https:\/\/contentf5.dailynewshungary.com\/wp-content\/uploads\/2022\/01\/putin-orban-350x233.jpg\" class=\"attachment-embed_thumbnail size-embed_thumbnail wp-post-image\" alt=\"Putin Orb\u00e1n Wird das Budapester Treffen der Finanzminister der Eurozone boykottiert?\" srcset=\"https:\/\/contentf5.dailynewshungary.com\/wp-content\/uploads\/2022\/01\/putin-orban-350x233.jpg 350w, https:\/\/contentf5.dailynewshungary.com\/wp-content\/uploads\/2022\/01\/putin-orban-768x512.jpg 768w, https:\/\/contentf5.dailynewshungary.com\/wp-content\/uploads\/2022\/01\/putin-orban-1536x1024.jpg 1536w, https:\/\/contentf5.dailynewshungary.com\/wp-content\/uploads\/2022\/01\/putin-orban-248x165.jpg 248w, https:\/\/contentf5.dailynewshungary.com\/wp-content\/uploads\/2022\/01\/putin-orban-1030x686.jpg 1030w, https:\/\/contentf5.dailynewshungary.com\/wp-content\/uploads\/2022\/01\/putin-orban-219x146.jpg 219w, https:\/\/contentf5.dailynewshungary.com\/wp-content\/uploads\/2022\/01\/putin-orban-50x33.jpg 50w, https:\/\/contentf5.dailynewshungary.com\/wp-content\/uploads\/2022\/01\/putin-orban-113x75.jpg 113w, https:\/\/contentf5.dailynewshungary.com\/wp-content\/uploads\/2022\/01\/putin-orban.jpg 2048w\" sizes=\"auto, (max-width: 350px) 100vw, 350px\"><\/div>\n<h5 class=\"dnh-embed-title\"><span>Lesen Sie auch<\/span>Orb\u00e1n: Ich wusste vor dem Krieg, dass mit Putin etwas nicht stimmt<\/h5>\n<\/div>\n<p><\/a><\/p>\n<p>\u201cDie Energieversorgung der Welt steckt in der Krise, ebenso wie die Nahrungsmittelversorgung vieler Gebiete\u201d Szijj\u00e1rt\u00f3 sagte \u201cDie Inflation ist weltweit himmelhoch, die Volkswirtschaften rutschen in die Rezession und Millionen von Arbeitspl\u00e4tzen sind gef\u00e4hrdet\u201d Das Interesse der ganzen Welt liege darin, diesen Krieg so schnell wie m\u00f6glich zu beenden, sagte Szijj\u00e1rt\u00f3 \u201cDas ist jedoch besorgniserregend<\/p>\n<blockquote>\n<p>Bestimmte gro\u00dfe und m\u00e4chtige L\u00e4nder, bestimmte gro\u00dfe und starke internationale Organisationen betreiben st\u00e4ndig Kriegsrhetorik\u201d<\/p>\n<\/blockquote>\n<p>Er sagte \u201cUnd ihre Bemerkungen und Entscheidungen treiben diesen Krieg mehr in Richtung Eskalation als in Richtung Frieden\u201d \u201cEs ist an der Zeit, dass die gro\u00dfen internationalen Akteure Entscheidungen treffen, die den Frieden f\u00f6rdern, anstatt zu eskalieren\u201d, sagte Szijj\u00e1rt\u00f3 und forderte die internationalen Akteure auf, keine Entscheidungen zu treffen, die die Situation weiter versch\u00e4rfen w\u00fcrden.<\/p>\n<p>Szijj\u00e1rt\u00f3 soll am Rande des EU-CELAC-Treffens Gespr\u00e4che mit seinen argentinischen, costaricanischen, ecuadorianischen, guatemaltekischen, jamaikanischen, kolumbianischen, nicaraguanischen und panamaischen Amtskollegen f\u00fchren.<\/p>\n","protected":false},"excerpt":{"rendered":"<p>Der Glaube, dass Gespr\u00e4che zwischen Russland und der Ukraine den Krieg zwischen den beiden L\u00e4ndern beenden k\u00f6nnen, sei eine \u201cnaive Illusion\u201d, sagte Au\u00dfenminister P\u00e9ter Szijj\u00e1rt\u00f3 am Donnerstag und f\u00fcgte hinzu, dass Gespr\u00e4che zwischen den USA und Russland erforderlich seien, um den Konflikt zu beenden. Damit solche Gespr\u00e4che stattfinden k\u00f6nnten, sei es jedoch wichtig, dass sich [&hellip;]<\/p>\n","protected":false},"author":50,"featured_media":682766,"comment_status":"open","ping_status":"open","sticky":false,"template":"","format":"standard","meta":{"_acf_changed":false,"_display_image":"yes","footnotes":""},"categories":[1081],"tags":[1169,1526,1209,1076],"class_list":["post-682765","post","type-post","status-publish","format-standard","has-post-thumbnail","hentry","category-politik","tag-aussenministerium-von-ungarn","tag-den-vereinigten-staaten","tag-russland","tag-ungarn"],"blocksy_meta":[],"acf":[],"author_username":"dnh","telegram_post":"","public_post_metadata":{"breaking_news":"yes","important":"no","csempe":"no","center_tile":"no","disable_thumbnail":"no","target_lang":"","_featured_image_style":"hidden","telegram_post":"","_xlat_group_id":""},"public_rank_math_data":{"title":"%title% %sep% %sitename%","description":"","focus_keyword":"FM-P\u00e9ter Szijj\u00e1rt\u00f3 sprach vor einem EU-CELAC-Treffen in Buenos Aires \u00fcber den anhaltenden Krieg in der Ukraine und wie wir ihn schnell beenden k\u00f6nnten.","canonical_url":"","robots":"","primary_category":"1081","breadcrumb_title":"","facebook_title":"","facebook_description":"","facebook_image":"","facebook_image_id":"","twitter_title":"","twitter_description":"","twitter_image":"","twitter_image_id":"","twitter_card_type":"","twitter_use_facebook":"","advanced_robots":"","pillar_content":"","seo_score":"54","contentai_score":"","rich_snippet":""},"_links":{"self":[{"href":"https:\/\/dailynewshungary.com\/de\/wp-json\/wp\/v2\/posts\/682765","targetHints":{"allow":["GET"]}}],"collection":[{"href":"https:\/\/dailynewshungary.com\/de\/wp-json\/wp\/v2\/posts"}],"about":[{"href":"https:\/\/dailynewshungary.com\/de\/wp-json\/wp\/v2\/types\/post"}],"author":[{"embeddable":true,"href":"https:\/\/dailynewshungary.com\/de\/wp-json\/wp\/v2\/users\/50"}],"replies":[{"embeddable":true,"href":"https:\/\/dailynewshungary.com\/de\/wp-json\/wp\/v2\/comments?post=682765"}],"version-history":[{"count":0,"href":"https:\/\/dailynewshungary.com\/de\/wp-json\/wp\/v2\/posts\/682765\/revisions"}],"wp:featuredmedia":[{"embeddable":true,"href":"https:\/\/dailynewshungary.com\/de\/wp-json\/wp\/v2\/media\/682766"}],"wp:attachment":[{"href":"https:\/\/dailynewshungary.com\/de\/wp-json\/wp\/v2\/media?parent=682765"}],"wp:term":[{"taxonomy":"category","embeddable":true,"href":"https:\/\/dailynewshungary.com\/de\/wp-json\/wp\/v2\/categories?post=682765"},{"taxonomy":"post_tag","embeddable":true,"href":"https:\/\/dailynewshungary.com\/de\/wp-json\/wp\/v2\/tags?post=682765"}],"curies":[{"name":"wp","href":"https:\/\/api.w.org\/{rel}","templated":true}]}}