{"id":682898,"date":"2022-10-25T10:34:50","date_gmt":"2022-10-25T08:34:50","guid":{"rendered":"https:\/\/dailynewshungary.com\/de\/ungarischer-justizminister-in-den-usa-konservative-politik-funktioniert\/"},"modified":"2022-10-25T10:34:50","modified_gmt":"2022-10-25T08:34:50","slug":"ungarischer-justizminister-in-den-usa-konservative-politik-funktioniert","status":"publish","type":"post","link":"https:\/\/dailynewshungary.com\/de\/ungarischer-justizminister-in-den-usa-konservative-politik-funktioniert\/","title":{"rendered":"Ungarischer Justizminister in den USA: \u2018Konservative Politik funktioniert\u2019"},"content":{"rendered":"<div class=\"titleNews\">\n<p><strong>Justizminister Judit Varga hob die Erfolge der ungarischen Regierung in einem Vortrag am sp\u00e4ten Montag im Washington, D.C., dem Hauptsitz der Heritage Foundation, hervor und sagte, diese Erfolge h\u00e4tten dazu beigetragen, Fidesz im April zu seinem vierten Zweidrittel-Wahlsieg zu f\u00fchren.<\/strong><\/p>\n<p>Varga sagte beispielsweise, die Regierung habe ihr Versprechen von 2010, bis 2021 eine Million neue Arbeitspl\u00e4tze zu schaffen, eingehalten und f\u00fcgte hinzu, dies sei ein Beweis daf\u00fcr, dass die christdemokratische und nationalkonservative Formel funktioniere.<\/p>\n<p>Varga bestand darauf, dass der liberale Mainstream in Opposition zur ungarischen Regierung stehe, weil sie gezeigt habe, dass nationale Souver\u00e4nit\u00e4t, konservative Werte und eine demokratische Regierung auf der Grundlage der Rechtsstaatlichkeit harmonisiert werden k\u00f6nnten. Die Rechtsstaatlichkeit k\u00f6nne auf der Grundlage konservativer Werte aufrechterhalten werden, f\u00fcgte sie hinzu.<\/p>\n<p>Bez\u00fcglich der Europ\u00e4ischen Union sagte die Ministerin, der Erfolg der Gemeinschaft beruhe auf den Errungenschaften der einzelnen Nationalstaaten, f\u00fcgte jedoch hinzu, dass die EU offenbar bestrebt sei, ein Europa ohne Nationen aufzubauen Sie sagte, die EU habe die Demokratie an ein internationales Netzwerk von NGOs ausgelagert, die keine Genehmigung ihrer jeweiligen Staaten h\u00e4tten und international finanziert w\u00fcrden Sie h\u00e4tten eine enorme Macht, die \u00d6ffentlichkeit aufzubl\u00e4hen, sagte sie, und beharrte darauf, dass die politische Entscheidungsfindung in der EU nicht mehr auf Beitr\u00e4gen der nationalen Regierungen, sondern auf Beitr\u00e4gen der Institutionen beruhte, die von diesen NGOs gefangen seien.<\/p>\n<p>Europa sollte wieder als Demokratie der Demokratien funktionieren, in der die nationalen Regierungen Richtungen vorgeben, weil dies die Gremien sind, die die Verantwortung f\u00fcr ihre eigenen B\u00fcrger und Volkswirtschaften tragen, sagte Varga.<\/p>\n<ul>\n<li>Lesen Sie auch: <a href=\"https:\/\/dailynewshungary.com\/de\/orban-setzt-sich-fur-steve-bannon-ein\/\">Orb\u00e1n setzt sich f\u00fcr Steve Bannon ein<\/a><\/li>\n<\/ul>\n<p><a class=\"dnh-embed-link\" href=\"https:\/\/dailynewshungary.com\/de\/ungarischer-minister-erinnert-auf-us-amerikanischen-6-video-fotos-an-den-aufstand-von-1956\/\"><\/a><\/p>\n<p><a class=\"dnh-embed-link\" href=\"https:\/\/dailynewshungary.com\/de\/ungarischer-minister-erinnert-auf-us-amerikanischen-6-video-fotos-an-den-aufstand-von-1956\/\"><\/p>\n<div class=\"dnh-embed\">\n<div class=\"dnh-embed-thumb\"><img loading=\"lazy\" decoding=\"async\" width=\"1025\" height=\"450\" src=\"https:\/\/contentf5.dailynewshungary.com\/wp-content\/uploads\/2022\/10\/Passaic-News-Jersey-in-memory-of-the-Hungarian-freedom-fight-1956-2022-1025x450.jpg\" class=\"attachment-embed_thumbnail size-embed_thumbnail wp-post-image\" alt=\"Passaic, News Jersey zum Gedenken an den ungarischen Freiheitskampf 1956 2022\"><\/div>\n<h5 class=\"dnh-embed-title\"><span>Lesen Sie auch<\/span>Ungarischer Minister erinnert auf US-amerikanischen 6-Video-Fotos an den Aufstand von 1956<\/h5>\n<\/div>\n<p><\/a><\/p>\n<p><a class=\"dnh-embed-link\" href=\"https:\/\/dailynewshungary.com\/de\/ungarischer-minister-erinnert-auf-us-amerikanischen-6-video-fotos-an-den-aufstand-von-1956\/\"><\/a><\/p>\n<\/div>\n","protected":false},"excerpt":{"rendered":"<p>Justizminister Judit Varga hob die Erfolge der ungarischen Regierung in einem Vortrag am sp\u00e4ten Montag im Washington, D.C., dem Hauptsitz der Heritage Foundation, hervor und sagte, diese Erfolge h\u00e4tten dazu beigetragen, Fidesz im April zu seinem vierten Zweidrittel-Wahlsieg zu f\u00fchren. Varga sagte beispielsweise, die Regierung habe ihr Versprechen von 2010, bis 2021 eine Million neue [&hellip;]<\/p>\n","protected":false},"author":2,"featured_media":682899,"comment_status":"open","ping_status":"open","sticky":false,"template":"","format":"standard","meta":{"_acf_changed":false,"_display_image":"no","footnotes":""},"categories":[1081],"tags":[1102,1076,1157],"class_list":["post-682898","post","type-post","status-publish","format-standard","has-post-thumbnail","hentry","category-politik","tag-ungarische-regierung","tag-ungarn","tag-vereinigte-staaten"],"blocksy_meta":[],"acf":[],"author_username":"alk","telegram_post":"","public_post_metadata":{"breaking_news":"yes","important":"no","csempe":"no","center_tile":"no","disable_thumbnail":"no","target_lang":"","_featured_image_style":"hidden","telegram_post":"","_xlat_group_id":""},"public_rank_math_data":{"title":"%title% %sep% %sitename%","description":"Justizminister Judit Varga hob in einem Vortrag im Washington die Erfolge der ungarischen Regierung hervor","focus_keyword":"Konservativ","canonical_url":"","robots":"","primary_category":"1081","breadcrumb_title":"","facebook_title":"","facebook_description":"","facebook_image":"","facebook_image_id":"","twitter_title":"","twitter_description":"","twitter_image":"","twitter_image_id":"","twitter_card_type":"","twitter_use_facebook":"","advanced_robots":"","pillar_content":"","seo_score":"60","contentai_score":"","rich_snippet":""},"_links":{"self":[{"href":"https:\/\/dailynewshungary.com\/de\/wp-json\/wp\/v2\/posts\/682898","targetHints":{"allow":["GET"]}}],"collection":[{"href":"https:\/\/dailynewshungary.com\/de\/wp-json\/wp\/v2\/posts"}],"about":[{"href":"https:\/\/dailynewshungary.com\/de\/wp-json\/wp\/v2\/types\/post"}],"author":[{"embeddable":true,"href":"https:\/\/dailynewshungary.com\/de\/wp-json\/wp\/v2\/users\/2"}],"replies":[{"embeddable":true,"href":"https:\/\/dailynewshungary.com\/de\/wp-json\/wp\/v2\/comments?post=682898"}],"version-history":[{"count":0,"href":"https:\/\/dailynewshungary.com\/de\/wp-json\/wp\/v2\/posts\/682898\/revisions"}],"wp:featuredmedia":[{"embeddable":true,"href":"https:\/\/dailynewshungary.com\/de\/wp-json\/wp\/v2\/media\/682899"}],"wp:attachment":[{"href":"https:\/\/dailynewshungary.com\/de\/wp-json\/wp\/v2\/media?parent=682898"}],"wp:term":[{"taxonomy":"category","embeddable":true,"href":"https:\/\/dailynewshungary.com\/de\/wp-json\/wp\/v2\/categories?post=682898"},{"taxonomy":"post_tag","embeddable":true,"href":"https:\/\/dailynewshungary.com\/de\/wp-json\/wp\/v2\/tags?post=682898"}],"curies":[{"name":"wp","href":"https:\/\/api.w.org\/{rel}","templated":true}]}}