{"id":682902,"date":"2022-10-25T09:34:27","date_gmt":"2022-10-25T07:34:27","guid":{"rendered":"https:\/\/dailynewshungary.com\/de\/ungarn-und-sudkorea-vereinbaren-investitionsforderung-und-handelsentwicklungspakt\/"},"modified":"2022-10-25T09:34:27","modified_gmt":"2022-10-25T07:34:27","slug":"ungarn-und-sudkorea-vereinbaren-investitionsforderung-und-handelsentwicklungspakt","status":"publish","type":"post","link":"https:\/\/dailynewshungary.com\/de\/ungarn-und-sudkorea-vereinbaren-investitionsforderung-und-handelsentwicklungspakt\/","title":{"rendered":"Ungarn und S\u00fcdkorea vereinbaren Investitionsf\u00f6rderung und Handelsentwicklungspakt"},"content":{"rendered":"<p><strong>Ungarn und S\u00fcdkorea h\u00e4tten sich darauf geeinigt, ein Abkommen zur Investitionsf\u00f6rderung und Handelsentwicklung zu unterzeichnen, sagte P\u00e9ter Szijj\u00e1rt\u00f3, der Minister f\u00fcr ausw\u00e4rtige Angelegenheiten und Handel, am Montag.<\/strong><\/p>\n<p>Szijj\u00e1rt\u00f3 sagte auf Facebook, dass das Abkommen, das er mit dem s\u00fcdkoreanischen Handelsminister Ahn Duk-geun in Dunakeszi bei Budapest unterzeichnet habe, dazu beitragen w\u00fcrde, mehr Investitionen nach Ungarn zu bringen Angesichts der Tatsache, dass s\u00fcdkoreanische Unternehmen f\u00fchrend in der globalen Elektrofahrzeugindustrie sind, seien ihre Investitionen in Ungarn von entscheidender Bedeutung, sagte der Minister.<\/p>\n<p>S\u00fcdkoreanische Akteure der EV-Branche wie Samsung SDI, SK Innovation, W-Scope und andere h\u00e4tten in der letzten Zeit mehr als 10.000 Arbeitspl\u00e4tze in Ungarn geschaffen, sagte erIn der Zwischenzeit habe der bilaterale Handelsumsatz im vergangenen Jahr einen Rekordwert von 5 Milliarden US-Dollar erreicht, sagte er und f\u00fcgte hinzu, dass Ungarn bald wieder Fleischexporte in das Land aufnehmen werde.<\/p>\n<p>Der Minister betonte die Bedeutung von Investitionen zuverl\u00e4ssiger und starker Unternehmen aus dem Osten in einer Zeit, in der \u201eEuropa aufgrund der gescheiterten Sanktionen Br\u00fcssels schnell auf eine Rezession zusteuert\u201c.<\/p>\n<p>Dank seiner ausgewogenen Wirtschaftspolitik, der politischen Stabilit\u00e4t und der Tatsache, dass es die niedrigsten Steuern in Europa hat, sei Ungarn ein attraktives Investitionsziel f\u00fcr gro\u00dfe Unternehmen aus dem Osten, sagte Szijj\u00e1rt\u00f3.<\/p>\n<p>Seit 2019 sind \u00f6stliche L\u00e4nder die gr\u00f6\u00dften Quellen ausl\u00e4ndischer Investitionen in Ungarn <a href=\"https:\/\/dailynewshungary.com\/de\/der-grose-britische-zuguberfall-wie-eine-15-kopfige-bande-1963-26-millionen-pfund-stahl\/\">S\u00fcdkorea<\/a> Er sei der Top-Investor in den Jahren 2019 und 2021 und China im Jahr 2020 und in diesem Jahr, sagte er.<\/p>\n<p>Diese Ostinvestitionen w\u00fcrden Ungarn daran hindern, in die europ\u00e4ische Rezession verwickelt zu werden, f\u00fcgte er hinzu.<\/p>\n<p><em>Dieser Artikel ist auf Koreanisch <a href=\"https:\/\/dailynewshungary.com\/ko\/hungary-south-korea-agree-investment-promotion-and-trade-development-pact\/\">HIER<\/a>.<\/em><\/p>\n<p><a class=\"dnh-embed-link\" href=\"https:\/\/dailynewshungary.com\/de\/haufigkeit-des-fluges-seoul-budapest-soll-erhoht-werden\/\"><\/a><\/p>\n<p><a class=\"dnh-embed-link\" href=\"https:\/\/dailynewshungary.com\/de\/haufigkeit-des-fluges-seoul-budapest-soll-erhoht-werden\/\"><\/p>\n<div class=\"dnh-embed\">\n<div class=\"dnh-embed-thumb\"><img loading=\"lazy\" decoding=\"async\" width=\"1024\" height=\"450\" src=\"https:\/\/contentf5.dailynewshungary.com\/wp-content\/uploads\/2022\/10\/Korean-Air-flight-Budapest-1024x450.webp\" class=\"attachment-embed_thumbnail size-embed_thumbnail wp-post-image\" alt=\"Korean Air Flug Budapest\"><\/div>\n<h5 class=\"dnh-embed-title\"><span>Lesen Sie auch<\/span>H\u00e4ufigkeit des Fluges Seoul-Budapest soll erh\u00f6ht werden<\/h5>\n<\/div>\n<p><\/a><\/p>\n<p><a class=\"dnh-embed-link\" href=\"https:\/\/dailynewshungary.com\/de\/haufigkeit-des-fluges-seoul-budapest-soll-erhoht-werden\/\"><\/a><\/p>\n","protected":false},"excerpt":{"rendered":"<p>Ungarn und S\u00fcdkorea h\u00e4tten sich darauf geeinigt, ein Abkommen zur Investitionsf\u00f6rderung und Handelsentwicklung zu unterzeichnen, sagte P\u00e9ter Szijj\u00e1rt\u00f3, der Minister f\u00fcr ausw\u00e4rtige Angelegenheiten und Handel, am Montag. Szijj\u00e1rt\u00f3 sagte auf Facebook, dass das Abkommen, das er mit dem s\u00fcdkoreanischen Handelsminister Ahn Duk-geun in Dunakeszi bei Budapest unterzeichnet habe, dazu beitragen w\u00fcrde, mehr Investitionen nach Ungarn [&hellip;]<\/p>\n","protected":false},"author":2,"featured_media":682903,"comment_status":"open","ping_status":"open","sticky":false,"template":"","format":"standard","meta":{"_acf_changed":false,"_display_image":"no","footnotes":""},"categories":[1281],"tags":[1094,1169,1343,1189,1102,1076],"class_list":["post-682902","post","type-post","status-publish","format-standard","has-post-thumbnail","hentry","category-geschaft","tag-asien","tag-aussenministerium-von-ungarn","tag-investitionen","tag-sudkorea","tag-ungarische-regierung","tag-ungarn"],"blocksy_meta":[],"acf":[],"author_username":"alk","telegram_post":"","public_post_metadata":{"breaking_news":"yes","important":"no","csempe":"no","center_tile":"no","disable_thumbnail":"no","target_lang":"","_featured_image_style":"hidden","telegram_post":"","_xlat_group_id":""},"public_rank_math_data":{"title":"%title% %sep% %sitename%","description":"Ungarn und S\u00fcdkorea haben vereinbart, ein Abkommen zur Investitionsf\u00f6rderung und Handelsentwicklung zu unterzeichnen...","focus_keyword":"S\u00fcdkorea","canonical_url":"","robots":"","primary_category":"1281","breadcrumb_title":"","facebook_title":"","facebook_description":"","facebook_image":"","facebook_image_id":"","twitter_title":"","twitter_description":"","twitter_image":"","twitter_image_id":"","twitter_card_type":"","twitter_use_facebook":"","advanced_robots":"","pillar_content":"","seo_score":"65","contentai_score":"","rich_snippet":""},"_links":{"self":[{"href":"https:\/\/dailynewshungary.com\/de\/wp-json\/wp\/v2\/posts\/682902","targetHints":{"allow":["GET"]}}],"collection":[{"href":"https:\/\/dailynewshungary.com\/de\/wp-json\/wp\/v2\/posts"}],"about":[{"href":"https:\/\/dailynewshungary.com\/de\/wp-json\/wp\/v2\/types\/post"}],"author":[{"embeddable":true,"href":"https:\/\/dailynewshungary.com\/de\/wp-json\/wp\/v2\/users\/2"}],"replies":[{"embeddable":true,"href":"https:\/\/dailynewshungary.com\/de\/wp-json\/wp\/v2\/comments?post=682902"}],"version-history":[{"count":0,"href":"https:\/\/dailynewshungary.com\/de\/wp-json\/wp\/v2\/posts\/682902\/revisions"}],"wp:featuredmedia":[{"embeddable":true,"href":"https:\/\/dailynewshungary.com\/de\/wp-json\/wp\/v2\/media\/682903"}],"wp:attachment":[{"href":"https:\/\/dailynewshungary.com\/de\/wp-json\/wp\/v2\/media?parent=682902"}],"wp:term":[{"taxonomy":"category","embeddable":true,"href":"https:\/\/dailynewshungary.com\/de\/wp-json\/wp\/v2\/categories?post=682902"},{"taxonomy":"post_tag","embeddable":true,"href":"https:\/\/dailynewshungary.com\/de\/wp-json\/wp\/v2\/tags?post=682902"}],"curies":[{"name":"wp","href":"https:\/\/api.w.org\/{rel}","templated":true}]}}