{"id":682914,"date":"2022-10-24T21:24:33","date_gmt":"2022-10-24T19:24:33","guid":{"rendered":"https:\/\/dailynewshungary.com\/de\/orban-nach-dem-krieg-mussen-die-rechte-der-ungarischen-minderheit-in-der-ukraine-garantiert-werden-interview\/"},"modified":"2022-10-24T21:24:33","modified_gmt":"2022-10-24T19:24:33","slug":"orban-nach-dem-krieg-mussen-die-rechte-der-ungarischen-minderheit-in-der-ukraine-garantiert-werden-interview","status":"publish","type":"post","link":"https:\/\/dailynewshungary.com\/de\/orban-nach-dem-krieg-mussen-die-rechte-der-ungarischen-minderheit-in-der-ukraine-garantiert-werden-interview\/","title":{"rendered":"Orb\u00e1n: Nach dem Krieg m\u00fcssen die Rechte der ungarischen Minderheit in der Ukraine garantiert werden \u2013 Interview"},"content":{"rendered":"<p><strong>Ungarns Regierung kommt den Forderungen der Europ\u00e4ischen Kommission nach, muss aber davon ausgehen, dass \u201cimmer mehr Anfragen kommen\u201d, sagte Ministerpr\u00e4sident Viktor Orb\u00e1n in einem von der deutschsprachigen ver\u00f6ffentlichten Interview <a href=\"https:\/\/www.budapester.hu\/politik-interview\/wir-ungarn-sind-ein-freiheitsliebendes-volk\/\" target=\"_blank\" rel=\"noopener\">Budapester Zeitung<\/a> Am Montag.<\/strong><\/p>\n<p>Orb\u00e1n warf den politischen Gegnern seiner Regierung vor, die EU-Institutionen zu bewaffnen \u201cSie bestrafen uns und erpressen uns eindeutig mit EU-Mitteln\u201d, sagte er \u201cF\u00fcr all das gibt es keine Rechtsgrundlage; es ist einfach Erpressung\u201d<\/p>\n<p>Die ungarische Regierung wolle kooperieren, anstatt zu argumentieren, sagte Orb\u00e1n und f\u00fcgte hinzu, dass die Regierung kein Problem mit der Umsetzung der 17 vereinbarten Abhilfema\u00dfnahmen habe.<\/p>\n<p>\u201cWir werden sie alle erf\u00fcllen, aber ich wette, dass es gleich danach eine 18. [Anfrage] und eine 19. und so weiter geben wird\u201d, sagte Orb\u00e1n und f\u00fcgte hinzu, dass \u201cIch gehe davon aus, dass danach immer mehr Anfragen kommen werden.\u201d<\/p>\n<p>Auch Polen sei jeder Aufforderung nachgekommen, doch dann \u201cwurden immer mehr Forderungen gestellt\u201d, sagte Orb\u00e1n \u201cEs geht offensichtlich darum, einen Regierungswechsel in Polen zu erzwingen\u201d, sagte er und f\u00fcgte hinzu, dass \u201cdies auch im Fall Ungarns das ultimative Ziel sein k\u00f6nnte\u201d<\/p>\n<p>Der Premierminister sagte, er glaube, dass Ungarn am Ende des Jahres Zugang zu den Geldern erhalten werde, auf die es Anspruch habe, und argumentierte, dass \u201ewir alle vorgeschlagenen technischen Anforderungen vollst\u00e4ndig erf\u00fcllen\u201c\u201d.<\/p>\n<p>\u201cIch gehe davon aus, dass wir die Abkommen mit der EU bis Ende des Jahres unterzeichnen k\u00f6nnen\u201d, sagte Orb\u00e1n \u201cAber ich kann nicht sagen, ob wir tats\u00e4chlich Geld erhalten werden&#8230; Dennoch kann Ungarn finanziell nicht in die Enge getrieben werden.\u201d<\/p>\n<p>Bez\u00fcglich der ungarisch-deutschen Beziehungen sagte Orb\u00e1n, die Programme der beiden Regierungen seien \u201eeine Welt auseinander\u201cund f\u00fcgte hinzu, dass die regierenden Sozialdemokraten (SPD) Deutschlands \u201edie antiungarischste Partei Europas\u201d seien.<\/p>\n<p>Unter solchen Umst\u00e4nden seien \u201cernsthafte Anstrengungen erforderlich, um die Unterschiede zwischen den beiden L\u00e4ndern in einer zunehmenden Zahl von Bereichen zu \u00fcberbr\u00fccken\u201d, sagte der Premierminister.<\/p>\n<p><a class=\"dnh-embed-link\" href=\"https:\/\/dailynewshungary.com\/de\/orban-setzt-sich-fur-steve-bannon-ein\/\"><\/a><\/p>\n<p><a class=\"dnh-embed-link\" href=\"https:\/\/dailynewshungary.com\/de\/orban-setzt-sich-fur-steve-bannon-ein\/\"><\/p>\n<div class=\"dnh-embed\">\n<div class=\"dnh-embed-thumb\"><img loading=\"lazy\" decoding=\"async\" width=\"1025\" height=\"450\" src=\"https:\/\/contentf5.dailynewshungary.com\/wp-content\/uploads\/2022\/10\/steve-bannon-1025x450.jpg\" class=\"attachment-embed_thumbnail size-embed_thumbnail wp-post-image\" alt=\"Steve Bannon\"><\/div>\n<h5 class=\"dnh-embed-title\"><span>Lesen Sie auch<\/span>Orb\u00e1n setzt sich f\u00fcr Steve Bannon ein<\/h5>\n<\/div>\n<p><\/a><\/p>\n<p><a class=\"dnh-embed-link\" href=\"https:\/\/dailynewshungary.com\/de\/orban-setzt-sich-fur-steve-bannon-ein\/\"><\/a><\/p>\n<p>Auf die deutschnationale Partei Alternative f\u00fcr Deutschland (AfD) angesprochen, sagte Orb\u00e1n \u201czwischenstaatliche Beziehungen sind wichtiger als alle Beziehungen zwischen Parteien\u201d und f\u00fcgte hinzu, dass seine Partei daher \u201cgezwungen sei, die Beziehungen zur AfD auf dem Altar der bestm\u00f6glichen zwischenstaatlichen Beziehungen zu opfern\u201d Er sagte, es sei \u201ceine Besonderheit der deutschen Demokratie, dass, wenn wir Schritte in Bezug auf die AfD unternehmen w\u00fcrden, dies die internationalen Beziehungen beeintr\u00e4chtigen w\u00fcrde\u201d.<\/p>\n<p>Der Ministerpr\u00e4sident erg\u00e4nzte, \u201caus ungarischer Sicht\u201d seien CDU und Bayerns CSU nun \u201clinke\u201d Parteien.<\/p>\n<p>In Bezug auf die ungarisch-deutschen Beziehungen sagte Orb\u00e1n, Deutschland sei \u201ceine multikulturelle Gesellschaft geworden\u201d und f\u00fcgte hinzu, dass die ungarische Gesellschaft \u201cdeutlich pluralistischer, freier und friedlicher sei als die deutsche Gesellschaft\u201d.<\/p>\n<p>Der Ministerpr\u00e4sident sagte, Deutschland sei von \u201cliberaler Hegemonie\u201d gepr\u00e4gt, und argumentierte, dass \u201cim \u00f6ffentlichen Diskurs nur noch ein einziges Narrativ Platz hat\u201d und \u201cjeder, der davon abweicht, in den Augen der \u00d6ffentlichkeit nicht mehr existiert\u201d In Ungarn hingegen habe \u201cder \u00f6ffentliche Diskurs eine pluralistische Struktur\u201d, f\u00fcgte er hinzu.<\/p>\n<p>Orb\u00e1n sagte, in Deutschland und Westeuropa im Allgemeinen werde mit zweierlei Ma\u00df gemessen, was die Ungarn nicht tolerierten. Gleichzeitig habe es keinen Sinn, die bestehenden \u201cpolitischen Spannungen\u201d mit Deutschland zu verst\u00e4rken, weil \u201cZusammenarbeit weitaus wichtiger sei\u201d<\/p>\n<p>Orb\u00e1n sagte auch, er habe in den n\u00e4chsten 10-20 Jahren gesehen, wie immer mehr Westeurop\u00e4er nach Ungarn zogen, weil Ungarn ein sicheres christliches Land sei, das stolz auf seine Traditionen sei. Er sagte, dass die L\u00e4nder im Laufe der europ\u00e4ischen Geschichte stark von der Einwanderung aus dem Westen profitiert h\u00e4tten, und f\u00fcgte hinzu, dass Ungarn Fl\u00fcchtlinge willkommen hei\u00dfe, \u201eaber nur, wenn sie aus dem Westen kommen\u201c.<\/p>\n<p>Auf die Frage nach dem Krieg in der Ukraine sagte Orb\u00e1n, Europa unterst\u00fctze die Ukraine auf eine Weise, die den Kontinent in \u201eeine Eskalationsspirale\u201czwinge, und f\u00fcgte hinzu, dass \u201ewenn wir diesen Prozess nicht stoppen, werden wir selbst im Krieg landen..\u201d.\u201d<\/p>\n<p>Orb\u00e1n sagte, die gegenw\u00e4rtigen Ma\u00dfnahmen der EU w\u00fcrden \u201cihre rationalen und geopolitischen Interessen v\u00f6llig negieren\u201d, und f\u00fcgte hinzu, dass die Entscheidungen \u00fcber die Sanktionen gegen Russland \u201crein auf moralischer und emotionaler Basis getroffen worden seien\u201d Er sagte, dass er bei seinem j\u00fcngsten Besuch in Berlin den \u201crationalen Kern der deutschen Energie &#8211; und Sanktionspolitik\u201d nicht gefunden habe.<\/p>\n<p>Auf die Frage, was Europa tun solle, sagte Orb\u00e1n, dass Kriege zwar auch durch \u201cschwache Staatsm\u00e4nner verursacht werden k\u00f6nnten, starke Staatsm\u00e4nner aber n\u00f6tig seien, um den Friedensprozess einzuleiten und die Kriege zu beenden\u201d Er f\u00fcgte hinzu, dass die deutsche Regierung hoffentlich irgendwann der Rolle gerecht werden werde, die sie ihrem Gewicht in Europa angemessen spielen soll Eine weitere Hoffnung, sagte er, sei, dass der ehemalige US-Pr\u00e4sident Donald Trump und der ehemalige israelische Premierminister Benjamin Netanjahu an die Macht zur\u00fcckkehren w\u00fcrden.<\/p>\n<p>Orb\u00e1n sagte, der Krieg werde nicht mit ukrainisch-russischen Gespr\u00e4chen enden und argumentierte, dass Gespr\u00e4che zwischen den Vereinigten Staaten und Russland erforderlich seien. Solange der Frieden jedoch im klaren Interesse keiner der Parteien liege, werde der Krieg weitergehen, f\u00fcgte er hinzu.<\/p>\n<p>Orb\u00e1n sagte unterdessen, es sei eine bewusste Entscheidung seiner Regierung, die \u201cAngriffe\u201d gegen die ethnische ungarische Minderheit in der Ukraine nicht zur Sprache zu bringen, f\u00fcgte jedoch hinzu, dass dies \u201cnicht bedeute, dass wir unter Amnesie leiden\u201d Nach dem Krieg werde ein umfassendes Abkommen \u00fcber die ungarisch-ukrainische Zusammenarbeit ben\u00f6tigt, das auch die Rechte der ungarischen Minderheit garantiere, sagte er.<\/p>\n<p>Zur k\u00fcnftigen Rolle der EU auf der internationalen B\u00fchne sagte Orb\u00e1n \u201cwir brauchen mehr EU\u201d, wenn es um Sicherheits &#8211; und Verteidigungspolitik geht, und bestand darauf, dass der Block im Interesse seiner eigenen Souver\u00e4nit\u00e4t milit\u00e4risch mehr tun m\u00fcsseDie Mitgliedstaaten sollten auch mehr f\u00fcr R\u00fcstung und Verteidigung ausgeben, sagte er und f\u00fcgte hinzu, dass die EU auf diese Weise \u201cden geopolitischen Raum f\u00fcllen k\u00f6nnte, der nach einem US-Abzug frei w\u00fcrde\u201d.<\/p>\n<p><a class=\"dnh-embed-link\" href=\"https:\/\/dailynewshungary.com\/de\/die-rechtsextreme-italienische-premierministerin-giorgia-meloni-versichert-orban-der-zusammenarbeit\/\"><\/a><\/p>\n<p><a class=\"dnh-embed-link\" href=\"https:\/\/dailynewshungary.com\/de\/die-rechtsextreme-italienische-premierministerin-giorgia-meloni-versichert-orban-der-zusammenarbeit\/\"><\/p>\n<div class=\"dnh-embed\">\n<div class=\"dnh-embed-thumb\"><img loading=\"lazy\" decoding=\"async\" width=\"800\" height=\"450\" src=\"https:\/\/contentf5.dailynewshungary.com\/wp-content\/uploads\/2022\/10\/Orban-and-Giorgia-Meloni-Italy-Hungary.webp\" class=\"attachment-embed_thumbnail size-embed_thumbnail wp-post-image\" alt=\"Orb\u00e1n und Giorgia Meloni Italien Ungarn\" srcset=\"https:\/\/contentf5.dailynewshungary.com\/wp-content\/uploads\/2022\/10\/Orban-and-Giorgia-Meloni-Italy-Hungary.webp 800w, https:\/\/contentf5.dailynewshungary.com\/wp-content\/uploads\/2022\/10\/Orban-and-Giorgia-Meloni-Italy-Hungary-768x432.webp 768w, https:\/\/contentf5.dailynewshungary.com\/wp-content\/uploads\/2022\/10\/Orban-and-Giorgia-Meloni-Italy-Hungary-248x140.webp 248w, https:\/\/contentf5.dailynewshungary.com\/wp-content\/uploads\/2022\/10\/Orban-and-Giorgia-Meloni-Italy-Hungary-260x146.webp 260w, https:\/\/contentf5.dailynewshungary.com\/wp-content\/uploads\/2022\/10\/Orban-and-Giorgia-Meloni-Italy-Hungary-50x28.webp 50w, https:\/\/contentf5.dailynewshungary.com\/wp-content\/uploads\/2022\/10\/Orban-and-Giorgia-Meloni-Italy-Hungary-133x75.webp 133w\" sizes=\"auto, (max-width: 800px) 100vw, 800px\"><\/div>\n<h5 class=\"dnh-embed-title\"><span>Lesen Sie auch<\/span>Die rechtsextreme italienische Premierministerin Giorgia Meloni versichert Orb\u00e1n der Zusammenarbeit<\/h5>\n<\/div>\n<p><\/a><\/p>\n<p><a class=\"dnh-embed-link\" href=\"https:\/\/dailynewshungary.com\/de\/die-rechtsextreme-italienische-premierministerin-giorgia-meloni-versichert-orban-der-zusammenarbeit\/\"><\/a><\/p>\n","protected":false},"excerpt":{"rendered":"<p>Ungarns Regierung kommt den Forderungen der Europ\u00e4ischen Kommission nach, muss aber davon ausgehen, dass \u201cimmer mehr Anfragen kommen\u201d, sagte Ministerpr\u00e4sident Viktor Orb\u00e1n in einem von der deutschsprachigen ver\u00f6ffentlichten Interview Budapester Zeitung Am Montag. Orb\u00e1n warf den politischen Gegnern seiner Regierung vor, die EU-Institutionen zu bewaffnen \u201cSie bestrafen uns und erpressen uns eindeutig mit EU-Mitteln\u201d, sagte [&hellip;]<\/p>\n","protected":false},"author":2,"featured_media":682915,"comment_status":"open","ping_status":"open","sticky":false,"template":"","format":"standard","meta":{"_acf_changed":false,"_display_image":"yes","footnotes":""},"categories":[1081],"tags":[1177,1082,1102,1076,1333],"class_list":["post-682914","post","type-post","status-publish","format-standard","has-post-thumbnail","hentry","category-politik","tag-deutschland","tag-europaische-union","tag-ungarische-regierung","tag-ungarn","tag-viktor-oder-ban"],"blocksy_meta":[],"acf":[],"author_username":"alk","telegram_post":"","public_post_metadata":{"breaking_news":"yes","important":"no","csempe":"no","center_tile":"no","disable_thumbnail":"no","target_lang":"","_featured_image_style":"hidden","telegram_post":"","_xlat_group_id":""},"public_rank_math_data":{"title":"%title% %sep% %sitename%","description":"","focus_keyword":"","canonical_url":"","robots":"","primary_category":"1081","breadcrumb_title":"","facebook_title":"","facebook_description":"","facebook_image":"","facebook_image_id":"","twitter_title":"","twitter_description":"","twitter_image":"","twitter_image_id":"","twitter_card_type":"","twitter_use_facebook":"","advanced_robots":"","pillar_content":"","seo_score":"63","contentai_score":"","rich_snippet":""},"_links":{"self":[{"href":"https:\/\/dailynewshungary.com\/de\/wp-json\/wp\/v2\/posts\/682914","targetHints":{"allow":["GET"]}}],"collection":[{"href":"https:\/\/dailynewshungary.com\/de\/wp-json\/wp\/v2\/posts"}],"about":[{"href":"https:\/\/dailynewshungary.com\/de\/wp-json\/wp\/v2\/types\/post"}],"author":[{"embeddable":true,"href":"https:\/\/dailynewshungary.com\/de\/wp-json\/wp\/v2\/users\/2"}],"replies":[{"embeddable":true,"href":"https:\/\/dailynewshungary.com\/de\/wp-json\/wp\/v2\/comments?post=682914"}],"version-history":[{"count":0,"href":"https:\/\/dailynewshungary.com\/de\/wp-json\/wp\/v2\/posts\/682914\/revisions"}],"wp:featuredmedia":[{"embeddable":true,"href":"https:\/\/dailynewshungary.com\/de\/wp-json\/wp\/v2\/media\/682915"}],"wp:attachment":[{"href":"https:\/\/dailynewshungary.com\/de\/wp-json\/wp\/v2\/media?parent=682914"}],"wp:term":[{"taxonomy":"category","embeddable":true,"href":"https:\/\/dailynewshungary.com\/de\/wp-json\/wp\/v2\/categories?post=682914"},{"taxonomy":"post_tag","embeddable":true,"href":"https:\/\/dailynewshungary.com\/de\/wp-json\/wp\/v2\/tags?post=682914"}],"curies":[{"name":"wp","href":"https:\/\/api.w.org\/{rel}","templated":true}]}}