{"id":682937,"date":"2022-10-24T11:44:57","date_gmt":"2022-10-24T09:44:57","guid":{"rendered":"https:\/\/dailynewshungary.com\/de\/ungarischer-minister-erinnert-auf-us-amerikanischen-6-video-fotos-an-den-aufstand-von-1956\/"},"modified":"2022-10-24T11:44:57","modified_gmt":"2022-10-24T09:44:57","slug":"ungarischer-minister-erinnert-auf-us-amerikanischen-6-video-fotos-an-den-aufstand-von-1956","status":"publish","type":"post","link":"https:\/\/dailynewshungary.com\/de\/ungarischer-minister-erinnert-auf-us-amerikanischen-6-video-fotos-an-den-aufstand-von-1956\/","title":{"rendered":"Ungarischer Minister erinnert auf US-amerikanischen 6-Video-Fotos an den Aufstand von 1956"},"content":{"rendered":"<p><strong>Die \u00fcberall auf der Welt lebenden Ungarn verbindet der Mut und Patriotismus der Helden von 1956 und am 23. Oktober \u201cfeiern wir diese Zugeh\u00f6rigkeit auch gemeinsam\u201d, sagte der Justizminister am Sonntag anl\u00e4sslich des 66. Jahrestages der Revolution von 1956 und des Freiheitskampfes.<\/strong><\/p>\n<p>Judit Varga erz\u00e4hlte bei einer Gedenkveranstaltung ethnischer Ungarn in der r\u00f6misch-katholischen Magyar-Kirche Saint Stephen in Passaic, New Jersey, am Sonntag Ortszeit, dass starke Gemeinschaften auch in \u201cden St\u00fcrmen unserer Zeit\u201d starke Unterst\u00fctzer der Nation bleiben Sie sagte, die r\u00f6misch-katholische Magyarengemeinde Saint Stephen in Passaic habe nach der Revolution von 1956 mehrere hundert Ungarn aufgenommen.<\/p>\n<p style=\"text-align: center;\"><iframe loading=\"lazy\" style=\"border: none; overflow: hidden;\" src=\"https:\/\/www.facebook.com\/plugins\/post.php?href=https%3A%2F%2Fwww.facebook.com%2FVargaJuditMinisterofJustice%2Fposts%2Fpfbid02NnpFtEH82vCY9KMtDVDmVH7EzySz5F4agZaxoRqFqaotLiioCbogG8AQfDuzCEo8l&amp;show_text=true&amp;width=500\" width=\"500\" height=\"665\" frameborder=\"0\" scrolling=\"no\" allowfullscreen=\"allowfullscreen\"><\/iframe><\/p>\n<p style=\"text-align: center;\"><iframe loading=\"lazy\" style=\"border: none; overflow: hidden;\" src=\"https:\/\/www.facebook.com\/plugins\/post.php?href=https%3A%2F%2Fwww.facebook.com%2FVargaJuditMinisterofJustice%2Fposts%2Fpfbid0aPDviWimH1VoqSRcqbYaYCZF9t8eAiBEUHnq4FmfJrsT1mSNCqsTi2QDC7Et1cwVl&amp;show_text=true&amp;width=500\" width=\"500\" height=\"735\" frameborder=\"0\" scrolling=\"no\" allowfullscreen=\"allowfullscreen\"><\/iframe><\/p>\n<p>Varga, ungarischer Botschafter in Washington Szabolcs Tak\u00e1cs und Generalkonsul in New York Istv\u00e1n P\u00e1sztor legte 1956 einen Kranz am Denkmal der Freiheitsk\u00e4mpfer in Passaic nieder.<\/p>\n<p style=\"text-align: center;\">&nbsp;<iframe loading=\"lazy\" style=\"border: none; overflow: hidden;\" src=\"https:\/\/www.facebook.com\/plugins\/post.php?href=https%3A%2F%2Fwww.facebook.com%2FVargaJuditMinisterofJustice%2Fposts%2Fpfbid0jiaTquJVN3v8WKiE3xFJxa6zkGMtF9PVcPJ9sh2zqjMzHBeJiAjKUJnT2HkG5Xhsl&amp;show_text=true&amp;width=500\" width=\"500\" height=\"645\" frameborder=\"0\" scrolling=\"no\" allowfullscreen=\"allowfullscreen\"><\/iframe><\/p>\n<p>Sie sprach auch vor dem Feiertag auf einer Veranstaltung im Generalkonsulat in New York, bei der es ihrer Meinung nach darum gehen m\u00fcsse, den Geist von 1956 im Alltag zu bewahren.<\/p>\n<p style=\"text-align: center;\"><iframe loading=\"lazy\" style=\"border: none; overflow: hidden;\" src=\"https:\/\/www.facebook.com\/plugins\/post.php?href=https%3A%2F%2Fwww.facebook.com%2FVargaJuditMinisterofJustice%2Fposts%2Fpfbid0tfYWvyoWyeZasgaxkeJukNiK7BDFn1XRZTuWCLgKiw2zCifQQyjCsHkB61gkmUSZl&amp;show_text=true&amp;width=500\" width=\"500\" height=\"773\" frameborder=\"0\" scrolling=\"no\" allowfullscreen=\"allowfullscreen\"><\/iframe><\/p>\n<p>Die gr\u00f6\u00dfte Gruppe ungarischer Fl\u00fcchtlinge, darunter mehr als 35.000 Menschen, lie\u00df sich nach dem in den USA nieder <a href=\"https:\/\/dailynewshungary.com\/de\/der-grose-britische-zuguberfall-wie-eine-15-kopfige-bande-1963-26-millionen-pfund-stahl\/\">Revolution von 1956<\/a>.<\/p>\n<p><a class=\"dnh-embed-link\" href=\"https:\/\/dailynewshungary.com\/de\/fotos-marsch-zu-ehren-der-helden-der-revolution-von-1956\/\"><\/a><\/p>\n<p><a class=\"dnh-embed-link\" href=\"https:\/\/dailynewshungary.com\/de\/fotos-marsch-zu-ehren-der-helden-der-revolution-von-1956\/\"><\/p>\n<div class=\"dnh-embed\">\n<div class=\"dnh-embed-thumb\"><img loading=\"lazy\" decoding=\"async\" width=\"1025\" height=\"450\" src=\"https:\/\/contentf5.dailynewshungary.com\/wp-content\/uploads\/2022\/10\/rsz_gloria_victis_1956-1025x450.jpg\" class=\"attachment-embed_thumbnail size-embed_thumbnail wp-post-image\" alt=\"gloria victis 1956, 23. Oktober\"><\/div>\n<h5 class=\"dnh-embed-title\"><span>Lesen Sie auch<\/span>FOTOS: Marsch zu Ehren der Helden der Revolution von 1956<\/h5>\n<\/div>\n<p><\/a><\/p>\n<p><a class=\"dnh-embed-link\" href=\"https:\/\/dailynewshungary.com\/de\/fotos-marsch-zu-ehren-der-helden-der-revolution-von-1956\/\"><\/a><\/p>\n","protected":false},"excerpt":{"rendered":"<p>Die \u00fcberall auf der Welt lebenden Ungarn verbindet der Mut und Patriotismus der Helden von 1956 und am 23. Oktober \u201cfeiern wir diese Zugeh\u00f6rigkeit auch gemeinsam\u201d, sagte der Justizminister am Sonntag anl\u00e4sslich des 66. Jahrestages der Revolution von 1956 und des Freiheitskampfes. Judit Varga erz\u00e4hlte bei einer Gedenkveranstaltung ethnischer Ungarn in der r\u00f6misch-katholischen Magyar-Kirche Saint [&hellip;]<\/p>\n","protected":false},"author":2,"featured_media":682938,"comment_status":"open","ping_status":"open","sticky":false,"template":"","format":"standard","meta":{"_acf_changed":false,"_display_image":"yes","footnotes":""},"categories":[1151],"tags":[1942,1144,1076,1130,1157],"class_list":["post-682937","post","type-post","status-publish","format-standard","has-post-thumbnail","hentry","category-kulturen","tag-die-ungarische-revolution-von-1956","tag-gedenken","tag-ungarn","tag-ungarn-im-ausland","tag-vereinigte-staaten"],"blocksy_meta":[],"acf":[],"author_username":"alk","telegram_post":"","public_post_metadata":{"breaking_news":"yes","important":"no","csempe":"no","center_tile":"no","disable_thumbnail":"no","target_lang":"","_featured_image_style":"hidden","telegram_post":"","_xlat_group_id":""},"public_rank_math_data":{"title":"%title% %sep% %sitename%","description":"Gedenkveranstaltung ethnischer Ungarn in der r\u00f6misch-katholischen Magyar-Kirche Saint Stephen in Passaic, New Jersey, am Sonntag Ortszeit","focus_keyword":"Gedenket","canonical_url":"","robots":"","primary_category":"1151","breadcrumb_title":"","facebook_title":"","facebook_description":"","facebook_image":"","facebook_image_id":"","twitter_title":"","twitter_description":"","twitter_image":"","twitter_image_id":"","twitter_card_type":"","twitter_use_facebook":"","advanced_robots":"","pillar_content":"","seo_score":"54","contentai_score":"","rich_snippet":""},"_links":{"self":[{"href":"https:\/\/dailynewshungary.com\/de\/wp-json\/wp\/v2\/posts\/682937","targetHints":{"allow":["GET"]}}],"collection":[{"href":"https:\/\/dailynewshungary.com\/de\/wp-json\/wp\/v2\/posts"}],"about":[{"href":"https:\/\/dailynewshungary.com\/de\/wp-json\/wp\/v2\/types\/post"}],"author":[{"embeddable":true,"href":"https:\/\/dailynewshungary.com\/de\/wp-json\/wp\/v2\/users\/2"}],"replies":[{"embeddable":true,"href":"https:\/\/dailynewshungary.com\/de\/wp-json\/wp\/v2\/comments?post=682937"}],"version-history":[{"count":0,"href":"https:\/\/dailynewshungary.com\/de\/wp-json\/wp\/v2\/posts\/682937\/revisions"}],"wp:featuredmedia":[{"embeddable":true,"href":"https:\/\/dailynewshungary.com\/de\/wp-json\/wp\/v2\/media\/682938"}],"wp:attachment":[{"href":"https:\/\/dailynewshungary.com\/de\/wp-json\/wp\/v2\/media?parent=682937"}],"wp:term":[{"taxonomy":"category","embeddable":true,"href":"https:\/\/dailynewshungary.com\/de\/wp-json\/wp\/v2\/categories?post=682937"},{"taxonomy":"post_tag","embeddable":true,"href":"https:\/\/dailynewshungary.com\/de\/wp-json\/wp\/v2\/tags?post=682937"}],"curies":[{"name":"wp","href":"https:\/\/api.w.org\/{rel}","templated":true}]}}