{"id":682947,"date":"2022-10-24T07:34:00","date_gmt":"2022-10-24T05:34:00","guid":{"rendered":"https:\/\/dailynewshungary.com\/de\/ungarische-oppositionsparteien-gedenken-des-aufstands-von-1956\/"},"modified":"2022-10-24T07:34:00","modified_gmt":"2022-10-24T05:34:00","slug":"ungarische-oppositionsparteien-gedenken-des-aufstands-von-1956","status":"publish","type":"post","link":"https:\/\/dailynewshungary.com\/de\/ungarische-oppositionsparteien-gedenken-des-aufstands-von-1956\/","title":{"rendered":"Ungarische Oppositionsparteien gedenken des Aufstands von 1956"},"content":{"rendered":"<p><strong>Oppositionsf\u00fchrer sprachen am Sonntag anl\u00e4sslich des 66. Jahrestages des Ausbruchs der Revolution und des Freiheitskampfes von 1956 bei Versammlungen in Budapest.<\/strong><\/p>\n<p>\u201cAlle geh\u00f6ren zur Nation\u201d \u201e(\u00c1gnes Kunhalmi, Co-Vorsitzender der oppositionellen Sozialistischen Partei, sagte an der Statue von Imre Nagy.\u201c\u201eDie Stra\u00dfenk\u00e4mpfer des Aufstands von 1956, die den M\u00e4rtyrertod erlitten haben, Premierminister Imre Nagy, sowie diejenigen, die jetzt f\u00fcr eine bessere Bildung k\u00e4mpfen, waren der Schl\u00fcssel zur Zukunft der Nation\u201d, sagte sie.<\/p>\n<p>Kunhalmi bestand darauf, dass Fidesz in den letzten Jahren versucht habe, die Rolle von Imre Nagy in den Ereignissen zu leugnen, wobei er sich ausschlie\u00dflich auf die jungen Stra\u00dfenk\u00e4mpferhelden des Aufstands konzentrierte. \u201eAber der M\u00e4rtyrer-Premierminister spielte 1956 \u201eeine ebenso wichtige Rolle wie diejenigen, die auf der Stra\u00dfe gegen ein autorit\u00e4res Regime k\u00e4mpften\u201cund wurde Opfer davon, f\u00fcgte sie hinzu.<\/p>\n<p>Kunhalmi sagte, die jungen Menschen, die heute f\u00fcr eine bessere Bildung, ein besseres Land und eine gemeinsame nationale Sache demonstrieren, seien \u201eauch Opfer dieses autorit\u00e4ren Regimes\u201d, das Fidesz, so betonte sie, in den letzten 12 Jahren aufgebaut habe.<\/p>\n<figure id=\"attachment_526192\" aria-describedby=\"caption-attachment-526192\" style=\"width: 1280px\" class=\"wp-caption aligncenter\"><img loading=\"lazy\" decoding=\"async\" class=\"size-full wp-image-526192\" src=\"https:\/\/contentf5.dailynewshungary.com\/wp-content\/uploads\/2022\/10\/opposition-1956-2.jpg\" alt=\"Gedenkfeier der Opposition 1956\" width=\"1280\" height=\"853\" srcset=\"https:\/\/contentf5.dailynewshungary.com\/wp-content\/uploads\/2022\/10\/opposition-1956-2.jpg 1280w, https:\/\/contentf5.dailynewshungary.com\/wp-content\/uploads\/2022\/10\/opposition-1956-2-768x512.jpg 768w, https:\/\/contentf5.dailynewshungary.com\/wp-content\/uploads\/2022\/10\/opposition-1956-2-248x165.jpg 248w, https:\/\/contentf5.dailynewshungary.com\/wp-content\/uploads\/2022\/10\/opposition-1956-2-1030x686.jpg 1030w, https:\/\/contentf5.dailynewshungary.com\/wp-content\/uploads\/2022\/10\/opposition-1956-2-219x146.jpg 219w, https:\/\/contentf5.dailynewshungary.com\/wp-content\/uploads\/2022\/10\/opposition-1956-2-50x33.jpg 50w, https:\/\/contentf5.dailynewshungary.com\/wp-content\/uploads\/2022\/10\/opposition-1956-2-113x75.jpg 113w\" sizes=\"auto, (max-width: 1280px) 100vw, 1280px\"><figcaption id=\"caption-attachment-526192\" class=\"wp-caption-text\">Budapest, 23. Oktober 2022.<br \/>\u00c1gnes Kunhalmi und Imre Komj\u00e1thi, Co-Vorsitzende der MSZP, kr\u00e4nzen die Statue der Partei von Imre Nagy anl\u00e4sslich des 66. Jahrestages der Revolution und des Unabh\u00e4ngigkeitskrieges von 1956 in Budapest am 23. Oktober 2022.<br \/>MTI\/M\u00e1rton M\u00f3nus<\/figcaption><\/figure>\n<p>Der sozialistische Co-Vorsitzende Imre Komj\u00e1thi sagte, dass das ungarische Volk im Oktober 1956 die Diktatur abgelehnt und die Demokratie angenommen habe \u201cUnsere Aufgabe heute ist es, Ungarn wieder auf den Weg der Demokratie zu f\u00fchren\u201d, sagte er.<\/p>\n<p>Bence Tordai, Co-Vorsitzender der oppositionellen Partei Paarrbesz\u00e9d, sagte, die Hoffnungen und Ziele von 1956 h\u00e4tten sich erf\u00fcllt, als Ungarn drei\u00dfig Jahre sp\u00e4ter ein freies und souver\u00e4nes Land wurde.<\/p>\n<ul>\n<li>Lesen Sie auch: <a href=\"https:\/\/dailynewshungary.com\/de\/23-oktober-die-ungarn-haben-die-freiheit-nie-aufgegeben\/\">23. Oktober: Die Ungarn haben die Freiheit nie aufgegeben<\/a><\/li>\n<\/ul>\n<p>Tordai sprach bei der Gedenkfeier seiner Partei zum Aufstand von 1956 am Denkmal von P\u00e9ter Mansfeld, dem j\u00fcngsten Opfer der Repressalien, im 1. Bezirk von Budapest. \u201eAls Helden des Jahres 1956 waren die jungen Stra\u00dfenk\u00e4mpfer, sagte Tordai, \u201ewir hoffen wieder auf die jungen Menschen, die drau\u00dfen sind.\u201cauf der Stra\u00dfe\u201d, wo sie \u201esich einem autorit\u00e4ren Regime stellen und ihr Leben, ihre Zukunft sowie das Leben und Schicksal ihrer Lehrer sch\u00fctzen m\u00fcssen.\u201d<\/p>\n<p>Tordai erinnerte sich an P\u00e9ter Mansfeld und die anderen jungen Helden des Jahres 1956 und sagte, niemand solle die Hoffnung aufgeben, und wenn sie die Hoffnung verloren h\u00e4tten, sollten sie an diejenigen denken, die nie aufgegeben h\u00e4tten, da die sp\u00e4tere Geschichte die G\u00fcltigkeit ihrer Ideen und Bestrebungen best\u00e4tigte.<\/p>\n<p>P\u00e9ter Ung\u00e1r, Co-Vorsitzender der LMP-Partei, sprach beim Gedenken seiner Partei in Budapest \u00fcber das gemeinsame Schicksal der V\u00f6lker der Region. Ung\u00e1r sagte, die Botschaft von 1956 sei, dass die Menschen in der Region \u201ef\u00fcreinander eintreten m\u00fcssen, wenn sie f\u00fcr sich selbst eintreten sollen\u201c\u201d.<\/p>\n<p>\u201cAls wir von 1956 sprachen, hei\u00dft es oft, dass alles, was wir vom Westen erhielten, nette Worte, aber keine Hilfe waren, und wir blieben auf uns allein gestellt,\u201d sagte erWieder andere mitteleurop\u00e4ische V\u00f6lker traten f\u00fcr Ungarn ein, f\u00fcgte er hinzu, selbst bei einem gro\u00dfen Opfer.<\/p>\n<ul>\n<li>Lesen Sie auch: <a href=\"https:\/\/dailynewshungary.com\/de\/fotos-zeremonielles-hissen-der-flagge-auf-dem-kossuth-platz-budapest\/\">FOTOS: Zeremonielles Hissen der Flagge auf dem Kossuth-Platz, Budapest<\/a><\/li>\n<\/ul>\n<p>Das Besondere an den Ereignissen von 1956 sei, dass sie gleichzeitig eine Revolution gegen die kommunistische Diktatur und ein Freiheitskampf zur Wiedererlangung der Souver\u00e4nit\u00e4t Ungarns von der sowjetischen Besatzungsarmee seien, sagte Ung\u00e1r.<\/p>\n<p>Im Zusammenhang mit dem Krieg in der Ukraine sagte Ung\u00e1r, Ungarn k\u00f6nne keine L\u00f6sung des Konflikts akzeptieren, die dazu f\u00fchren w\u00fcrde, dass die Ukraine zum Marionettenstaat werde, da Ungarn dann gef\u00e4hrlich nahe am Russischen Reich st\u00fcnde.<\/p>\n<p>Ferenc Gelencs\u00e9r, Vorsitzender der oppositionellen Momentum-Bewegung, sagte, der erste Schritt des Freiheitskampfes bestehe darin, zu sagen, dass \u201ewir keine L\u00fcge mehr leben wollen\u201cAnl\u00e4sslich des Gedenkens an seine Partei sagte Gelencs\u00e9r, dass sich am 23. Oktober Menschen mit unterschiedlichem Hintergrund zusammengefunden h\u00e4tten, um die L\u00fcgen des Kommunismus zur\u00fcckzuweisen, und dies habe die Diktatur bis ins Mark ersch\u00fcttert.<\/p>\n<ul>\n<li>Lesen Sie auch: <a href=\"https:\/\/dailynewshungary.com\/de\/experte-putins-russland-erpresst-pm-orban\/\">Experte: Putins Russland erpresst PM Orb\u00e1n<\/a><\/li>\n<\/ul>\n<p>Gelencs\u00e9r sagte, die Diktatur der damaligen Zeit habe den Revolution\u00e4ren vorgeworfen, ausl\u00e4ndische Agenten zu sein, obwohl sie nur f\u00fcr Werte k\u00e4mpften, die \u201eleider auch heute noch fehlen: freie Bildung, freie Universit\u00e4t, freie Presse, freie Wahlen\u201c\u201d.<\/p>\n<p>Ferenc Gyurcs\u00e1ny, Chef der oppositionellen Demokratischen Koalition (DK), warf der Regierung vor, des Erbes von 1956 unw\u00fcrdig zu sein.<\/p>\n<p>Beim Gedenken an seine Partei sagte er, eine Regierung, die das Recht des ukrainischen Volkes auf Selbstbestimmung und Freiheit nicht anerkenne, sei des Erbes von 1956 unw\u00fcrdig. \u201eHeute k\u00e4mpft die ungarische Regierung f\u00fcr Souver\u00e4nit\u00e4t, wo es tats\u00e4chlich Souver\u00e4nit\u00e4t gibt, und spricht f\u00e4lschlicherweise.\u201c\u00fcber Freiheit, wo es Autokratie gibt, sagte Gyurcs\u00e1ny.<\/p>\n","protected":false},"excerpt":{"rendered":"<p>Oppositionsf\u00fchrer sprachen am Sonntag anl\u00e4sslich des 66. Jahrestages des Ausbruchs der Revolution und des Freiheitskampfes von 1956 bei Versammlungen in Budapest. \u201cAlle geh\u00f6ren zur Nation\u201d \u201e(\u00c1gnes Kunhalmi, Co-Vorsitzender der oppositionellen Sozialistischen Partei, sagte an der Statue von Imre Nagy.\u201c\u201eDie Stra\u00dfenk\u00e4mpfer des Aufstands von 1956, die den M\u00e4rtyrertod erlitten haben, Premierminister Imre Nagy, sowie diejenigen, die [&hellip;]<\/p>\n","protected":false},"author":33,"featured_media":682948,"comment_status":"open","ping_status":"open","sticky":false,"template":"","format":"standard","meta":{"_acf_changed":false,"_display_image":"","footnotes":""},"categories":[1081],"tags":[1942,1125,1126,1076],"class_list":["post-682947","post","type-post","status-publish","format-standard","has-post-thumbnail","hentry","category-politik","tag-die-ungarische-revolution-von-1956","tag-geschichte","tag-ungarische-geschichte","tag-ungarn"],"blocksy_meta":[],"acf":[],"author_username":"ugyelet","telegram_post":"","public_post_metadata":{"breaking_news":"yes","important":"no","csempe":"no","center_tile":"no","disable_thumbnail":"no","target_lang":"","_featured_image_style":"","telegram_post":"","_xlat_group_id":""},"public_rank_math_data":{"title":"%title% %sep% %sitename%","description":"","focus_keyword":"1956","canonical_url":"","robots":"","primary_category":"1081","breadcrumb_title":"","facebook_title":"","facebook_description":"","facebook_image":"","facebook_image_id":"","twitter_title":"","twitter_description":"","twitter_image":"","twitter_image_id":"","twitter_card_type":"","twitter_use_facebook":"","advanced_robots":"","pillar_content":"","seo_score":"68","contentai_score":"","rich_snippet":""},"_links":{"self":[{"href":"https:\/\/dailynewshungary.com\/de\/wp-json\/wp\/v2\/posts\/682947","targetHints":{"allow":["GET"]}}],"collection":[{"href":"https:\/\/dailynewshungary.com\/de\/wp-json\/wp\/v2\/posts"}],"about":[{"href":"https:\/\/dailynewshungary.com\/de\/wp-json\/wp\/v2\/types\/post"}],"author":[{"embeddable":true,"href":"https:\/\/dailynewshungary.com\/de\/wp-json\/wp\/v2\/users\/33"}],"replies":[{"embeddable":true,"href":"https:\/\/dailynewshungary.com\/de\/wp-json\/wp\/v2\/comments?post=682947"}],"version-history":[{"count":0,"href":"https:\/\/dailynewshungary.com\/de\/wp-json\/wp\/v2\/posts\/682947\/revisions"}],"wp:featuredmedia":[{"embeddable":true,"href":"https:\/\/dailynewshungary.com\/de\/wp-json\/wp\/v2\/media\/682948"}],"wp:attachment":[{"href":"https:\/\/dailynewshungary.com\/de\/wp-json\/wp\/v2\/media?parent=682947"}],"wp:term":[{"taxonomy":"category","embeddable":true,"href":"https:\/\/dailynewshungary.com\/de\/wp-json\/wp\/v2\/categories?post=682947"},{"taxonomy":"post_tag","embeddable":true,"href":"https:\/\/dailynewshungary.com\/de\/wp-json\/wp\/v2\/tags?post=682947"}],"curies":[{"name":"wp","href":"https:\/\/api.w.org\/{rel}","templated":true}]}}