{"id":682996,"date":"2022-10-22T16:34:00","date_gmt":"2022-10-22T14:34:00","guid":{"rendered":"https:\/\/dailynewshungary.com\/de\/stellvertretender-redner-bei-offiziellem-besuch-in-kasachstan\/"},"modified":"2022-10-22T16:34:00","modified_gmt":"2022-10-22T14:34:00","slug":"stellvertretender-redner-bei-offiziellem-besuch-in-kasachstan","status":"publish","type":"post","link":"https:\/\/dailynewshungary.com\/de\/stellvertretender-redner-bei-offiziellem-besuch-in-kasachstan\/","title":{"rendered":"Stellvertretender Redner bei offiziellem Besuch in Kasachstan"},"content":{"rendered":"<p><strong>Saandor Lezs\u00e1k, der stellvertretende Parlamentspr\u00e4sident, f\u00fchrte Gespr\u00e4che mit Jerlan Koshanov, dem Sprecher des kasachischen Parlaments, in Astana, teilte die Pressestelle des Parlaments am Freitag mit.<\/strong><\/p>\n<p>Die beiden Beamten feierten den 30. Jahrestag der diplomatischen Beziehungen beider L\u00e4nder und diskutierten bilaterale Beziehungen, die auf der Ebene einer strategischen Partnerschaft liegen, hei\u00dft es in der Erkl\u00e4rung.<\/p>\n<p>Sie begr\u00fc\u00dften die starken parlamentarischen Beziehungen zwischen Ungarn und Kasachstan und stellten fest, dass der Sprecher des kasachischen Repr\u00e4sentantenhauses Budapest im ersten Halbjahr 2023 einen offiziellen Besuch abstatten wird.<\/p>\n<p>Unterdessen f\u00fchrte Lezs\u00e1k auch Gespr\u00e4che mit Darkhan Kydyrali, Kasachstans Minister f\u00fcr Information und soziale Entwicklung, Sayasat Nurbek, dem Minister f\u00fcr Wissenschaft und Hochschulbildung, und Leitern der Nasarbajew-Universit\u00e4t in Astana. Lezsaks Gespr\u00e4che mit den Universit\u00e4tsleitern ber\u00fchrten die Stipendien des Stipendienprogramms Hungaricum, die Ungarn kasachischen Studenten und der Zusammenarbeit zwischen ungarischen und kasachischen Universit\u00e4ten anbot.<\/p>\n<p><a class=\"dnh-embed-link\" href=\"https:\/\/dailynewshungary.com\/de\/die-auffuhrung-der-ungarischen-oper-war-in-mumbai-ein-groser-erfolg\/\"><\/p>\n<div class=\"dnh-embed\">\n<div class=\"dnh-embed-thumb\"><img loading=\"lazy\" decoding=\"async\" width=\"1025\" height=\"450\" src=\"https:\/\/contentf5.dailynewshungary.com\/wp-content\/uploads\/2022\/10\/ncpa-india-the-bat-Hungarian-OPera-State-house-1025x450.jpg\" class=\"attachment-embed_thumbnail size-embed_thumbnail wp-post-image\" alt=\"ncpa india die Fledermaus Ungarische OPera Staatshaus\"><\/div>\n<h5 class=\"dnh-embed-title\"><span>Lesen Sie auch<\/span>Die Auff\u00fchrung der Ungarischen Oper war in Mumbai ein gro\u00dfer Erfolg<\/h5>\n<\/div>\n<p><\/a><\/p>\n<p>Bei seinen Treffen sprach Lezs\u00e1k auch \u00fcber das Gedenkjahr, das dem zweihundertj\u00e4hrigen Jubil\u00e4um des ungarischen Dichters und Revolution\u00e4rs S\u00e1ndor Pet fi im Jahr 2023 gewidmet ist und in dessen Rahmen die Lakitelek-Volksschule in Zentralungarn mit der Internationalen Organisation f\u00fcr T\u00fcrkische Kultur (TURKSOY) bei der Durchf\u00fchrung einer internationalen Literatur zusammenarbeiten wird \u00dcbersetzungswettbewerb mit Pet.fis Werken.<\/p>\n<p>Der stellvertretende Redner besuchte auch den Standort des Arbeitslagers Alschir, wo er am Denkmal einen Kranz zu Ehren der ungarischen Frauen niederlegte, die dort in der stalinistischen \u00c4ra inhaftiert waren, hei\u00dft es in der Erkl\u00e4rung.<\/p>\n","protected":false},"excerpt":{"rendered":"<p>Saandor Lezs\u00e1k, der stellvertretende Parlamentspr\u00e4sident, f\u00fchrte Gespr\u00e4che mit Jerlan Koshanov, dem Sprecher des kasachischen Parlaments, in Astana, teilte die Pressestelle des Parlaments am Freitag mit. Die beiden Beamten feierten den 30. Jahrestag der diplomatischen Beziehungen beider L\u00e4nder und diskutierten bilaterale Beziehungen, die auf der Ebene einer strategischen Partnerschaft liegen, hei\u00dft es in der Erkl\u00e4rung. Sie [&hellip;]<\/p>\n","protected":false},"author":50,"featured_media":682997,"comment_status":"open","ping_status":"open","sticky":false,"template":"","format":"standard","meta":{"_acf_changed":false,"_display_image":"","footnotes":""},"categories":[1081],"tags":[1094,1132,1327,1103,1076],"class_list":["post-682996","post","type-post","status-publish","format-standard","has-post-thumbnail","hentry","category-politik","tag-asien","tag-diplomatie","tag-kasachstan","tag-ungarisches-parlament","tag-ungarn"],"blocksy_meta":[],"acf":[],"author_username":"dnh","telegram_post":"","public_post_metadata":{"breaking_news":"yes","important":"no","csempe":"no","center_tile":"no","disable_thumbnail":"no","target_lang":"","_featured_image_style":"","telegram_post":"","_xlat_group_id":""},"public_rank_math_data":{"title":"%title% %sep% %sitename%","description":"Saandor Lezs\u00e1k, der stellvertretende Parlamentspr\u00e4sident, f\u00fchrte in Astana Gespr\u00e4che mit Jerlan Koshanov, dem Sprecher des kasachischen Parlaments","focus_keyword":"Kasachstan","canonical_url":"","robots":"","primary_category":"1081","breadcrumb_title":"","facebook_title":"","facebook_description":"","facebook_image":"","facebook_image_id":"","twitter_title":"","twitter_description":"","twitter_image":"","twitter_image_id":"","twitter_card_type":"","twitter_use_facebook":"","advanced_robots":"","pillar_content":"","seo_score":"","contentai_score":"","rich_snippet":""},"_links":{"self":[{"href":"https:\/\/dailynewshungary.com\/de\/wp-json\/wp\/v2\/posts\/682996","targetHints":{"allow":["GET"]}}],"collection":[{"href":"https:\/\/dailynewshungary.com\/de\/wp-json\/wp\/v2\/posts"}],"about":[{"href":"https:\/\/dailynewshungary.com\/de\/wp-json\/wp\/v2\/types\/post"}],"author":[{"embeddable":true,"href":"https:\/\/dailynewshungary.com\/de\/wp-json\/wp\/v2\/users\/50"}],"replies":[{"embeddable":true,"href":"https:\/\/dailynewshungary.com\/de\/wp-json\/wp\/v2\/comments?post=682996"}],"version-history":[{"count":0,"href":"https:\/\/dailynewshungary.com\/de\/wp-json\/wp\/v2\/posts\/682996\/revisions"}],"wp:featuredmedia":[{"embeddable":true,"href":"https:\/\/dailynewshungary.com\/de\/wp-json\/wp\/v2\/media\/682997"}],"wp:attachment":[{"href":"https:\/\/dailynewshungary.com\/de\/wp-json\/wp\/v2\/media?parent=682996"}],"wp:term":[{"taxonomy":"category","embeddable":true,"href":"https:\/\/dailynewshungary.com\/de\/wp-json\/wp\/v2\/categories?post=682996"},{"taxonomy":"post_tag","embeddable":true,"href":"https:\/\/dailynewshungary.com\/de\/wp-json\/wp\/v2\/tags?post=682996"}],"curies":[{"name":"wp","href":"https:\/\/api.w.org\/{rel}","templated":true}]}}