{"id":683037,"date":"2022-10-21T12:44:00","date_gmt":"2022-10-21T10:44:00","guid":{"rendered":"https:\/\/dailynewshungary.com\/de\/regierung-ausergewohnliche-ankundigungen-zu-machen\/"},"modified":"2022-10-21T12:44:00","modified_gmt":"2022-10-21T10:44:00","slug":"regierung-ausergewohnliche-ankundigungen-zu-machen","status":"publish","type":"post","link":"https:\/\/dailynewshungary.com\/de\/regierung-ausergewohnliche-ankundigungen-zu-machen\/","title":{"rendered":"Regierung, au\u00dfergew\u00f6hnliche Ank\u00fcndigungen zu machen!"},"content":{"rendered":"<p><strong>Am Samstagmorgen gibt es ab 11.30 Uhr au\u00dfergew\u00f6hnliche Regierungsinformationen, teilte Alexandra Szentkir\u00e1lyi, die Sprecherin der Regierung, heute Morgen mitWas hat die Regierung vor?<\/strong><\/p>\n<p>Nach <a href=\"https:\/\/index.hu\/belfold\/2022\/10\/21\/kormanyinfo-szombaton-szentkiralyi-alexandra-gulyas-gergely\/\" target=\"_blank\" rel=\"noopener\">Index.hu<\/a>\u2018dass die Orb\u00e1n-Regierung im Zusammenhang mit ihren Donnerstag &#8211; und Freitagsgespr\u00e4chen in Br\u00fcssel wahrscheinlich etwas ank\u00fcndigen wird Dar\u00fcber hinaus k\u00f6nnte das Thema die Energiekrise betreffen und wie die Regierung ihr begegnen m\u00f6chte.<\/p>\n<p>Letztes Mal fand am vergangenen Donnerstag eine Regierungsinfo statt Gergely Guly\u00e1s k\u00fcndigte damals an, dass die ungarischen Lehrer zwischen 2022 und 2025 schrittweise eine Gehaltserh\u00f6hung erhalten werden. Er versprach au\u00dferdem, dass ihre Geh\u00e4lter 80 Prozent des durchschnittlichen Lohns erreichen werden, den Inhaber eines Abschlusses in Ungarn erhalten, allerdings nur, wenn die Regierung die EU-Euro-Milliarden wegen der Korruption in Ungarn durch die Europ\u00e4ische Kommission einfrieren l\u00e4sst. Allerdings nahmen die demonstrierenden Gewerkschaften das Angebot nicht an, da die Inflation in Ungarn bereits \u00fcber 20 Prozent liegt, sodass der Reallohn der Lehrer \u00fcberhaupt nicht steigen w\u00fcrde.<\/p>\n<p><a class=\"dnh-embed-link\" href=\"https:\/\/dailynewshungary.com\/demonstration-held-at-parliament-in-solidarity-with-teachers\/ \"><\/p>\n<div class=\"dnh-embed\">\n<div class=\"dnh-embed-thumb\"><\/div>\n<h5 class=\"dnh-embed-title\"><span>Lesen Sie auch<\/span>Demonstration im Parlament aus Solidarit\u00e4t mit den Lehrern<\/h5>\n<\/div>\n<p><\/a><\/p>\n<p>Das letzte Mal, dass am Samstag eine au\u00dferordentliche Regierungsinformation stattfand, fand am 17. September statt und Gergely Guly\u00e1s, der Stabschef des Premierministers, gab die folgenden Entscheidungen bekannt:<\/p>\n<ul>\n<li>\n<p>Die Regierung wird ein Programm starten, um den energieintensiven ungarischen kleinen und mittleren Unternehmen zu helfen<\/p>\n<\/li>\n<li>\n<p>Sie verl\u00e4ngerten die Preisobergrenzen f\u00fcr Treibstoff und Lebensmittel<\/p>\n<\/li>\n<li>\n<p><span style=\"font-size: revert; color: initial;\">Sie k\u00fcndigten an, ein Programm zur Unterst\u00fctzung energieintensiver Fabriken zu starten<\/span><\/p>\n<\/li>\n<li>\n<p>Die Regierung sagte, sie werde Antikorruptionsgesetze vorlegen, um Zugang zu den EU-Mitteln zu erhalten.<\/p>\n<\/li>\n<\/ul>\n","protected":false},"excerpt":{"rendered":"<p>Am Samstagmorgen gibt es ab 11.30 Uhr au\u00dfergew\u00f6hnliche Regierungsinformationen, teilte Alexandra Szentkir\u00e1lyi, die Sprecherin der Regierung, heute Morgen mitWas hat die Regierung vor? Nach Index.hu\u2018dass die Orb\u00e1n-Regierung im Zusammenhang mit ihren Donnerstag &#8211; und Freitagsgespr\u00e4chen in Br\u00fcssel wahrscheinlich etwas ank\u00fcndigen wird Dar\u00fcber hinaus k\u00f6nnte das Thema die Energiekrise betreffen und wie die Regierung ihr begegnen [&hellip;]<\/p>\n","protected":false},"author":18,"featured_media":683038,"comment_status":"open","ping_status":"open","sticky":false,"template":"","format":"standard","meta":{"_acf_changed":false,"_display_image":"yes","footnotes":""},"categories":[1081],"tags":[1102,1076],"class_list":["post-683037","post","type-post","status-publish","format-standard","has-post-thumbnail","hentry","category-politik","tag-ungarische-regierung","tag-ungarn"],"blocksy_meta":[],"acf":[],"author_username":"johnwoods","telegram_post":"","public_post_metadata":{"breaking_news":"yes","important":"no","csempe":"no","center_tile":"no","disable_thumbnail":"no","target_lang":"","_featured_image_style":"hidden","telegram_post":"","_xlat_group_id":""},"public_rank_math_data":{"title":"%title% %sep% %sitename%","description":"Am Samstagmorgen wird es au\u00dfergew\u00f6hnliche Regierungsinformationen geben, aber niemand wei\u00df noch, was die Regierung morgen bekannt geben wird.","focus_keyword":"Regierung","canonical_url":"","robots":"","primary_category":"1081","breadcrumb_title":"","facebook_title":"","facebook_description":"","facebook_image":"","facebook_image_id":"","twitter_title":"","twitter_description":"","twitter_image":"","twitter_image_id":"","twitter_card_type":"","twitter_use_facebook":"","advanced_robots":"","pillar_content":"","seo_score":"63","contentai_score":"","rich_snippet":""},"_links":{"self":[{"href":"https:\/\/dailynewshungary.com\/de\/wp-json\/wp\/v2\/posts\/683037","targetHints":{"allow":["GET"]}}],"collection":[{"href":"https:\/\/dailynewshungary.com\/de\/wp-json\/wp\/v2\/posts"}],"about":[{"href":"https:\/\/dailynewshungary.com\/de\/wp-json\/wp\/v2\/types\/post"}],"author":[{"embeddable":true,"href":"https:\/\/dailynewshungary.com\/de\/wp-json\/wp\/v2\/users\/18"}],"replies":[{"embeddable":true,"href":"https:\/\/dailynewshungary.com\/de\/wp-json\/wp\/v2\/comments?post=683037"}],"version-history":[{"count":0,"href":"https:\/\/dailynewshungary.com\/de\/wp-json\/wp\/v2\/posts\/683037\/revisions"}],"wp:featuredmedia":[{"embeddable":true,"href":"https:\/\/dailynewshungary.com\/de\/wp-json\/wp\/v2\/media\/683038"}],"wp:attachment":[{"href":"https:\/\/dailynewshungary.com\/de\/wp-json\/wp\/v2\/media?parent=683037"}],"wp:term":[{"taxonomy":"category","embeddable":true,"href":"https:\/\/dailynewshungary.com\/de\/wp-json\/wp\/v2\/categories?post=683037"},{"taxonomy":"post_tag","embeddable":true,"href":"https:\/\/dailynewshungary.com\/de\/wp-json\/wp\/v2\/tags?post=683037"}],"curies":[{"name":"wp","href":"https:\/\/api.w.org\/{rel}","templated":true}]}}