{"id":683180,"date":"2022-10-17T09:40:27","date_gmt":"2022-10-17T07:40:27","guid":{"rendered":"https:\/\/dailynewshungary.com\/de\/ungarn-halt-die-kiewer-botschaft-offen\/"},"modified":"2022-10-17T09:40:27","modified_gmt":"2022-10-17T07:40:27","slug":"ungarn-halt-die-kiewer-botschaft-offen","status":"publish","type":"post","link":"https:\/\/dailynewshungary.com\/de\/ungarn-halt-die-kiewer-botschaft-offen\/","title":{"rendered":"Ungarn h\u00e4lt die Kiewer Botschaft offen"},"content":{"rendered":"<p><strong>Ungarn halte seine Botschaft in Kiew offen, sagte Au\u00dfenminister P\u00e9ter Szijj\u00e1rt\u00f3 am Montag, bevor er zu einem Treffen mit seinen Amtskollegen aus der Europ\u00e4ischen Union nach Luxemburg aufbrach.<\/strong><\/p>\n<p>Die Sitzung des Rates f\u00fcr ausw\u00e4rtige Angelegenheiten wird sich auf den Krieg konzentrieren <a href=\"https:\/\/dailynewshungary.com\/de\/der-grose-britische-zuguberfall-wie-eine-15-kopfige-bande-1963-26-millionen-pfund-stahl\/\">Ukraine<\/a>Szijj\u00e1rt\u00f3 sagte und f\u00fcgte hinzu, dass die Entwicklungen der letzten Wochen eher auf eine Eskalation als auf Frieden hindeuteten. \u201eEs gab mehrere Entscheidungen und Ereignisse, die den Krieg in Richtung Brutalit\u00e4t und Eskalation getrieben haben\u201csagte er\u201d.<\/p>\n<p>\u201cWir Ungarn wollen Frieden und rufen alle auf der internationalen politischen B\u00fchne auf, keine Entscheidungen zu treffen, die zu einer Eskalation f\u00fchren, und den Fokus endlich auf die Erreichung des Friedens zu verlagern\u201d, sagte Szijj\u00e1rt\u00f3.<\/p>\n<p>Er f\u00fcgte jedoch hinzu, dass dies noch in weiter Ferne liege, und wies darauf hin, dass das Zentrum Kiews am Montagmorgen erneut bombardiert worden sei.<\/p>\n<p>Szijj\u00e1rt\u00f3 sagte, er habe sich telefonisch mit Istv\u00e1n Ijgy\u00e1rt\u00f3, dem ungarischen Botschafter in der Ukraine, beraten, der sagte, in den fr\u00fchen Morgenstunden seien in der Hauptstadt vier Explosionen zu h\u00f6ren gewesen.<\/p>\n<p>Der Botschafter und alle Mitarbeiter der Botschaft seien in Sicherheit, sagte Szijj\u00e1rt\u00f3 und f\u00fcgte hinzu, dass das Botschaftsgeb\u00e4ude nicht getroffen worden sei. Der Mobilfunkdienst und die Stromversorgung seien manchmal f\u00fcr ein paar Stunden unterbrochen, aber die Bedingungen f\u00fcr den Betrieb der Botschaft seien im Grunde gegeben, daher sei beschlossen worden, die Botschaft offen zu halten, sagte der Minister.<\/p>\n<p>\u201cWenn ein ungarischer Staatsb\u00fcrger in Kiew in Schwierigkeiten ger\u00e4t, werden wir ihm helfen\u201d, sagte Szijj\u00e1rt\u00f3 und f\u00fcgte hinzu, dass die Botschaft die technische Ausr\u00fcstung beschafft habe, die f\u00fcr den Offenhalt erforderlich sei. Au\u00dferdem habe sie sich mit Lebensmitteln eingedeckt und tragbare Betten beschafft, falls sie f\u00fcr die Unterbringung von Menschen in Not sorgen m\u00fcsse, sagte er.<\/p>\n<p>Szijj\u00e1rt\u00f3 sagte, er habe den Botschafter gebeten, ihn unverz\u00fcglich \u00fcber alle \u201cdramatischen \u00c4nderungen der Umst\u00e4nde\u201d zu informieren, damit Entscheidungen bez\u00fcglich der Botschaft im Interesse des Botschafters und der Sicherheit des Personals ge\u00e4ndert werden k\u00f6nnten.<\/p>\n<p><a class=\"dnh-embed-link\" href=\"https:\/\/dailynewshungary.com\/de\/video-die-ungarn-emport-die-ukrainer-entfernten-das-nationalsymbol-aus-der-festung-munkacs\/\"><\/a><\/p>\n<p><a class=\"dnh-embed-link\" href=\"https:\/\/dailynewshungary.com\/de\/video-die-ungarn-emport-die-ukrainer-entfernten-das-nationalsymbol-aus-der-festung-munkacs\/\"><\/p>\n<div class=\"dnh-embed\">\n<div class=\"dnh-embed-thumb\"><img loading=\"lazy\" decoding=\"async\" width=\"1025\" height=\"450\" src=\"https:\/\/contentf5.dailynewshungary.com\/wp-content\/uploads\/2022\/10\/Munkacs-turul-national-symbol-Hungarian-1025x450.webp\" class=\"attachment-embed_thumbnail size-embed_thumbnail wp-post-image\" alt=\"Munk\u00e1cs Turul Nationalsymbol Ungarisch\" srcset=\"https:\/\/contentf5.dailynewshungary.com\/wp-content\/uploads\/2022\/10\/Munkacs-turul-national-symbol-Hungarian-1025x450.webp 1025w, https:\/\/contentf5.dailynewshungary.com\/wp-content\/uploads\/2022\/10\/Munkacs-turul-national-symbol-Hungarian-50x23.webp 50w\" sizes=\"auto, (max-width: 1025px) 100vw, 1025px\"><\/div>\n<h5 class=\"dnh-embed-title\"><span>Lesen Sie auch<\/span>VIDEO: Die Ungarn emp\u00f6rt, die Ukrainer entfernten das Nationalsymbol aus der Festung Munk\u00e1cs<\/h5>\n<\/div>\n<p><\/a><\/p>\n<p><a class=\"dnh-embed-link\" href=\"https:\/\/dailynewshungary.com\/de\/video-die-ungarn-emport-die-ukrainer-entfernten-das-nationalsymbol-aus-der-festung-munkacs\/\"><\/a><\/p>\n","protected":false},"excerpt":{"rendered":"<p>Ungarn halte seine Botschaft in Kiew offen, sagte Au\u00dfenminister P\u00e9ter Szijj\u00e1rt\u00f3 am Montag, bevor er zu einem Treffen mit seinen Amtskollegen aus der Europ\u00e4ischen Union nach Luxemburg aufbrach. Die Sitzung des Rates f\u00fcr ausw\u00e4rtige Angelegenheiten wird sich auf den Krieg konzentrieren UkraineSzijj\u00e1rt\u00f3 sagte und f\u00fcgte hinzu, dass die Entwicklungen der letzten Wochen eher auf eine [&hellip;]<\/p>\n","protected":false},"author":2,"featured_media":683181,"comment_status":"open","ping_status":"open","sticky":false,"template":"","format":"standard","meta":{"_acf_changed":false,"_display_image":"yes","footnotes":""},"categories":[1081],"tags":[1169,1132,1082,1184,1209,1092,1076],"class_list":["post-683180","post","type-post","status-publish","format-standard","has-post-thumbnail","hentry","category-politik","tag-aussenministerium-von-ungarn","tag-diplomatie","tag-europaische-union","tag-krieg","tag-russland","tag-ukraine","tag-ungarn"],"blocksy_meta":[],"acf":[],"author_username":"alk","telegram_post":"","public_post_metadata":{"breaking_news":"yes","important":"no","csempe":"no","center_tile":"no","disable_thumbnail":"no","target_lang":"","_featured_image_style":"hidden","telegram_post":"","_xlat_group_id":""},"public_rank_math_data":{"title":"%title% %sep% %sitename%","description":"Ungarn halte seine Botschaft in Kiew offen, sagte Au\u00dfenminister P\u00e9ter Szijj\u00e1rt\u00f3 am Montag, bevor er zu einem Treffen mit... aufbrach.","focus_keyword":"Ukraine","canonical_url":"","robots":"","primary_category":"1081","breadcrumb_title":"","facebook_title":"","facebook_description":"","facebook_image":"","facebook_image_id":"","twitter_title":"","twitter_description":"","twitter_image":"","twitter_image_id":"","twitter_card_type":"","twitter_use_facebook":"","advanced_robots":"","pillar_content":"","seo_score":"19","contentai_score":"","rich_snippet":""},"_links":{"self":[{"href":"https:\/\/dailynewshungary.com\/de\/wp-json\/wp\/v2\/posts\/683180","targetHints":{"allow":["GET"]}}],"collection":[{"href":"https:\/\/dailynewshungary.com\/de\/wp-json\/wp\/v2\/posts"}],"about":[{"href":"https:\/\/dailynewshungary.com\/de\/wp-json\/wp\/v2\/types\/post"}],"author":[{"embeddable":true,"href":"https:\/\/dailynewshungary.com\/de\/wp-json\/wp\/v2\/users\/2"}],"replies":[{"embeddable":true,"href":"https:\/\/dailynewshungary.com\/de\/wp-json\/wp\/v2\/comments?post=683180"}],"version-history":[{"count":0,"href":"https:\/\/dailynewshungary.com\/de\/wp-json\/wp\/v2\/posts\/683180\/revisions"}],"wp:featuredmedia":[{"embeddable":true,"href":"https:\/\/dailynewshungary.com\/de\/wp-json\/wp\/v2\/media\/683181"}],"wp:attachment":[{"href":"https:\/\/dailynewshungary.com\/de\/wp-json\/wp\/v2\/media?parent=683180"}],"wp:term":[{"taxonomy":"category","embeddable":true,"href":"https:\/\/dailynewshungary.com\/de\/wp-json\/wp\/v2\/categories?post=683180"},{"taxonomy":"post_tag","embeddable":true,"href":"https:\/\/dailynewshungary.com\/de\/wp-json\/wp\/v2\/tags?post=683180"}],"curies":[{"name":"wp","href":"https:\/\/api.w.org\/{rel}","templated":true}]}}