{"id":683182,"date":"2022-10-17T08:34:00","date_gmt":"2022-10-17T06:34:00","guid":{"rendered":"https:\/\/dailynewshungary.com\/de\/milliarden-euro-auf-dem-spiel-eu-hat-ungarns-regierung-mehr-zeit-gegeben-korruption-auszumerzen\/"},"modified":"2022-10-17T08:34:00","modified_gmt":"2022-10-17T06:34:00","slug":"milliarden-euro-auf-dem-spiel-eu-hat-ungarns-regierung-mehr-zeit-gegeben-korruption-auszumerzen","status":"publish","type":"post","link":"https:\/\/dailynewshungary.com\/de\/milliarden-euro-auf-dem-spiel-eu-hat-ungarns-regierung-mehr-zeit-gegeben-korruption-auszumerzen\/","title":{"rendered":"Milliarden Euro auf dem Spiel: EU hat Ungarns Regierung mehr Zeit gegeben, Korruption auszumerzen"},"content":{"rendered":"<p><strong>Die Botschafter der Mitgliedstaaten der Europ\u00e4ischen Union in Br\u00fcssel haben sich geeinigt Der ungarischen Regierung wird bis Mitte Dezember Zeit gegeben, die notwendigen Ma\u00dfnahmen zum Abschluss des Rechtsstaatsverfahrens gegen Ungarn umzusetzen Der Rat f\u00fcr Justiz und Inneres hat die Verl\u00e4ngerung beschlossen, \u201cim Lichte der professionellen und effizienten Umsetzung der Verpflichtungen, die Ungarn im Interesse einer Einigung mit der Europ\u00e4ischen Kommission eingegangen ist\u201d, sagte Justizministerin Judit Varga am Donnerstag.<\/strong><\/p>\n<h2>Orb\u00e1ns Regierung erh\u00e4lt einen Aufschub<\/h2>\n<p><a href=\"https:\/\/nepszava.hu\/3172153_barkoczi-balazs-tanarok-sztrajkjog-beremeles\" target=\"_blank\" rel=\"noopener\">N\u00e9pszawa berichtet<\/a> Dass der ungarischen Regierung eine Verz\u00f6gerung bei der Umsetzung der zur Vollendung des Rechtsstaatsverfahrens erforderlichen Ma\u00dfnahmen einger\u00e4umt wurde Der Beschluss der St\u00e4ndigen Vertreter wird vom EU-Rat auf Ministerebene ohne Diskussion formell abgestempelt, mit anderen Worten, die 26 Mitgliedstaaten werden abwarten, ob die Regierung Orb\u00e1n ihre Verpflichtungen zur Eind\u00e4mmung von Unregelm\u00e4\u00dfigkeiten und Betrug mit EU-Geldern tats\u00e4chlich umsetzt.<\/p>\n<p>Erst dann werden die Mitgliedstaaten den Vorschlag aufholen, ein Drittel der EU-Hilfe einzufrieren.<\/p>\n<p>Am 18. September schlug die Europ\u00e4ische Kommission vor, Ungarn 3 000 Mrd. HUF (7,5 Mrd. \u20ac) an Beihilfen zu entziehen, Grund ist der Missbrauch von EU-Mitteln, die ungestraft geblieben sind Die Kommission ist der Ansicht, dass der ungarischen Regierung die Zeit davonlaufen darf Auf diese Weise kann die Regierung von Orb\u00e1n diese Ma\u00dfnahmen zur Korruptionsbek\u00e4mpfung umsetzen.<\/p>\n<p><a class=\"dnh-embed-link\" href=\"https:\/\/dailynewshungary.com\/de\/ein-pole-schrieb-help-auf-einen-ungarischen-zug-mit-seinem-blut-video\/\"><\/a><\/p>\n<p><a class=\"dnh-embed-link\" href=\"https:\/\/dailynewshungary.com\/de\/ein-pole-schrieb-help-auf-einen-ungarischen-zug-mit-seinem-blut-video\/\"><\/p>\n<div class=\"dnh-embed\">\n<div class=\"dnh-embed-thumb\"><img loading=\"lazy\" decoding=\"async\" width=\"1025\" height=\"450\" src=\"https:\/\/contentf5.dailynewshungary.com\/wp-content\/uploads\/2022\/10\/train_help-1025x450.jpg\" class=\"attachment-embed_thumbnail size-embed_thumbnail wp-post-image\" alt=\"train_help\"><\/div>\n<h5 class=\"dnh-embed-title\"><span>Lesen Sie auch<\/span>Ein Pole schrieb HELP auf einen ungarischen Zug mit seinem Blut VIDEO<\/h5>\n<\/div>\n<p><\/a><\/p>\n<p><a class=\"dnh-embed-link\" href=\"https:\/\/dailynewshungary.com\/de\/ein-pole-schrieb-help-auf-einen-ungarischen-zug-mit-seinem-blut-video\/\"><\/a><\/p>\n<h2>Die ungarische Regierung wird aktiv<\/h2>\n<p>Einige der Gesetze, die mit dem Verfahren zusammenh\u00e4ngen, wurden bereits vom ungarischen Parlament verabschiedet Auch die \u00fcbrigen Forderungen sind auf dem Weg zur Genehmigung, Das Kabinett hat Br\u00fcssel mehrere Zusagen gemacht, Ministerpr\u00e4sident Viktor Orb\u00e1n und die ungarische Regierung werden bis zum 19. November die notwendigen Entscheidungen treffen Bis dahin wird die Europ\u00e4ische Kommission beurteilt haben, ob sie die Erwartungen erf\u00fcllt haben.<\/p>\n<p>Das 27-k\u00f6pfige Ministergremium entscheidet mit qualifizierter Mehrheit \u00fcber die Zustimmung zum Austrittsvorschlag oder die Beendigung des Verfahrens Das ungarische Regierungsmitglied wird an der Abstimmung nicht teilnehmen.<\/p>\n<p>Laut EU-Quelle unterst\u00fctzten alle die Verschiebung. Einige haben jedoch die Europ\u00e4ische Kommission gebeten, die Umsetzung der Verpflichtungen nach dem 19. November zu analysieren.<\/p>\n<h2>Bestimmt das EU-Geld die Bezahlung der Lehrer?<\/h2>\n<p>Die ungarische Regierung hat wiederholt erkl\u00e4rt, dass die Geh\u00e4lter der Lehrer von EU-Mitteln abh\u00e4ngen Br\u00fcssel hat zugestimmt, die Geh\u00e4lter ungarischer Lehrer aus dem Haushalt 2021-2027 zu finanzieren, <a href=\"https:\/\/hvg.hu\/gazdasag\/20221013_Brusszel_unios_forras_pedagogus_beremeles\" target=\"_blank\" rel=\"noopener\">hvg.hu berichtet<\/a>.<\/p>\n<p>Die \u00f6ffentliche Bildung ist Sache der Mitgliedstaaten, und ihre Finanzierung ist eine staatliche Aufgabe, nicht die der Europ\u00e4ischen Union Die EU tr\u00e4gt jedoch zum Aufholen der Bildung in allen Mitgliedstaaten bei.<\/p>\n<p>Der Koh\u00e4sionsfonds besteht aus siebenj\u00e4hrigen Haushaltszyklen Wenn es also einer Regierung gelingt, in einem Zyklus eine Gehaltserh\u00f6hung f\u00fcr Lehrer auszuhandeln, erh\u00e4lt sie im n\u00e4chsten m\u00f6glicherweise keinen weiteren.<\/p>\n<p>Die Europ\u00e4ische Kommission kann im Falle Ungarns jedoch eine Ausnahme machen Auch die Lage des ungarischen \u00f6ffentlichen Bildungswesens ist nach Angaben der EU eher d\u00fcster Die Geh\u00e4lter der Lehrer sind die niedrigsten in der OECD.<\/p>\n<p><a class=\"dnh-embed-link\" href=\"https:\/\/dailynewshungary.com\/de\/die-ara-des-terrors-die-geschichte-der-ungarischen-orange\/\"><\/a><\/p>\n<p><a class=\"dnh-embed-link\" href=\"https:\/\/dailynewshungary.com\/de\/die-ara-des-terrors-die-geschichte-der-ungarischen-orange\/\"><\/p>\n<div class=\"dnh-embed\">\n<div class=\"dnh-embed-thumb\"><img loading=\"lazy\" decoding=\"async\" width=\"1920\" height=\"1170\" src=\"https:\/\/contentf5.dailynewshungary.com\/wp-content\/uploads\/2019\/07\/R\u00e1kosi-people-history-Hungary.jpg\" class=\"attachment-embed_thumbnail size-embed_thumbnail wp-post-image\" alt=\"R\u00e1kosi, Volk, Geschichte, Ungarn\" srcset=\"https:\/\/contentf5.dailynewshungary.com\/wp-content\/uploads\/2019\/07\/R\u00e1kosi-people-history-Hungary.jpg 1920w, https:\/\/contentf5.dailynewshungary.com\/wp-content\/uploads\/2019\/07\/R\u00e1kosi-people-history-Hungary-300x183.jpg 300w, https:\/\/contentf5.dailynewshungary.com\/wp-content\/uploads\/2019\/07\/R\u00e1kosi-people-history-Hungary-768x468.jpg 768w, https:\/\/contentf5.dailynewshungary.com\/wp-content\/uploads\/2019\/07\/R\u00e1kosi-people-history-Hungary-1024x624.jpg 1024w, https:\/\/contentf5.dailynewshungary.com\/wp-content\/uploads\/2019\/07\/R\u00e1kosi-people-history-Hungary-800x488.jpg 800w, https:\/\/contentf5.dailynewshungary.com\/wp-content\/uploads\/2019\/07\/R\u00e1kosi-people-history-Hungary-1160x707.jpg 1160w\" sizes=\"auto, (max-width: 1920px) 100vw, 1920px\"><\/div>\n<h5 class=\"dnh-embed-title\"><span>Lesen Sie auch<\/span>Die \u00c4ra des Terrors: die Geschichte der ungarischen Orange<\/h5>\n<\/div>\n<p><\/a><\/p>\n<p><a class=\"dnh-embed-link\" href=\"https:\/\/dailynewshungary.com\/de\/die-ara-des-terrors-die-geschichte-der-ungarischen-orange\/\"><\/a><\/p>\n","protected":false},"excerpt":{"rendered":"<p>Die Botschafter der Mitgliedstaaten der Europ\u00e4ischen Union in Br\u00fcssel haben sich geeinigt Der ungarischen Regierung wird bis Mitte Dezember Zeit gegeben, die notwendigen Ma\u00dfnahmen zum Abschluss des Rechtsstaatsverfahrens gegen Ungarn umzusetzen Der Rat f\u00fcr Justiz und Inneres hat die Verl\u00e4ngerung beschlossen, \u201cim Lichte der professionellen und effizienten Umsetzung der Verpflichtungen, die Ungarn im Interesse einer [&hellip;]<\/p>\n","protected":false},"author":33,"featured_media":683183,"comment_status":"open","ping_status":"open","sticky":false,"template":"","format":"standard","meta":{"_acf_changed":false,"_display_image":"yes","footnotes":""},"categories":[1081],"tags":[1390,1102,1076],"class_list":["post-683182","post","type-post","status-publish","format-standard","has-post-thumbnail","hentry","category-politik","tag-eu-finanzierung","tag-ungarische-regierung","tag-ungarn"],"blocksy_meta":[],"acf":[],"author_username":"ugyelet","telegram_post":"","public_post_metadata":{"breaking_news":"yes","important":"no","csempe":"no","center_tile":"no","disable_thumbnail":"no","target_lang":"","_featured_image_style":"hidden","telegram_post":"","_xlat_group_id":""},"public_rank_math_data":{"title":"%title% %sep% %sitename%","description":"Der ungarischen Regierung wird bis Mitte Dezember Zeit einger\u00e4umt, die notwendigen Ma\u00dfnahmen zum Abschluss des Rechtsstaatsverfahrens gegen Ungarn umzusetzen.","focus_keyword":"EU","canonical_url":"","robots":"","primary_category":"1081","breadcrumb_title":"","facebook_title":"","facebook_description":"","facebook_image":"","facebook_image_id":"","twitter_title":"","twitter_description":"","twitter_image":"","twitter_image_id":"","twitter_card_type":"","twitter_use_facebook":"","advanced_robots":"","pillar_content":"","seo_score":"58","contentai_score":"","rich_snippet":""},"_links":{"self":[{"href":"https:\/\/dailynewshungary.com\/de\/wp-json\/wp\/v2\/posts\/683182","targetHints":{"allow":["GET"]}}],"collection":[{"href":"https:\/\/dailynewshungary.com\/de\/wp-json\/wp\/v2\/posts"}],"about":[{"href":"https:\/\/dailynewshungary.com\/de\/wp-json\/wp\/v2\/types\/post"}],"author":[{"embeddable":true,"href":"https:\/\/dailynewshungary.com\/de\/wp-json\/wp\/v2\/users\/33"}],"replies":[{"embeddable":true,"href":"https:\/\/dailynewshungary.com\/de\/wp-json\/wp\/v2\/comments?post=683182"}],"version-history":[{"count":0,"href":"https:\/\/dailynewshungary.com\/de\/wp-json\/wp\/v2\/posts\/683182\/revisions"}],"wp:featuredmedia":[{"embeddable":true,"href":"https:\/\/dailynewshungary.com\/de\/wp-json\/wp\/v2\/media\/683183"}],"wp:attachment":[{"href":"https:\/\/dailynewshungary.com\/de\/wp-json\/wp\/v2\/media?parent=683182"}],"wp:term":[{"taxonomy":"category","embeddable":true,"href":"https:\/\/dailynewshungary.com\/de\/wp-json\/wp\/v2\/categories?post=683182"},{"taxonomy":"post_tag","embeddable":true,"href":"https:\/\/dailynewshungary.com\/de\/wp-json\/wp\/v2\/tags?post=683182"}],"curies":[{"name":"wp","href":"https:\/\/api.w.org\/{rel}","templated":true}]}}