{"id":683309,"date":"2022-10-13T17:05:50","date_gmt":"2022-10-13T15:05:50","guid":{"rendered":"https:\/\/dailynewshungary.com\/de\/vereinbarung-mit-eg-der-eine-beispiellose-lohnerhohung-fur-lehrer-folgen-soll\/"},"modified":"2022-10-13T17:05:50","modified_gmt":"2022-10-13T15:05:50","slug":"vereinbarung-mit-eg-der-eine-beispiellose-lohnerhohung-fur-lehrer-folgen-soll","status":"publish","type":"post","link":"https:\/\/dailynewshungary.com\/de\/vereinbarung-mit-eg-der-eine-beispiellose-lohnerhohung-fur-lehrer-folgen-soll\/","title":{"rendered":"Vereinbarung mit EG, der eine \u201ebeispiellose\u2019 Lohnerh\u00f6hung f\u00fcr Lehrer folgen soll"},"content":{"rendered":"<p><strong>Eine \u201cbeispiellose\u201d Lohnerh\u00f6hung erwartet die Lehrer, wenn die Regierung mit der Europ\u00e4ischen Kommission eine Einigung \u00fcber die EU-Finanzierung erzielt, die derzeit aufgrund des rechtsstaatlichen Konditionalit\u00e4tsmechanismus zur\u00fcckgehalten wird, sagte der Stabschef des Premierministers am Donnerstag.<\/strong><\/p>\n<p>Die Regierung hoffe, die Lehrerl\u00f6hne bis 2025 auf 80 Prozent des Durchschnittsgehalts von Hochschulabsolventen anzuheben, sagte Gergely Guly\u00e1s in einer regelm\u00e4\u00dfigen Pressekonferenz.<\/p>\n<p>Die L\u00f6hne k\u00f6nnten im Januar 2023 um 21 Prozent, im Jahr 2024 um 25 Prozent und in den beiden Folgejahren um 29-30 Prozent angehoben werden, sagte er.<\/p>\n<p>Von den drei gro\u00dfen Lohnerh\u00f6hungen, die Lehrer in den letzten 30 Jahren erhalten haben, seien zwei unter der Regierung von Ministerpr\u00e4sident Viktor Orb\u00e1n vergeben worden, f\u00fcgte er hinzu.<\/p>\n<p><a class=\"dnh-embed-link\" href=\"https:\/\/dailynewshungary.com\/de\/orban-eine-hexenjagd-gegen-ungarn-geht-weiter\/\"><\/a><\/p>\n<p><a class=\"dnh-embed-link\" href=\"https:\/\/dailynewshungary.com\/de\/orban-eine-hexenjagd-gegen-ungarn-geht-weiter\/\"><\/p>\n<div class=\"dnh-embed\">\n<div class=\"dnh-embed-thumb\"><img loading=\"lazy\" decoding=\"async\" width=\"1025\" height=\"450\" src=\"https:\/\/contentf5.dailynewshungary.com\/wp-content\/uploads\/2022\/10\/rsz_orban_prague-1025x450.jpg\" class=\"attachment-embed_thumbnail size-embed_thumbnail wp-post-image\" alt=\"Viktor Orb\u00e1n Prague eu-Gipfel\"><\/div>\n<h5 class=\"dnh-embed-title\"><span>Lesen Sie auch<\/span>Orb\u00e1n: Eine Hexenjagd gegen Ungarn dauert an<\/h5>\n<\/div>\n<p><\/a><\/p>\n<p><a class=\"dnh-embed-link\" href=\"https:\/\/dailynewshungary.com\/de\/orban-eine-hexenjagd-gegen-ungarn-geht-weiter\/\"><\/a><\/p>\n<p>Die Regierung hat mit der Europ\u00e4ischen Union vereinbart, 17 Ma\u00dfnahmen zu ergreifen, meist im Zusammenhang mit dem \u00f6ffentlichen BeschaffungswesenDer Anteil der Einzelangebotsbeschaffungen wird reduziert und die Zusammenarbeit mit der Anti-Korruptions-Taskforce OLAF der Europ\u00e4ischen Union intensiviert, so Guly\u00e1s.<\/p>\n<p>Orb\u00e1n dankte am Donnerstag in einem Brief den EU-Staats- und Regierungschefs f\u00fcr ihre Entscheidung, die Fristen zu verl\u00e4ngern, sagte er. Ungarn strebt eine faire Einigung an und die Regierung sei voll und ganz entschlossen, ihre Zusagen zu erf\u00fcllen, f\u00fcgte er hinzu.<\/p>\n<p>Unterdessen sagte Guly\u00e1s, die Energieversorgung Ungarns sei sicher. Auch wenn das Land in diesem Zeitraum kein einziges Gasmolek\u00fcl erhalten habe, habe es immer noch genug Gas gespeichert, um sechs Monate zu halten, f\u00fcgte er hinzu.<\/p>\n<p>Der Stabschef sagte, Ungarn verf\u00fcge \u00fcber erhebliche Speicherkapazit\u00e4ten und hohe Lagerbest\u00e4nde und habe auch erhebliche Gaseink\u00e4ufe get\u00e4tigt.<\/p>\n<p>Die rasant steigenden Energiepl\u00e4tze in Europa h\u00e4tten in Ungarn Inflations- und Wechselkursprobleme ausgel\u00f6st, sagte er.<\/p>\n<p>In Europa gebe es zwei gro\u00dfe Herausforderungen zu bew\u00e4ltigen: die Verf\u00fcgbarkeit und den Preis von Energie, insbesondere Erdgas, sagte Guly\u00e1sDie Preise seien exorbitant hoch und Energie sei nicht immer und unbedingt aus ihren \u00fcblichen Quellen verf\u00fcgbar, f\u00fcgte er hinzu.<\/p>\n<p>Die aktuelle Krise habe die Notwendigkeit unterstrichen, mehrere Ver\u00e4nderungen im ungarischen Energiesystem herbeizuf\u00fchren, sagte er.<\/p>\n<p>Sollte die Regierung eine Einigung mit der Europ\u00e4ischen Kommission erzielen, w\u00fcrde Ungarn den Kreditteil des Aufbau- und Resilienzfonds (RRF) f\u00fcr den gr\u00fcnen Wandel und die Modernisierung seines Stromnetzes nutzen, sagte er.<\/p>\n<p>Unterdessen sagte Guly\u00e1s, dass Solarpanel-Installationen zwar die Energie in das Stromnetz einspeisen, die aktuellen Vorschriften jedoch ge\u00e4ndert werden m\u00fcssten, da das Netz bis zur Durchf\u00fchrung einer umfassenden Modernisierung keine Energie mehr aufnehmen k\u00f6nne. Die Verpflichtung, den Strom wieder in das Stromnetz einzuspeisen, werde bei neuen Anwendungen f\u00fcr Solarmodule ausgesetzt, f\u00fcgte er hinzu.<\/p>\n<p>Auf die Frage nach Orb\u00e1ns Treffen am Montag mit Bundeskanzler Olaf Scholz sagte Guly\u00e1s, die beiden Staats- und Regierungschefs h\u00e4tten unter anderem \u00fcber EU-Sanktionen gegen Russland gesprochen. Die Sanktionen sollten in Ruhe besprochen und so \u00fcberpr\u00fcft werden, dass auch die Interessen Europas ber\u00fccksichtigt w\u00fcrden, sagte er. Guly\u00e1s argumentierte, dass die durch die Sanktionen und die anhaltende Bedrohung durch sie ausgel\u00f6sten steigenden Energiepreise alle europ\u00e4ischen Volkswirtschaften in eine \u00e4u\u00dferst schwierige Situation gebracht h\u00e4tten.<\/p>\n<p>Obwohl Ungarn \u201eEuropas gr\u00f6\u00dftes Versorgungsf\u00f6rderungssystem\u201ceingef\u00fchrt hat, sei die Situation immer noch \u201eeine \u00e4u\u00dferst schwere Belastung\u201d f\u00fcr den Staat, und es m\u00fcssten weitere F\u00f6rderprogramme gestartet werden, sagte Guly\u00e1s. Er f\u00fcgte jedoch hinzu, dass kein anderes europ\u00e4isches Land mit dem 200-Milliarden-Euro-Plan Deutschlands konkurrieren k\u00f6nne, um Unternehmen und Haushalte vor steigenden Energiepreisen zu sch\u00fctzen.<\/p>\n<p>Unterdessen sagte Guly\u00e1s, Europa m\u00fcsse entscheiden, welche Sanktionen verl\u00e4ngert werden sollten, wenn sie im Dezember auslaufen.<\/p>\n<p><a class=\"dnh-embed-link\" href=\"https:\/\/dailynewshungary.com\/de\/ungarn-energieversorgung-sicher\/\"><\/a><\/p>\n<p><a class=\"dnh-embed-link\" href=\"https:\/\/dailynewshungary.com\/de\/ungarn-energieversorgung-sicher\/\"><\/p>\n<div class=\"dnh-embed\">\n<div class=\"dnh-embed-thumb\"><img loading=\"lazy\" decoding=\"async\" width=\"1024\" height=\"450\" src=\"https:\/\/contentf5.dailynewshungary.com\/wp-content\/uploads\/2022\/10\/Gulyas-government-1024x450.jpg\" class=\"attachment-embed_thumbnail size-embed_thumbnail wp-post-image\" alt=\"Informationen zur Regierung von Guly\u00e1s\"><\/div>\n<h5 class=\"dnh-embed-title\"><span>Lesen Sie auch<\/span>Ungarn Energieversorgung sicher<\/h5>\n<\/div>\n<p><\/a><\/p>\n<p><a class=\"dnh-embed-link\" href=\"https:\/\/dailynewshungary.com\/de\/ungarn-energieversorgung-sicher\/\"><\/a><\/p>\n","protected":false},"excerpt":{"rendered":"<p>Eine \u201cbeispiellose\u201d Lohnerh\u00f6hung erwartet die Lehrer, wenn die Regierung mit der Europ\u00e4ischen Kommission eine Einigung \u00fcber die EU-Finanzierung erzielt, die derzeit aufgrund des rechtsstaatlichen Konditionalit\u00e4tsmechanismus zur\u00fcckgehalten wird, sagte der Stabschef des Premierministers am Donnerstag. Die Regierung hoffe, die Lehrerl\u00f6hne bis 2025 auf 80 Prozent des Durchschnittsgehalts von Hochschulabsolventen anzuheben, sagte Gergely Guly\u00e1s in einer regelm\u00e4\u00dfigen [&hellip;]<\/p>\n","protected":false},"author":33,"featured_media":683310,"comment_status":"open","ping_status":"open","sticky":false,"template":"","format":"standard","meta":{"_acf_changed":false,"_display_image":"","footnotes":""},"categories":[1098],"tags":[1152,1102,1076],"class_list":["post-683309","post","type-post","status-publish","format-standard","has-post-thumbnail","hentry","category-gesellschaft","tag-hochschulbildung","tag-ungarische-regierung","tag-ungarn"],"blocksy_meta":[],"acf":[],"author_username":"ugyelet","telegram_post":"","public_post_metadata":{"breaking_news":"yes","important":"no","csempe":"no","center_tile":"no","disable_thumbnail":"no","target_lang":"","_featured_image_style":"","telegram_post":"","_xlat_group_id":""},"public_rank_math_data":{"title":"%title% %sep% %sitename%","description":"Eine \"beispiellose\" Lohnerh\u00f6hung erwartet die Lehrer, wenn die Regierung mit der Europ\u00e4ischen Kommission eine Einigung \u00fcber die EU-Finanzierung erzielt, die derzeit aufgrund des rechtsstaatlichen Konditionalit\u00e4tsmechanismus zur\u00fcckgehalten wird","focus_keyword":"Ungarn","canonical_url":"","robots":"","primary_category":"1098","breadcrumb_title":"","facebook_title":"","facebook_description":"","facebook_image":"","facebook_image_id":"","twitter_title":"","twitter_description":"","twitter_image":"","twitter_image_id":"","twitter_card_type":"","twitter_use_facebook":"","advanced_robots":"","pillar_content":"","seo_score":"50","contentai_score":"","rich_snippet":""},"_links":{"self":[{"href":"https:\/\/dailynewshungary.com\/de\/wp-json\/wp\/v2\/posts\/683309","targetHints":{"allow":["GET"]}}],"collection":[{"href":"https:\/\/dailynewshungary.com\/de\/wp-json\/wp\/v2\/posts"}],"about":[{"href":"https:\/\/dailynewshungary.com\/de\/wp-json\/wp\/v2\/types\/post"}],"author":[{"embeddable":true,"href":"https:\/\/dailynewshungary.com\/de\/wp-json\/wp\/v2\/users\/33"}],"replies":[{"embeddable":true,"href":"https:\/\/dailynewshungary.com\/de\/wp-json\/wp\/v2\/comments?post=683309"}],"version-history":[{"count":0,"href":"https:\/\/dailynewshungary.com\/de\/wp-json\/wp\/v2\/posts\/683309\/revisions"}],"wp:featuredmedia":[{"embeddable":true,"href":"https:\/\/dailynewshungary.com\/de\/wp-json\/wp\/v2\/media\/683310"}],"wp:attachment":[{"href":"https:\/\/dailynewshungary.com\/de\/wp-json\/wp\/v2\/media?parent=683309"}],"wp:term":[{"taxonomy":"category","embeddable":true,"href":"https:\/\/dailynewshungary.com\/de\/wp-json\/wp\/v2\/categories?post=683309"},{"taxonomy":"post_tag","embeddable":true,"href":"https:\/\/dailynewshungary.com\/de\/wp-json\/wp\/v2\/tags?post=683309"}],"curies":[{"name":"wp","href":"https:\/\/api.w.org\/{rel}","templated":true}]}}