{"id":683317,"date":"2022-10-13T13:35:11","date_gmt":"2022-10-13T11:35:11","guid":{"rendered":"https:\/\/dailynewshungary.com\/de\/pace-nimmt-bericht-uber-ungarn-an\/"},"modified":"2022-10-13T13:35:11","modified_gmt":"2022-10-13T11:35:11","slug":"pace-nimmt-bericht-uber-ungarn-an","status":"publish","type":"post","link":"https:\/\/dailynewshungary.com\/de\/pace-nimmt-bericht-uber-ungarn-an\/","title":{"rendered":"PACE nimmt Bericht \u00fcber Ungarn an"},"content":{"rendered":"<p><strong>Die Parlamentarische Versammlung des Europarats (PACE) hat am Mittwoch unter Berufung auf langj\u00e4hrige Fragen der Rechtsstaatlichkeit und der Demokratie daf\u00fcr gestimmt, Ungarn einem umfassenden \u00dcberwachungsverfahren zu unterziehen.<\/strong><\/p>\n<p>In einem am Mittwoch angenommenen L\u00e4nderbericht hie\u00df es, die genannten Probleme seien \u201cweitgehend unber\u00fccksichtigt geblieben\u201d, teilte PACE in einer Stellungnahme mit.<\/p>\n<p><a class=\"dnh-embed-link\" href=\"https:\/\/dailynewshungary.com\/de\/orban-eine-hexenjagd-gegen-ungarn-geht-weiter\/\"><\/p>\n<div class=\"dnh-embed\">\n<div class=\"dnh-embed-thumb\"><img loading=\"lazy\" decoding=\"async\" width=\"1025\" height=\"450\" src=\"https:\/\/contentf5.dailynewshungary.com\/wp-content\/uploads\/2022\/10\/rsz_orban_prague-1025x450.jpg\" class=\"attachment-embed_thumbnail size-embed_thumbnail wp-post-image\" alt=\"Viktor Orb\u00e1n Prague eu-Gipfel\"><\/div>\n<h5 class=\"dnh-embed-title\"><span>Lesen Sie auch<\/span>Orb\u00e1n: Eine Hexenjagd gegen Ungarn dauert an<\/h5>\n<\/div>\n<p><\/a><\/p>\n<p>In der Erkl\u00e4rung wurde darauf hingewiesen, dass zehn weitere Mitgliedsstaaten des Europarates, Albanien, Armenien, Aserbaidschan, Bosnien und Herzegowina, Moldawien, Polen, die T\u00fcrkei und die Ukraine, Serbien, ebenfalls unter umfassender \u00dcberwachung standen, was regelm\u00e4\u00dfige Besuche von PACE-Berichterstattern und einen Dialog mit den nationalen Berichterstattern beinhaltete Beh\u00f6rden und \u201eperiodische Bewertungen dar\u00fcber, inwieweit ein Mitgliedstaat seinen Verpflichtungen und Zusagen des Europarats nachkommt\u201c\u201d.<\/p>\n<p>PACE sagte, dass \u201cdie weit verbreitete Anwendung von Kardinalgesetzen, die Zweidrittelmehrheiten erfordern, den politischen Pluralismus stark einschr\u00e4nkt, was das Kennzeichen eines demokratischen Systems ist\u201d Es f\u00fcgte hinzu, dass das derzeitige Wahlsystem \u201ckeine gleichen Wettbewerbsbedingungen gew\u00e4hrleistet, die fairen Wahlen f\u00f6rderlich sind\u201d.<\/p>\n<p>Die Versammlung \u00e4u\u00dferte auch Bedenken, dass Ungarn seit 2020 eine besondere Rechtsordnung anwendet, und sagte, sie \u201cerlaube die Ausl\u00f6sung eines Gefahrenzustands\u201d Solche Anordnungen, so die Versammlung, sollten \u201cstreng notwendig, verh\u00e4ltnism\u00e4\u00dfig und zeitlich begrenzt sein\u201d.<\/p>\n<p>Gleichzeitig nahm die Versammlung 17 \u00c4nderungsantr\u00e4ge zur Kenntnis, die die ungarische Regierung letzten Monat angek\u00fcndigt hatte und die darauf abzielten, die Funktionsweise demokratischer Institutionen zu verbessern, die Transparenz zu erh\u00f6hen und die Regeln f\u00fcr Interessenkonflikte zu versch\u00e4rfen, und forderte die ungarischen Beh\u00f6rden auf, den zust\u00e4ndigen Europarat um eine Stellungnahme zu bitten Experten.<\/p>\n<p><a class=\"dnh-embed-link\" href=\"https:\/\/dailynewshungary.com\/de\/ungarischer-sozialistischer-abgeordneter-fordert-ein-umdenken-im-haushalt-2023\/\"><\/p>\n<div class=\"dnh-embed\">\n<div class=\"dnh-embed-thumb\"><img loading=\"lazy\" decoding=\"async\" width=\"410\" height=\"110\" src=\"https:\/\/contentf5.dailynewshungary.com\/wp-content\/uploads\/2022\/07\/Hungarian-parliament-accepted-2023-budget-410x110.jpg\" class=\"attachment-embed_thumbnail size-embed_thumbnail wp-post-image\" alt=\"Vom ungarischen Parlament angenommener Haushalt 2023\"><\/div>\n<h5 class=\"dnh-embed-title\"><span>Lesen Sie auch<\/span>Ungarischer sozialistischer Abgeordneter fordert ein Umdenken im Haushalt 2023<\/h5>\n<\/div>\n<p><\/a><\/p>\n","protected":false},"excerpt":{"rendered":"<p>Die Parlamentarische Versammlung des Europarats (PACE) hat am Mittwoch unter Berufung auf langj\u00e4hrige Fragen der Rechtsstaatlichkeit und der Demokratie daf\u00fcr gestimmt, Ungarn einem umfassenden \u00dcberwachungsverfahren zu unterziehen. In einem am Mittwoch angenommenen L\u00e4nderbericht hie\u00df es, die genannten Probleme seien \u201cweitgehend unber\u00fccksichtigt geblieben\u201d, teilte PACE in einer Stellungnahme mit. Lesen Sie auchOrb\u00e1n: Eine Hexenjagd gegen Ungarn [&hellip;]<\/p>\n","protected":false},"author":33,"featured_media":683318,"comment_status":"open","ping_status":"open","sticky":false,"template":"","format":"standard","meta":{"_acf_changed":false,"_display_image":"yes","footnotes":""},"categories":[1081],"tags":[1102,1076],"class_list":["post-683317","post","type-post","status-publish","format-standard","has-post-thumbnail","hentry","category-politik","tag-ungarische-regierung","tag-ungarn"],"blocksy_meta":[],"acf":[],"author_username":"ugyelet","telegram_post":"","public_post_metadata":{"breaking_news":"yes","important":"no","csempe":"no","center_tile":"no","disable_thumbnail":"no","target_lang":"","_featured_image_style":"hidden","telegram_post":"","_xlat_group_id":""},"public_rank_math_data":{"title":"%title% %sep% %sitename%","description":"Die Parlamentarische Versammlung des Europarats (PACE) hat am Mittwoch unter Berufung auf langj\u00e4hrige Fragen der Rechtsstaatlichkeit und der Demokratie daf\u00fcr gestimmt, Ungarn einem umfassenden \u00dcberwachungsverfahren zu unterziehen.","focus_keyword":"Ungarn","canonical_url":"","robots":"","primary_category":"1081","breadcrumb_title":"","facebook_title":"","facebook_description":"","facebook_image":"","facebook_image_id":"","twitter_title":"","twitter_description":"","twitter_image":"","twitter_image_id":"","twitter_card_type":"","twitter_use_facebook":"","advanced_robots":"","pillar_content":"","seo_score":"64","contentai_score":"","rich_snippet":""},"_links":{"self":[{"href":"https:\/\/dailynewshungary.com\/de\/wp-json\/wp\/v2\/posts\/683317","targetHints":{"allow":["GET"]}}],"collection":[{"href":"https:\/\/dailynewshungary.com\/de\/wp-json\/wp\/v2\/posts"}],"about":[{"href":"https:\/\/dailynewshungary.com\/de\/wp-json\/wp\/v2\/types\/post"}],"author":[{"embeddable":true,"href":"https:\/\/dailynewshungary.com\/de\/wp-json\/wp\/v2\/users\/33"}],"replies":[{"embeddable":true,"href":"https:\/\/dailynewshungary.com\/de\/wp-json\/wp\/v2\/comments?post=683317"}],"version-history":[{"count":0,"href":"https:\/\/dailynewshungary.com\/de\/wp-json\/wp\/v2\/posts\/683317\/revisions"}],"wp:featuredmedia":[{"embeddable":true,"href":"https:\/\/dailynewshungary.com\/de\/wp-json\/wp\/v2\/media\/683318"}],"wp:attachment":[{"href":"https:\/\/dailynewshungary.com\/de\/wp-json\/wp\/v2\/media?parent=683317"}],"wp:term":[{"taxonomy":"category","embeddable":true,"href":"https:\/\/dailynewshungary.com\/de\/wp-json\/wp\/v2\/categories?post=683317"},{"taxonomy":"post_tag","embeddable":true,"href":"https:\/\/dailynewshungary.com\/de\/wp-json\/wp\/v2\/tags?post=683317"}],"curies":[{"name":"wp","href":"https:\/\/api.w.org\/{rel}","templated":true}]}}