{"id":683385,"date":"2022-10-12T00:04:00","date_gmt":"2022-10-11T22:04:00","guid":{"rendered":"https:\/\/dailynewshungary.com\/de\/ungarischer-ukw-schwere-globale-sicherheitsherausforderungen-konnen-aus-der-eskalation-des-krieges-resultieren\/"},"modified":"2022-10-12T00:04:00","modified_gmt":"2022-10-11T22:04:00","slug":"ungarischer-ukw-schwere-globale-sicherheitsherausforderungen-konnen-aus-der-eskalation-des-krieges-resultieren","status":"publish","type":"post","link":"https:\/\/dailynewshungary.com\/de\/ungarischer-ukw-schwere-globale-sicherheitsherausforderungen-konnen-aus-der-eskalation-des-krieges-resultieren\/","title":{"rendered":"Ungarischer UKW: \u201eSchwere\u2019 globale Sicherheitsherausforderungen k\u00f6nnen aus der Eskalation des Krieges resultieren"},"content":{"rendered":"<p><strong>Ernsthafte globale Sicherheitsherausforderungen sind wahrscheinlich, wenn der Krieg in der Ukraine weiter eskaliert, sagte P\u00e9ter Szijj\u00e1rt\u00f3, der Minister f\u00fcr ausw\u00e4rtige Angelegenheiten und Handel, am Dienstag in Genf, wo er auf einer Sitzung des Exekutivkomitees des Hohen Fl\u00fcchtlingskommissars der Vereinten Nationen sprach.<\/strong><\/p>\n<p>Szijj\u00e1rt\u00f3 sagte, die internationale Gemeinschaft solle Ma\u00dfnahmen vermeiden, die die Spannungen eskalieren lie\u00dfen, und sich stattdessen auf die Friedensschaffung konzentrieren, hei\u00dft es in einer Erkl\u00e4rung des Ministeriums. Europas aktuelle Sicherheitsherausforderungen seien seit dem Zweiten Weltkrieg \u201eunvergleichlich\u201cund L\u00e4nder in der N\u00e4he des Krieges wie Ungarn h\u00e4tten ihre Auswirkungen st\u00e4rker gesp\u00fcrt als L\u00e4nder in gr\u00f6\u00dferer Entfernung davon.<\/p>\n<p>Er forderte einen sofortigen Waffenstillstand und Friedensgespr\u00e4che und f\u00fcgte hinzu, dass sich die internationale Gemeinschaft auf die L\u00f6sung des Konflikts mit diplomatischen Mitteln konzentrieren sollte \u201cWenn alles so weitergeht, wie es ist, werden wir Probleme von unvorstellbarer Schwere haben\u201d, sagte der Minister.<\/p>\n<ul>\n<li>Lesen Sie auch: <a href=\"https:\/\/dailynewshungary.com\/de\/mussen-wir-uns-aufgrund-hoher-nebenkostenabrechnungen-vom-kinobesuch-verabschieden\/\">M\u00fcssen wir uns aufgrund hoher Nebenkostenabrechnungen vom Kinobesuch verabschieden?<\/a><\/li>\n<\/ul>\n<p>Seit Jahresbeginn h\u00e4tten die ungarischen Beh\u00f6rden mehr als 200.000 illegale Grenz\u00fcbertrittsversuche verhindert, sagte er und f\u00fcgte hinzu, dass die Intensit\u00e4t der Gewalt an der Grenze \u201cein neues Niveau erreicht habe\u201d Die Zahl der Fl\u00fcchtlinge und illegalen Migranten w\u00fcrde weiter rapide steigen, wenn sich der Krieg versch\u00e4rfe, sagte er unter Berufung auf eine m\u00f6gliche Versch\u00e4rfung der globalen Nahrungsmittelkrise.<\/p>\n<p>\u201cWir lassen alle aus der Ukraine herein, aber wir sch\u00fctzen auch die Sicherheit Ungarns und Europas, indem wir aggressive und gewaltt\u00e4tige illegale Migranten fernhalten\u201d, sagte er und f\u00fcgte hinzu, dass Ungarn bisher 1,5 Millionen Fl\u00fcchtlinge aufgenommen und den im Land Verbliebenen Arbeit, Bildung und Gesundheitsversorgung geboten habe.<\/p>\n","protected":false},"excerpt":{"rendered":"<p>Ernsthafte globale Sicherheitsherausforderungen sind wahrscheinlich, wenn der Krieg in der Ukraine weiter eskaliert, sagte P\u00e9ter Szijj\u00e1rt\u00f3, der Minister f\u00fcr ausw\u00e4rtige Angelegenheiten und Handel, am Dienstag in Genf, wo er auf einer Sitzung des Exekutivkomitees des Hohen Fl\u00fcchtlingskommissars der Vereinten Nationen sprach. Szijj\u00e1rt\u00f3 sagte, die internationale Gemeinschaft solle Ma\u00dfnahmen vermeiden, die die Spannungen eskalieren lie\u00dfen, und [&hellip;]<\/p>\n","protected":false},"author":33,"featured_media":683386,"comment_status":"open","ping_status":"open","sticky":false,"template":"","format":"standard","meta":{"_acf_changed":false,"_display_image":"yes","footnotes":""},"categories":[1081],"tags":[1470,1084,1092,1076],"class_list":["post-683385","post","type-post","status-publish","format-standard","has-post-thumbnail","hentry","category-politik","tag-ausenministerium-fur-ungarn","tag-krieg-in-der-ukraine","tag-ukraine","tag-ungarn"],"blocksy_meta":[],"acf":[],"author_username":"ugyelet","telegram_post":"","public_post_metadata":{"breaking_news":"yes","important":"no","csempe":"no","center_tile":"no","disable_thumbnail":"no","target_lang":"","_featured_image_style":"hidden","telegram_post":"","_xlat_group_id":""},"public_rank_math_data":{"title":"%title% %sep% %sitename%","description":"Ernsthafte globale Sicherheitsherausforderungen seien wahrscheinlich, wenn der Krieg in der Ukraine weiter eskaliere, sagte Peter Szijj\u00e1rt\u00f3.","focus_keyword":"Globale Sicherheitsherausforderungen","canonical_url":"","robots":"","primary_category":"1081","breadcrumb_title":"","facebook_title":"","facebook_description":"","facebook_image":"","facebook_image_id":"","twitter_title":"","twitter_description":"","twitter_image":"","twitter_image_id":"","twitter_card_type":"","twitter_use_facebook":"","advanced_robots":"","pillar_content":"","seo_score":"60","contentai_score":"","rich_snippet":""},"_links":{"self":[{"href":"https:\/\/dailynewshungary.com\/de\/wp-json\/wp\/v2\/posts\/683385","targetHints":{"allow":["GET"]}}],"collection":[{"href":"https:\/\/dailynewshungary.com\/de\/wp-json\/wp\/v2\/posts"}],"about":[{"href":"https:\/\/dailynewshungary.com\/de\/wp-json\/wp\/v2\/types\/post"}],"author":[{"embeddable":true,"href":"https:\/\/dailynewshungary.com\/de\/wp-json\/wp\/v2\/users\/33"}],"replies":[{"embeddable":true,"href":"https:\/\/dailynewshungary.com\/de\/wp-json\/wp\/v2\/comments?post=683385"}],"version-history":[{"count":0,"href":"https:\/\/dailynewshungary.com\/de\/wp-json\/wp\/v2\/posts\/683385\/revisions"}],"wp:featuredmedia":[{"embeddable":true,"href":"https:\/\/dailynewshungary.com\/de\/wp-json\/wp\/v2\/media\/683386"}],"wp:attachment":[{"href":"https:\/\/dailynewshungary.com\/de\/wp-json\/wp\/v2\/media?parent=683385"}],"wp:term":[{"taxonomy":"category","embeddable":true,"href":"https:\/\/dailynewshungary.com\/de\/wp-json\/wp\/v2\/categories?post=683385"},{"taxonomy":"post_tag","embeddable":true,"href":"https:\/\/dailynewshungary.com\/de\/wp-json\/wp\/v2\/tags?post=683385"}],"curies":[{"name":"wp","href":"https:\/\/api.w.org\/{rel}","templated":true}]}}