{"id":683395,"date":"2022-10-11T21:34:00","date_gmt":"2022-10-11T19:34:00","guid":{"rendered":"https:\/\/dailynewshungary.com\/de\/ungarisches-fm-zusammenarbeit-mit-nachbarn-in-der-aktuellen-situation-noch-wertvoller\/"},"modified":"2022-10-11T21:34:00","modified_gmt":"2022-10-11T19:34:00","slug":"ungarisches-fm-zusammenarbeit-mit-nachbarn-in-der-aktuellen-situation-noch-wertvoller","status":"publish","type":"post","link":"https:\/\/dailynewshungary.com\/de\/ungarisches-fm-zusammenarbeit-mit-nachbarn-in-der-aktuellen-situation-noch-wertvoller\/","title":{"rendered":"Ungarisches FM: Zusammenarbeit mit Nachbarn in der aktuellen Situation noch wertvoller"},"content":{"rendered":"<p><strong>Die vorhersehbare Zusammenarbeit mit Nachbarn, die auf gegenseitigem Respekt basiert, werde in der aktuellen Krisensituation noch wertvoller, sagte Au\u00dfenminister P\u00e9ter Szijj\u00e1rt\u00f3 am Dienstag und f\u00fcgte hinzu, dass die Beziehungen zwischen Ungarn und Slowenien f\u00fcr beide Seiten \u00e4u\u00dferst n\u00fctzlich seien.<\/strong><\/p>\n<p>Das Ministerium zitierte Szijj\u00e1rt\u00f3, als es auf einer gemeinsamen Pressekonferenz mit dem slowenischen Minister f\u00fcr wirtschaftliche Entwicklung und Technologie Matjaz Han sagte, dass die Preise infolge des Ukraine-Krieges und der Sanktionen, die eine Rezession in Europa drohten, in die H\u00f6he geschossen seien. Umso wichtiger sei es, \u00fcber die Entwicklung der wirtschaftlichen Zusammenarbeit zu diskutieren, sagte er.<\/p>\n<p>Szijj\u00e1rt\u00f3 lobte die Beziehungen zwischen Ungarn und Slowenien und sagte, die Seiten planten, sie durch gegenseitige Unterst\u00fctzung von Investitionen in den L\u00e4ndern des jeweils anderen Landes weiterzuentwickeln, was erheblich zur Aufrechterhaltung des Wirtschaftswachstums beitragen k\u00f6nne. Er f\u00fcgte hinzu, dass die Grundlagen solide seien, da der bilaterale Handelsumsatz im vergangenen Jahr nahe an 3 Milliarden Euro gestiegen sei und in den ersten sechs Monaten dieses Jahres um 30 Prozent gestiegen sei.<\/p>\n<ul>\n<li>Lesen Sie auch: <a href=\"https:\/\/dailynewshungary.com\/de\/lohne-in-euro-eine-mogliche-alternative-in-ungarn\/\">L\u00f6hne in Euro: eine m\u00f6gliche Alternative in Ungarn?<\/a><\/li>\n<\/ul>\n<p>Bestimmte gro\u00dfe ungarische Unternehmen seien zu regionalen Akteuren geworden, wie MOL, OTP und Wizz Air, sagte erDie ersten beiden Unternehmen sollen die gr\u00f6\u00dften Teilnehmer in ihren jeweiligen M\u00e4rkten werden und Wizz Air entwickelt ein Drehkreuz in Slowenien, f\u00fcgte er hinzu.<\/p>\n<p>Er sagte auch, dass im Dreieck Zalaegerszeg-Graz-Maribor eine internationale Testumgebung f\u00fcr selbstfahrende Fahrzeuge entwickelt wurde, die zu einem Wettbewerbsvorteil f\u00fchren wird. Die Zusammenarbeit zwischen Ungarn und Slowenien tr\u00e4gt zur Energiesicherheit zwischen den beiden L\u00e4ndern bei, da ihre miteinander verbundenen Stromnetze seit Juni problemlos im Testmodus betrieben werden.<\/p>\n<p>Er begr\u00fc\u00dfte die regionale Stromb\u00f6rse, die bis Ende dieses Jahres unter Beteiligung Ungarns, Sloweniens und Serbiens eingerichtet werden soll und die seiner Meinung nach zu niedrigeren Preisen f\u00fchren k\u00f6nnte. Die aktuelle Rezession wird nicht durch wirtschaftliche Probleme, sondern durch Sicherheitsherausforderungen verursacht und Ungarn ist entschlossen, eine \u201elokale Ausnahme\u201czu sein\u201d in einer Situation, die mit einer kontinentalen Rezession droht, sagte er.<\/p>\n<ul>\n<li>Lesen Sie auch: <a href=\"https:\/\/dailynewshungary.com\/de\/fotos-hallo-diktator-demonstration-gegen-viktor-orban-in-berlin\/\">FOTOS: Hallo, Diktator! Demonstration gegen Viktor Orb\u00e1n in Berlin<\/a><\/li>\n<\/ul>\n<p>Auf eine Frage antwortete er, die Eskalation der Lage in der Ukraine gehe eindeutig in eine gef\u00e4hrliche Richtung und \u201cwir sind in allerletzter Minute, um die Ereignisse zur\u00fcckzudrehen\u201d \u201cAnstelle von Bem\u00fchungen, die eine Eskalation und den Einsatz von Kriegsrhetorik zur Folge haben, ist es h\u00f6chste Zeit, dass Europa den Fokus verlagert und alle Anstrengungen auf die Schaffung von Frieden konzentriert,\u201d, f\u00fcgte er hinzu.<\/p>\n<p>Er sagte, er werde am Donnerstag an Veranstaltungen der Russland-Energiewoche teilnehmen, um \u00fcber die Bedeutung des Friedens zu sprechen und sicherzustellen, dass Ungarn keine Probleme mit der Energieversorgung habe. \u201eWer mich daf\u00fcr kritisiert, will nicht, dass der Frieden zur\u00fcckkehrt.\u201cUnd es ist ihnen egal, sicherzustellen, dass die Ungarn ihre Energieversorgung erhalten\u201d, f\u00fcgte er hinzu.<\/p>\n","protected":false},"excerpt":{"rendered":"<p>Die vorhersehbare Zusammenarbeit mit Nachbarn, die auf gegenseitigem Respekt basiert, werde in der aktuellen Krisensituation noch wertvoller, sagte Au\u00dfenminister P\u00e9ter Szijj\u00e1rt\u00f3 am Dienstag und f\u00fcgte hinzu, dass die Beziehungen zwischen Ungarn und Slowenien f\u00fcr beide Seiten \u00e4u\u00dferst n\u00fctzlich seien. Das Ministerium zitierte Szijj\u00e1rt\u00f3, als es auf einer gemeinsamen Pressekonferenz mit dem slowenischen Minister f\u00fcr wirtschaftliche [&hellip;]<\/p>\n","protected":false},"author":33,"featured_media":683396,"comment_status":"open","ping_status":"open","sticky":false,"template":"","format":"standard","meta":{"_acf_changed":false,"_display_image":"yes","footnotes":""},"categories":[1081],"tags":[1169,1824,1209,1739,1076],"class_list":["post-683395","post","type-post","status-publish","format-standard","has-post-thumbnail","hentry","category-politik","tag-aussenministerium-von-ungarn","tag-energie-2","tag-russland","tag-slowenien","tag-ungarn"],"blocksy_meta":[],"acf":[],"author_username":"ugyelet","telegram_post":"","public_post_metadata":{"breaking_news":"yes","important":"no","csempe":"no","center_tile":"no","disable_thumbnail":"no","target_lang":"","_featured_image_style":"hidden","telegram_post":"","_xlat_group_id":""},"public_rank_math_data":{"title":"%title% %sep% %sitename%","description":"Die auf gegenseitigem Respekt basierende Zusammenarbeit mit Nachbarn werde in der aktuellen Krisensituation noch wertvoller, sagte P\u00e9ter Szijj\u00e1rt\u00f3.","focus_keyword":"Zusammenarbeit","canonical_url":"","robots":"","primary_category":"1081","breadcrumb_title":"","facebook_title":"","facebook_description":"","facebook_image":"","facebook_image_id":"","twitter_title":"","twitter_description":"","twitter_image":"","twitter_image_id":"","twitter_card_type":"","twitter_use_facebook":"","advanced_robots":"","pillar_content":"","seo_score":"62","contentai_score":"","rich_snippet":""},"_links":{"self":[{"href":"https:\/\/dailynewshungary.com\/de\/wp-json\/wp\/v2\/posts\/683395","targetHints":{"allow":["GET"]}}],"collection":[{"href":"https:\/\/dailynewshungary.com\/de\/wp-json\/wp\/v2\/posts"}],"about":[{"href":"https:\/\/dailynewshungary.com\/de\/wp-json\/wp\/v2\/types\/post"}],"author":[{"embeddable":true,"href":"https:\/\/dailynewshungary.com\/de\/wp-json\/wp\/v2\/users\/33"}],"replies":[{"embeddable":true,"href":"https:\/\/dailynewshungary.com\/de\/wp-json\/wp\/v2\/comments?post=683395"}],"version-history":[{"count":0,"href":"https:\/\/dailynewshungary.com\/de\/wp-json\/wp\/v2\/posts\/683395\/revisions"}],"wp:featuredmedia":[{"embeddable":true,"href":"https:\/\/dailynewshungary.com\/de\/wp-json\/wp\/v2\/media\/683396"}],"wp:attachment":[{"href":"https:\/\/dailynewshungary.com\/de\/wp-json\/wp\/v2\/media?parent=683395"}],"wp:term":[{"taxonomy":"category","embeddable":true,"href":"https:\/\/dailynewshungary.com\/de\/wp-json\/wp\/v2\/categories?post=683395"},{"taxonomy":"post_tag","embeddable":true,"href":"https:\/\/dailynewshungary.com\/de\/wp-json\/wp\/v2\/tags?post=683395"}],"curies":[{"name":"wp","href":"https:\/\/api.w.org\/{rel}","templated":true}]}}