{"id":683429,"date":"2022-10-10T21:58:49","date_gmt":"2022-10-10T19:58:49","guid":{"rendered":"https:\/\/dailynewshungary.com\/de\/ungarischer-minister-wird-der-einzige-eu-teilnehmer-an-einer-energiekonferenz-in-moskau-sein\/"},"modified":"2022-10-10T21:58:49","modified_gmt":"2022-10-10T19:58:49","slug":"ungarischer-minister-wird-der-einzige-eu-teilnehmer-an-einer-energiekonferenz-in-moskau-sein","status":"publish","type":"post","link":"https:\/\/dailynewshungary.com\/de\/ungarischer-minister-wird-der-einzige-eu-teilnehmer-an-einer-energiekonferenz-in-moskau-sein\/","title":{"rendered":"Ungarischer Minister wird der einzige EU-Teilnehmer an einer Energiekonferenz in Moskau sein"},"content":{"rendered":"<p><strong>Minister P\u00e9ter Szijj\u00e1rt\u00f3 wird am Donnerstag in Moskau an einer Podiumsdiskussion mit dem Titel \u201eGlobale Energietrends: heute und morgen\u201cteilnehmen <a href=\"https:\/\/444.hu\/2022\/10\/10\/moszkvai-energiakonferenican-lep-fel-szijjarto-peter-szankcios-listan-levo-oroszokkal-fog-beszelgetni\" target=\"_blank\" rel=\"noopener\">444.hu<\/a> Notiert hat.<\/strong><\/p>\n<p>Dem Papier zufolge sollen dem Au\u00dfenminister der stellvertretende russische Premierminister und die Leiter der russischen Unternehmen Gazprom Neft, Novatek und VEB.RF beitreten. In dem Artikel hei\u00dft es, dass sie alle auf verschiedenen westlichen Sanktionslisten stehen.<\/p>\n<p>Was in der Diskussion, an der auch Szijj\u00e1rt\u00f3 teilnehmen wird, besprochen wird, l\u00e4sst sich auch aus dem Programm ableiten Darin hei\u00dft es,<\/p>\n<blockquote>\n<p>Einige L\u00e4nder und Koalitionen versch\u00e4rfen die geopolitische Lage, indem sie den Zugang zu Energie mit internationalen politischen Beziehungen verkn\u00fcpfen.2022 wird sich dieser Druck verst\u00e4rken (..)<\/p>\n<\/blockquote>\n<p>Nach 444 werden Fragen wie die, ob die derzeitigen \u201cgeopolitischen Turbulenzen\u201d zu einer Verlangsamung der Energieversorgung gef\u00fchrt haben und was russische Unternehmen tun k\u00f6nnen, um ihre Interessen durchzusetzen, zu den Fragen geh\u00f6ren, die beantwortet werden.<\/p>\n<ul>\n<li>Lesen Sie auch: <a href=\"https:\/\/dailynewshungary.com\/de\/ein-weiterer-gefallen-aus-moskau-ungarn-erhalt-eine-zahlungsverlangerung-mit-gazprom\/\">Ein weiterer Gefallen aus Moskau, Ungarn, erh\u00e4lt eine Zahlungsverl\u00e4ngerung mit Gazprom<\/a><\/li>\n<\/ul>\n<p>Szijj\u00e1rt\u00f3 wird der einzige EU-Teilnehmer am vollst\u00e4ndigen Konferenzprogramm sein. Die meisten Redner werden russische Politiker und Gesch\u00e4ftsleute sein, mit einem t\u00fcrkischen Minister und G\u00e4sten aus Afrika und Asien.<\/p>\n<p>Der ungarische Au\u00dfenminister war letztes Jahr bei der Veranstaltung.<\/p>\n<p><a class=\"dnh-embed-link\" href=\"https:\/\/dailynewshungary.com\/de\/schweden-und-finnland-befurchten-dass-ungarn-sein-veto-gegen-seinen-nato-beitritt-einlegen-wird\/\"><\/a><\/p>\n<p><a class=\"dnh-embed-link\" href=\"https:\/\/dailynewshungary.com\/de\/schweden-und-finnland-befurchten-dass-ungarn-sein-veto-gegen-seinen-nato-beitritt-einlegen-wird\/\"><\/p>\n<div class=\"dnh-embed\">\n<div class=\"dnh-embed-thumb\"><img loading=\"lazy\" decoding=\"async\" width=\"1025\" height=\"450\" src=\"https:\/\/contentf5.dailynewshungary.com\/wp-content\/uploads\/2022\/09\/Orban-parliament-1025x450.jpg\" class=\"attachment-embed_thumbnail size-embed_thumbnail wp-post-image\" alt=\"Orb\u00e1n-parlament\"><\/div>\n<h5 class=\"dnh-embed-title\"><span>Lesen Sie auch<\/span>Schweden und Finnland bef\u00fcrchten, dass Ungarn sein Veto gegen seinen NATO-Beitritt einlegen wird<\/h5>\n<\/div>\n<p><\/a><\/p>\n<p><a class=\"dnh-embed-link\" href=\"https:\/\/dailynewshungary.com\/de\/schweden-und-finnland-befurchten-dass-ungarn-sein-veto-gegen-seinen-nato-beitritt-einlegen-wird\/\"><\/a><\/p>\n","protected":false},"excerpt":{"rendered":"<p>Minister P\u00e9ter Szijj\u00e1rt\u00f3 wird am Donnerstag in Moskau an einer Podiumsdiskussion mit dem Titel \u201eGlobale Energietrends: heute und morgen\u201cteilnehmen 444.hu Notiert hat. Dem Papier zufolge sollen dem Au\u00dfenminister der stellvertretende russische Premierminister und die Leiter der russischen Unternehmen Gazprom Neft, Novatek und VEB.RF beitreten. In dem Artikel hei\u00dft es, dass sie alle auf verschiedenen westlichen [&hellip;]<\/p>\n","protected":false},"author":2,"featured_media":683430,"comment_status":"open","ping_status":"open","sticky":false,"template":"","format":"standard","meta":{"_acf_changed":false,"_display_image":"yes","footnotes":""},"categories":[1081],"tags":[1169,1824,1209,1076],"class_list":["post-683429","post","type-post","status-publish","format-standard","has-post-thumbnail","hentry","category-politik","tag-aussenministerium-von-ungarn","tag-energie-2","tag-russland","tag-ungarn"],"blocksy_meta":[],"acf":[],"author_username":"alk","telegram_post":"","public_post_metadata":{"breaking_news":"yes","important":"no","csempe":"no","center_tile":"no","disable_thumbnail":"no","target_lang":"","_featured_image_style":"hidden","telegram_post":"","_xlat_group_id":""},"public_rank_math_data":{"title":"%title% %sep% %sitename%","description":"Minister P\u00e9ter Szijj\u00e1rt\u00f3 wird am Donnerstag in Moskau an einer Podiumsdiskussion mit dem Titel \u201eGlobale Energietrends: heute und morgen\" teilnehmen","focus_keyword":"Moskau","canonical_url":"","robots":"","primary_category":"1081","breadcrumb_title":"","facebook_title":"","facebook_description":"","facebook_image":"","facebook_image_id":"","twitter_title":"","twitter_description":"","twitter_image":"","twitter_image_id":"","twitter_card_type":"","twitter_use_facebook":"","advanced_robots":"","pillar_content":"","seo_score":"67","contentai_score":"","rich_snippet":""},"_links":{"self":[{"href":"https:\/\/dailynewshungary.com\/de\/wp-json\/wp\/v2\/posts\/683429","targetHints":{"allow":["GET"]}}],"collection":[{"href":"https:\/\/dailynewshungary.com\/de\/wp-json\/wp\/v2\/posts"}],"about":[{"href":"https:\/\/dailynewshungary.com\/de\/wp-json\/wp\/v2\/types\/post"}],"author":[{"embeddable":true,"href":"https:\/\/dailynewshungary.com\/de\/wp-json\/wp\/v2\/users\/2"}],"replies":[{"embeddable":true,"href":"https:\/\/dailynewshungary.com\/de\/wp-json\/wp\/v2\/comments?post=683429"}],"version-history":[{"count":0,"href":"https:\/\/dailynewshungary.com\/de\/wp-json\/wp\/v2\/posts\/683429\/revisions"}],"wp:featuredmedia":[{"embeddable":true,"href":"https:\/\/dailynewshungary.com\/de\/wp-json\/wp\/v2\/media\/683430"}],"wp:attachment":[{"href":"https:\/\/dailynewshungary.com\/de\/wp-json\/wp\/v2\/media?parent=683429"}],"wp:term":[{"taxonomy":"category","embeddable":true,"href":"https:\/\/dailynewshungary.com\/de\/wp-json\/wp\/v2\/categories?post=683429"},{"taxonomy":"post_tag","embeddable":true,"href":"https:\/\/dailynewshungary.com\/de\/wp-json\/wp\/v2\/tags?post=683429"}],"curies":[{"name":"wp","href":"https:\/\/api.w.org\/{rel}","templated":true}]}}