{"id":683522,"date":"2022-10-07T21:45:00","date_gmt":"2022-10-07T19:45:00","guid":{"rendered":"https:\/\/dailynewshungary.com\/de\/ungarisches-fm-die-eu-integration-des-westbalkans-zu-behindern-ist-ein-sicherheitsrisiko\/"},"modified":"2022-10-07T21:45:00","modified_gmt":"2022-10-07T19:45:00","slug":"ungarisches-fm-die-eu-integration-des-westbalkans-zu-behindern-ist-ein-sicherheitsrisiko","status":"publish","type":"post","link":"https:\/\/dailynewshungary.com\/de\/ungarisches-fm-die-eu-integration-des-westbalkans-zu-behindern-ist-ein-sicherheitsrisiko\/","title":{"rendered":"Ungarisches FM: Die EU-Integration des Westbalkans zu behindern, ist ein Sicherheitsrisiko"},"content":{"rendered":"<p><strong>War die Verz\u00f6gerung der Erweiterung der Europ\u00e4ischen Union auf dem Westbalkan nicht mehr als \u201cverpasste Chancen\u201d fr\u00fcher, so \u201cgibt sie angesichts des Ukraine-Krieges nun ein Sicherheitsrisiko\u201d, sagte Au\u00dfenminister P\u00e9ter Szijj\u00e1rt\u00f3 am Freitag in Montenegro.<\/strong><\/p>\n<p>Die Integration des Westbalkans sei f\u00fcr die St\u00e4rkung eines maroden Europas von entscheidender Bedeutung, zitierte das Au\u00dfenministerium Szijj\u00e1rt\u00f3 auf dem j\u00e4hrlichen 2BS-Forum (To Be Secure) in Budva.<\/p>\n<p>\u201cJetzt braucht die Europ\u00e4ische Union den Westbalkan mehr als umgekehrt\u201d, sagte der Minister, auf eine Frage zu einem anderen Thema antwortete Szijj\u00e1rt\u00f3, die ungarische Regierung betrachte von der EU ausgesetzte Mittel nicht als \u201chumanit\u00e4re Hilfe\u201d und beharrte darauf, dass \u201cdiese Mittel aus europ\u00e4ischen Beitr\u00e4gen bestehen, auch denen der Ungarn, deshalb sind sie uns teilweise schuldig\u201d.<\/p>\n<p>Er sagte, die Gelder seien \u201crein aus politischen Gr\u00fcnden\u201d ausgesetzt worden, die darauf zur\u00fcckzuf\u00fchren seien, dass \u201cUngarn erfolgreich sei, obwohl es sich in einigen wichtigen Fragen gegen den Mainstream gestellt habe\u201d Er bestand auch darauf, dass \u201cdas Land seine Erfolge nicht h\u00e4tte erzielen k\u00f6nnen, wenn Korruption systemisch w\u00e4re\u201d.<\/p>\n","protected":false},"excerpt":{"rendered":"<p>War die Verz\u00f6gerung der Erweiterung der Europ\u00e4ischen Union auf dem Westbalkan nicht mehr als \u201cverpasste Chancen\u201d fr\u00fcher, so \u201cgibt sie angesichts des Ukraine-Krieges nun ein Sicherheitsrisiko\u201d, sagte Au\u00dfenminister P\u00e9ter Szijj\u00e1rt\u00f3 am Freitag in Montenegro. Die Integration des Westbalkans sei f\u00fcr die St\u00e4rkung eines maroden Europas von entscheidender Bedeutung, zitierte das Au\u00dfenministerium Szijj\u00e1rt\u00f3 auf dem j\u00e4hrlichen [&hellip;]<\/p>\n","protected":false},"author":33,"featured_media":683523,"comment_status":"open","ping_status":"open","sticky":false,"template":"","format":"standard","meta":{"_acf_changed":false,"_display_image":"yes","footnotes":""},"categories":[1081],"tags":[1470,1243,1082,1076],"class_list":["post-683522","post","type-post","status-publish","format-standard","has-post-thumbnail","hentry","category-politik","tag-ausenministerium-fur-ungarn","tag-balkan","tag-europaische-union","tag-ungarn"],"blocksy_meta":[],"acf":[],"author_username":"ugyelet","telegram_post":"","public_post_metadata":{"breaking_news":"yes","important":"no","csempe":"no","center_tile":"no","disable_thumbnail":"no","target_lang":"","_featured_image_style":"hidden","telegram_post":"","_xlat_group_id":""},"public_rank_math_data":{"title":"%title% %sep% %sitename%","description":"Die Verz\u00f6gerung der Erweiterung der Europ\u00e4ischen Union auf dem Westbalkan \"birgt nun ein Sicherheitsrisiko\", sagte Szijj\u00e1rt\u00f3.","focus_keyword":"Westlicher Balkan","canonical_url":"","robots":"","primary_category":"1081","breadcrumb_title":"","facebook_title":"","facebook_description":"","facebook_image":"","facebook_image_id":"","twitter_title":"","twitter_description":"","twitter_image":"","twitter_image_id":"","twitter_card_type":"","twitter_use_facebook":"","advanced_robots":"","pillar_content":"","seo_score":"61","contentai_score":"","rich_snippet":""},"_links":{"self":[{"href":"https:\/\/dailynewshungary.com\/de\/wp-json\/wp\/v2\/posts\/683522","targetHints":{"allow":["GET"]}}],"collection":[{"href":"https:\/\/dailynewshungary.com\/de\/wp-json\/wp\/v2\/posts"}],"about":[{"href":"https:\/\/dailynewshungary.com\/de\/wp-json\/wp\/v2\/types\/post"}],"author":[{"embeddable":true,"href":"https:\/\/dailynewshungary.com\/de\/wp-json\/wp\/v2\/users\/33"}],"replies":[{"embeddable":true,"href":"https:\/\/dailynewshungary.com\/de\/wp-json\/wp\/v2\/comments?post=683522"}],"version-history":[{"count":0,"href":"https:\/\/dailynewshungary.com\/de\/wp-json\/wp\/v2\/posts\/683522\/revisions"}],"wp:featuredmedia":[{"embeddable":true,"href":"https:\/\/dailynewshungary.com\/de\/wp-json\/wp\/v2\/media\/683523"}],"wp:attachment":[{"href":"https:\/\/dailynewshungary.com\/de\/wp-json\/wp\/v2\/media?parent=683522"}],"wp:term":[{"taxonomy":"category","embeddable":true,"href":"https:\/\/dailynewshungary.com\/de\/wp-json\/wp\/v2\/categories?post=683522"},{"taxonomy":"post_tag","embeddable":true,"href":"https:\/\/dailynewshungary.com\/de\/wp-json\/wp\/v2\/tags?post=683522"}],"curies":[{"name":"wp","href":"https:\/\/api.w.org\/{rel}","templated":true}]}}